{"id":52699,"date":"2026-03-29T06:59:21","date_gmt":"2026-03-29T09:59:21","guid":{"rendered":"https:\/\/justicapotiguar.com.br\/?p=52699"},"modified":"2026-03-29T07:04:28","modified_gmt":"2026-03-29T10:04:28","slug":"plano-de-saude-deve-incluir-recem-nascido-com-cardiopatia-como-dependente","status":"publish","type":"post","link":"https:\/\/justicapotiguar.com.br\/index.php\/2026\/03\/29\/plano-de-saude-deve-incluir-recem-nascido-com-cardiopatia-como-dependente\/","title":{"rendered":"Plano de sa\u00fade deve incluir rec\u00e9m-nascido com cardiopatia como dependente"},"content":{"rendered":"\n<figure class=\"wp-block-image size-large\"><img loading=\"lazy\" width=\"1024\" height=\"1024\" src=\"https:\/\/justicapotiguar.com.br\/wp-content\/uploads\/2026\/03\/bebe-1024x1024.jpg\" alt=\"\" class=\"wp-image-52701\" srcset=\"https:\/\/justicapotiguar.com.br\/wp-content\/uploads\/2026\/03\/bebe-1024x1024.jpg 1024w, https:\/\/justicapotiguar.com.br\/wp-content\/uploads\/2026\/03\/bebe-300x300.jpg 300w, https:\/\/justicapotiguar.com.br\/wp-content\/uploads\/2026\/03\/bebe-150x150.jpg 150w, https:\/\/justicapotiguar.com.br\/wp-content\/uploads\/2026\/03\/bebe-768x768.jpg 768w, https:\/\/justicapotiguar.com.br\/wp-content\/uploads\/2026\/03\/bebe-1536x1536.jpg 1536w, https:\/\/justicapotiguar.com.br\/wp-content\/uploads\/2026\/03\/bebe-2048x2048.jpg 2048w\" sizes=\"(max-width: 1024px) 100vw, 1024px\" \/><figcaption>Foto: Freepik<\/figcaption><\/figure>\n\n\n\n<p>Rec\u00e9m-nascido diagnosticado com cardiopatia cong\u00eanita grave dever\u00e1 ser inclu\u00eddo como dependente em plano de sa\u00fade.<\/p>\n\n\n\n<p>A determina\u00e7\u00e3o foi concedida em car\u00e1ter liminar pela ju\u00edza Flavia Poyares Miranda, da 28\u00aa vara C\u00edvel do Foro Central C\u00edvel de SP, ao reconhecer abusividade na recusa e risco \u00e0 vida diante de interna\u00e7\u00e3o em UTI.<\/p>\n\n\n\n<p>Ap\u00f3s o nascimento do beb\u00ea, foi constatado quadro grave de sa\u00fade, com diagn\u00f3stico de cardiopatia cong\u00eanita. O rec\u00e9m-nascido passou por cirurgia logo ap\u00f3s o parto e permanecia internado na UTI, sem previs\u00e3o de alta.<\/p>\n\n\n\n<p>Diante desse cen\u00e1rio, a respons\u00e1vel solicitou \u00e0 operadora a inclus\u00e3o do menor como dependente no plano de sa\u00fade, mas o pedido foi negado sob a alega\u00e7\u00e3o de que o contrato n\u00e3o permitiria \u201cagregados\u201d.<\/p>\n\n\n\n<p>Segundo os autos, a cobertura inicial garantida ao beb\u00ea estava pr\u00f3xima do fim, o que poderia resultar na interrup\u00e7\u00e3o do tratamento em curso. Diante da negativa, foi ajuizada a\u00e7\u00e3o com pedido liminar, sob o argumento de que a recusa era abusiva e contrariava as cl\u00e1usulas contratuais.<\/p>\n\n\n\n<p>Ao analisar a a\u00e7\u00e3o, a magistrada afastou a justificativa de que o contrato n\u00e3o permitiria a inclus\u00e3o de dependentes, por entender que a recusa destoava do pr\u00f3prio instrumento contratual.<\/p><div class=\"tyfgo69ee78e670006\" ><!--<a href=\"https:\/\/bit.ly\/3QdrqTZ\" target=\"_blank\">\n<img src=\"https:\/\/justicapotiguar.com.br\/wp-content\/uploads\/2023\/09\/mobile-geral.gif\"\/><a\/>--><\/div><style type=\"text\/css\">\r\n.tyfgo69ee78e670006 {\r\ntext-align: center;\r\n}\r\n@media screen and (min-width: 1201px) {\r\n.tyfgo69ee78e670006 {\r\ndisplay: none;\r\n}\r\n}\r\n@media screen and (min-width: 993px) and (max-width: 1200px) {\r\n.tyfgo69ee78e670006 {\r\ndisplay: none;\r\n}\r\n}\r\n@media screen and (min-width: 769px) and (max-width: 992px) {\r\n.tyfgo69ee78e670006 {\r\ndisplay: none;\r\n}\r\n}\r\n@media screen and (min-width: 768px) and (max-width: 768px) {\r\n.tyfgo69ee78e670006 {\r\ndisplay: block;\r\n}\r\n}\r\n@media screen and (max-width: 767px) {\r\n.tyfgo69ee78e670006 {\r\ndisplay: block;\r\n}\r\n}\r\n<\/style>\r\n<div class=\"susaw69ee78e66ffea\" ><!--<a href=\"https:\/\/bit.ly\/3QdrqTZ\" target=\"_blank\">\n<img src=\"https:\/\/justicapotiguar.com.br\/wp-content\/uploads\/2023\/09\/desktop-geral.gif\"\/><a\/>--><\/div><style type=\"text\/css\">\r\n.susaw69ee78e66ffea {\r\ntext-align: center;\nmargin-bottom: 1em;\r\n}\r\n@media screen and (min-width: 1201px) {\r\n.susaw69ee78e66ffea {\r\ndisplay: block;\r\n}\r\n}\r\n@media screen and (min-width: 993px) and (max-width: 1200px) {\r\n.susaw69ee78e66ffea {\r\ndisplay: block;\r\n}\r\n}\r\n@media screen and (min-width: 769px) and (max-width: 992px) {\r\n.susaw69ee78e66ffea {\r\ndisplay: block;\r\n}\r\n}\r\n@media screen and (min-width: 768px) and (max-width: 768px) {\r\n.susaw69ee78e66ffea {\r\ndisplay: none;\r\n}\r\n}\r\n@media screen and (max-width: 767px) {\r\n.susaw69ee78e66ffea {\r\ndisplay: none;\r\n}\r\n}\r\n<\/style>\r\n\n\n\n\n<p>&#8220;A cl\u00e1usula que permite a inclus\u00e3o de &#8216;qualquer pessoa&#8217; foi redigida pela pr\u00f3pria seguradora, e, nos termos do artigo 47 do C\u00f3digo de Defesa do Consumidor, as cl\u00e1usulas contratuais devem ser interpretadas da maneira mais favor\u00e1vel ao consumidor&#8221;.<\/p>\n\n\n\n<p>Al\u00e9m disso, enfatizou que o perigo de dano era evidente e iminente diante da possibilidade de desassist\u00eancia m\u00e9dica durante a interna\u00e7\u00e3o do beb\u00ea em UTI.<\/p>\n\n\n\n<p>&#8220;A interrup\u00e7\u00e3o da cobertura em meio a uma interna\u00e7\u00e3o de alta complexidade representaria um risco grav\u00edssimo e irrepar\u00e1vel \u00e0 vida e \u00e0 sa\u00fade do rec\u00e9m-nascido.&#8221;<\/p>\n\n\n\n<p>Assim, a ju\u00edza determinou a inclus\u00e3o imediata da crian\u00e7a no plano, sob pena de multa di\u00e1ria de R$ 1 mil.<\/p>\n\n\n\n<p><em>Fonte: Migalhas<\/em><\/p>\n","protected":false},"excerpt":{"rendered":"<p>A magistrada afastou a justificativa de que o contrato n\u00e3o permitiria a inclus\u00e3o de dependentes, por entender que a recusa destoava do pr\u00f3prio instrumento contratual.<br \/><a class=\"more-link\" href=\"https:\/\/justicapotiguar.com.br\/index.php\/2026\/03\/29\/plano-de-saude-deve-incluir-recem-nascido-com-cardiopatia-como-dependente\/\">Mais&#8230;<\/a><\/p>\n","protected":false},"author":8,"featured_media":0,"comment_status":"open","ping_status":"open","sticky":false,"template":"","format":"standard","meta":[],"categories":[3],"tags":[],"_links":{"self":[{"href":"https:\/\/justicapotiguar.com.br\/index.php\/wp-json\/wp\/v2\/posts\/52699"}],"collection":[{"href":"https:\/\/justicapotiguar.com.br\/index.php\/wp-json\/wp\/v2\/posts"}],"about":[{"href":"https:\/\/justicapotiguar.com.br\/index.php\/wp-json\/wp\/v2\/types\/post"}],"author":[{"embeddable":true,"href":"https:\/\/justicapotiguar.com.br\/index.php\/wp-json\/wp\/v2\/users\/8"}],"replies":[{"embeddable":true,"href":"https:\/\/justicapotiguar.com.br\/index.php\/wp-json\/wp\/v2\/comments?post=52699"}],"version-history":[{"count":2,"href":"https:\/\/justicapotiguar.com.br\/index.php\/wp-json\/wp\/v2\/posts\/52699\/revisions"}],"predecessor-version":[{"id":52703,"href":"https:\/\/justicapotiguar.com.br\/index.php\/wp-json\/wp\/v2\/posts\/52699\/revisions\/52703"}],"wp:attachment":[{"href":"https:\/\/justicapotiguar.com.br\/index.php\/wp-json\/wp\/v2\/media?parent=52699"}],"wp:term":[{"taxonomy":"category","embeddable":true,"href":"https:\/\/justicapotiguar.com.br\/index.php\/wp-json\/wp\/v2\/categories?post=52699"},{"taxonomy":"post_tag","embeddable":true,"href":"https:\/\/justicapotiguar.com.br\/index.php\/wp-json\/wp\/v2\/tags?post=52699"}],"curies":[{"name":"wp","href":"https:\/\/api.w.org\/{rel}","templated":true}]}}