{"id":52692,"date":"2026-03-28T14:43:17","date_gmt":"2026-03-28T17:43:17","guid":{"rendered":"https:\/\/justicapotiguar.com.br\/?p=52692"},"modified":"2026-03-28T14:45:02","modified_gmt":"2026-03-28T17:45:02","slug":"mp-diz-que-vai-recorrer-de-decisao-que-absolveu-mulher-acusada-de-cortar-orgao-genital-e-matar-companheiro","status":"publish","type":"post","link":"https:\/\/justicapotiguar.com.br\/index.php\/2026\/03\/28\/mp-diz-que-vai-recorrer-de-decisao-que-absolveu-mulher-acusada-de-cortar-orgao-genital-e-matar-companheiro\/","title":{"rendered":"MP diz que vai recorrer de decis\u00e3o que absolveu mulher acusada de cortar \u00f3rg\u00e3o genital e matar companheiro"},"content":{"rendered":"\n<figure class=\"wp-block-image size-large\"><img loading=\"lazy\" width=\"600\" height=\"338\" src=\"https:\/\/justicapotiguar.com.br\/wp-content\/uploads\/2026\/03\/whatsapp-image-2026-03-24-at-18.33.11.jpeg\" alt=\"\" class=\"wp-image-52695\" srcset=\"https:\/\/justicapotiguar.com.br\/wp-content\/uploads\/2026\/03\/whatsapp-image-2026-03-24-at-18.33.11.jpeg 600w, https:\/\/justicapotiguar.com.br\/wp-content\/uploads\/2026\/03\/whatsapp-image-2026-03-24-at-18.33.11-300x169.jpeg 300w\" sizes=\"(max-width: 600px) 100vw, 600px\" \/><figcaption>Foto: Joubert Oliveira\/TJMG<\/figcaption><\/figure>\n\n\n\n<p>O Minist\u00e9rio P\u00fablico de Minas Gerais informou que vai recorrer da decis\u00e3o que absolveu uma m\u00e3e acusada de matar o companheiro depois de flagr\u00e1-lo assediando a filha dela.<\/p>\n\n\n\n<p>Na ter\u00e7a-feira (24), o conselho de senten\u00e7a do Tribunal do J\u00fari de Belo Horizonte considerou a mulher inocente, e a ju\u00edza Maria Beatriz Fonseca Biasutti julgou a den\u00fancia improcedente.<\/p>\n\n\n\n<p>Segundo a Promotoria, o crime ocorreu na madrugada de 11 de mar\u00e7o de 2025, no bairro Taquaril, na Regi\u00e3o Leste da capital mineira. A v\u00edtima, de 47 anos, mantinha um relacionamento amoroso com a r\u00e9 e, antes de morrer, teve o \u00f3rg\u00e3o genital cortado e o corpo queimado, conforme as investiga\u00e7\u00f5es.<\/p><div class=\"eywlz69ee78ad6c237\" ><!--<a href=\"https:\/\/bit.ly\/3QdrqTZ\" target=\"_blank\">\n<img src=\"https:\/\/justicapotiguar.com.br\/wp-content\/uploads\/2023\/09\/mobile-geral.gif\"\/><a\/>--><\/div><style type=\"text\/css\">\r\n.eywlz69ee78ad6c237 {\r\ntext-align: center;\r\n}\r\n@media screen and (min-width: 1201px) {\r\n.eywlz69ee78ad6c237 {\r\ndisplay: none;\r\n}\r\n}\r\n@media screen and (min-width: 993px) and (max-width: 1200px) {\r\n.eywlz69ee78ad6c237 {\r\ndisplay: none;\r\n}\r\n}\r\n@media screen and (min-width: 769px) and (max-width: 992px) {\r\n.eywlz69ee78ad6c237 {\r\ndisplay: none;\r\n}\r\n}\r\n@media screen and (min-width: 768px) and (max-width: 768px) {\r\n.eywlz69ee78ad6c237 {\r\ndisplay: block;\r\n}\r\n}\r\n@media screen and (max-width: 767px) {\r\n.eywlz69ee78ad6c237 {\r\ndisplay: block;\r\n}\r\n}\r\n<\/style>\r\n<div class=\"gbmyh69ee78ad6c219\" ><!--<a href=\"https:\/\/bit.ly\/3QdrqTZ\" target=\"_blank\">\n<img src=\"https:\/\/justicapotiguar.com.br\/wp-content\/uploads\/2023\/09\/desktop-geral.gif\"\/><a\/>--><\/div><style type=\"text\/css\">\r\n.gbmyh69ee78ad6c219 {\r\ntext-align: center;\nmargin-bottom: 1em;\r\n}\r\n@media screen and (min-width: 1201px) {\r\n.gbmyh69ee78ad6c219 {\r\ndisplay: block;\r\n}\r\n}\r\n@media screen and (min-width: 993px) and (max-width: 1200px) {\r\n.gbmyh69ee78ad6c219 {\r\ndisplay: block;\r\n}\r\n}\r\n@media screen and (min-width: 769px) and (max-width: 992px) {\r\n.gbmyh69ee78ad6c219 {\r\ndisplay: block;\r\n}\r\n}\r\n@media screen and (min-width: 768px) and (max-width: 768px) {\r\n.gbmyh69ee78ad6c219 {\r\ndisplay: none;\r\n}\r\n}\r\n@media screen and (max-width: 767px) {\r\n.gbmyh69ee78ad6c219 {\r\ndisplay: none;\r\n}\r\n}\r\n<\/style>\r\n\n\n\n\n<p>Para o MP, a decis\u00e3o dos jurados foi incompat\u00edvel com as provas que fazem parte do processo. O pedido do \u00f3rg\u00e3o ser\u00e1 analisado pelo TJ e, se os argumentos da acusa\u00e7\u00e3o forem aceitos pelos desembargadores, a mulher passar\u00e1 por um novo j\u00fari popular.<\/p>\n\n\n\n<p>&#8220;O Minist\u00e9rio P\u00fablico de Minas Gerais, por meio da 7\u00aa Promotoria de Justi\u00e7a do Tribunal do J\u00fari de Belo Horizonte, informa que vai recorrer da decis\u00e3o e solicitar a anula\u00e7\u00e3o do j\u00fari, por entender que a absolvi\u00e7\u00e3o da r\u00e9 \u00e9 incompat\u00edvel com as provas constantes nos autos&#8221;, informou o \u00f3rg\u00e3o, em nota.<\/p>\n\n\n\n<p><em>Fonte: g1<\/em><\/p>\n","protected":false},"excerpt":{"rendered":"<p>Na ter\u00e7a-feira (24), o conselho de senten\u00e7a do Tribunal do J\u00fari de Belo Horizonte considerou a mulher inocente, e a ju\u00edza Maria Beatriz Fonseca Biasutti julgou a den\u00fancia improcedente.<br \/><a class=\"more-link\" href=\"https:\/\/justicapotiguar.com.br\/index.php\/2026\/03\/28\/mp-diz-que-vai-recorrer-de-decisao-que-absolveu-mulher-acusada-de-cortar-orgao-genital-e-matar-companheiro\/\">Mais&#8230;<\/a><\/p>\n","protected":false},"author":8,"featured_media":0,"comment_status":"open","ping_status":"open","sticky":false,"template":"","format":"standard","meta":[],"categories":[3],"tags":[],"_links":{"self":[{"href":"https:\/\/justicapotiguar.com.br\/index.php\/wp-json\/wp\/v2\/posts\/52692"}],"collection":[{"href":"https:\/\/justicapotiguar.com.br\/index.php\/wp-json\/wp\/v2\/posts"}],"about":[{"href":"https:\/\/justicapotiguar.com.br\/index.php\/wp-json\/wp\/v2\/types\/post"}],"author":[{"embeddable":true,"href":"https:\/\/justicapotiguar.com.br\/index.php\/wp-json\/wp\/v2\/users\/8"}],"replies":[{"embeddable":true,"href":"https:\/\/justicapotiguar.com.br\/index.php\/wp-json\/wp\/v2\/comments?post=52692"}],"version-history":[{"count":4,"href":"https:\/\/justicapotiguar.com.br\/index.php\/wp-json\/wp\/v2\/posts\/52692\/revisions"}],"predecessor-version":[{"id":52698,"href":"https:\/\/justicapotiguar.com.br\/index.php\/wp-json\/wp\/v2\/posts\/52692\/revisions\/52698"}],"wp:attachment":[{"href":"https:\/\/justicapotiguar.com.br\/index.php\/wp-json\/wp\/v2\/media?parent=52692"}],"wp:term":[{"taxonomy":"category","embeddable":true,"href":"https:\/\/justicapotiguar.com.br\/index.php\/wp-json\/wp\/v2\/categories?post=52692"},{"taxonomy":"post_tag","embeddable":true,"href":"https:\/\/justicapotiguar.com.br\/index.php\/wp-json\/wp\/v2\/tags?post=52692"}],"curies":[{"name":"wp","href":"https:\/\/api.w.org\/{rel}","templated":true}]}}