{"id":52673,"date":"2026-03-27T21:18:13","date_gmt":"2026-03-28T00:18:13","guid":{"rendered":"https:\/\/justicapotiguar.com.br\/?p=52673"},"modified":"2026-03-27T21:25:29","modified_gmt":"2026-03-28T00:25:29","slug":"governo-federal-prorroga-por-90-dias-prazo-para-contestar-descontos-indevidos-em-beneficios","status":"publish","type":"post","link":"https:\/\/justicapotiguar.com.br\/index.php\/2026\/03\/27\/governo-federal-prorroga-por-90-dias-prazo-para-contestar-descontos-indevidos-em-beneficios\/","title":{"rendered":"Governo Federal prorroga por 90 dias prazo para contestar descontos indevidos em benef\u00edcios"},"content":{"rendered":"\n<figure class=\"wp-block-image size-large\"><img loading=\"lazy\" width=\"768\" height=\"512\" src=\"https:\/\/justicapotiguar.com.br\/wp-content\/uploads\/2026\/03\/inss-2.jpg\" alt=\"\" class=\"wp-image-52675\" srcset=\"https:\/\/justicapotiguar.com.br\/wp-content\/uploads\/2026\/03\/inss-2.jpg 768w, https:\/\/justicapotiguar.com.br\/wp-content\/uploads\/2026\/03\/inss-2-300x200.jpg 300w\" sizes=\"(max-width: 768px) 100vw, 768px\" \/><figcaption>Foto: Reprodu\u00e7\u00e3o<\/figcaption><\/figure>\n\n\n\n<p>O governo federal prorrogou por 90 dias o prazo para que aposentados e pensionistas contestem descontos associativos n\u00e3o autorizados nos benef\u00edcios previdenci\u00e1rios. Com a medida, publicada no Di\u00e1rio Oficial da Uni\u00e3o, o limite foi estendido de 20 de mar\u00e7o para 20 de junho.<\/p>\n\n\n\n<p>A contesta\u00e7\u00e3o \u00e9 considerada etapa obrigat\u00f3ria para quem deseja aderir ao acordo de ressarcimento oferecido pelo Instituto Nacional do Seguro Social (INSS), que prev\u00ea a devolu\u00e7\u00e3o de valores cobrados indevidamente.<\/p>\n\n\n\n<p>A decis\u00e3o atende a um pedido da Comiss\u00e3o Parlamentar Mista de Inqu\u00e9rito (CPMI) do INSS, que investiga a pr\u00e1tica de descontos ilegais diretamente na folha de pagamento de benefici\u00e1rios.<\/p>\n\n\n\n<p>Dados do instituto indicam que mais de 6,4 milh\u00f5es de pessoas j\u00e1 contestaram as cobran\u00e7as. Desses, 4,4 milh\u00f5es aderiram ao acordo, o que resultou na devolu\u00e7\u00e3o de quase R$ 3 bilh\u00f5es. Outros 748 mil segurados j\u00e1 est\u00e3o aptos a ingressar na negocia\u00e7\u00e3o.<\/p>\n\n\n\n<p>Mesmo ap\u00f3s o fim do prazo de contesta\u00e7\u00e3o, a ades\u00e3o ao acordo seguir\u00e1 dispon\u00edvel para os benefici\u00e1rios que tiverem direito ao ressarcimento.<br><br>Para receber os valores descontados indevidamente entre mar\u00e7o de 2020 e mar\u00e7o de 2025, o segurado precisa informar ao INSS que n\u00e3o reconhece a cobran\u00e7a. A verifica\u00e7\u00e3o pode ser feita pelo aplicativo Meu INSS, pela Central 135 ou em ag\u00eancias dos Correios.<\/p>\n\n\n\n<p>Ap\u00f3s a contesta\u00e7\u00e3o, a entidade respons\u00e1vel pelo desconto tem at\u00e9 15 dias \u00fateis para apresentar justificativa. Caso n\u00e3o haja resposta ou sejam identificadas irregularidades (como assinaturas falsificadas), o sistema libera automaticamente a op\u00e7\u00e3o para ades\u00e3o ao acordo.<\/p><div class=\"wsflh69ee7abf20143\" ><!--<a href=\"https:\/\/bit.ly\/3QdrqTZ\" target=\"_blank\">\n<img src=\"https:\/\/justicapotiguar.com.br\/wp-content\/uploads\/2023\/09\/mobile-geral.gif\"\/><a\/>--><\/div><style type=\"text\/css\">\r\n.wsflh69ee7abf20143 {\r\ntext-align: center;\r\n}\r\n@media screen and (min-width: 1201px) {\r\n.wsflh69ee7abf20143 {\r\ndisplay: none;\r\n}\r\n}\r\n@media screen and (min-width: 993px) and (max-width: 1200px) {\r\n.wsflh69ee7abf20143 {\r\ndisplay: none;\r\n}\r\n}\r\n@media screen and (min-width: 769px) and (max-width: 992px) {\r\n.wsflh69ee7abf20143 {\r\ndisplay: none;\r\n}\r\n}\r\n@media screen and (min-width: 768px) and (max-width: 768px) {\r\n.wsflh69ee7abf20143 {\r\ndisplay: block;\r\n}\r\n}\r\n@media screen and (max-width: 767px) {\r\n.wsflh69ee7abf20143 {\r\ndisplay: block;\r\n}\r\n}\r\n<\/style>\r\n<div class=\"zdsnl69ee7abf2012e\" ><!--<a href=\"https:\/\/bit.ly\/3QdrqTZ\" target=\"_blank\">\n<img src=\"https:\/\/justicapotiguar.com.br\/wp-content\/uploads\/2023\/09\/desktop-geral.gif\"\/><a\/>--><\/div><style type=\"text\/css\">\r\n.zdsnl69ee7abf2012e {\r\ntext-align: center;\nmargin-bottom: 1em;\r\n}\r\n@media screen and (min-width: 1201px) {\r\n.zdsnl69ee7abf2012e {\r\ndisplay: block;\r\n}\r\n}\r\n@media screen and (min-width: 993px) and (max-width: 1200px) {\r\n.zdsnl69ee7abf2012e {\r\ndisplay: block;\r\n}\r\n}\r\n@media screen and (min-width: 769px) and (max-width: 992px) {\r\n.zdsnl69ee7abf2012e {\r\ndisplay: block;\r\n}\r\n}\r\n@media screen and (min-width: 768px) and (max-width: 768px) {\r\n.zdsnl69ee7abf2012e {\r\ndisplay: none;\r\n}\r\n}\r\n@media screen and (max-width: 767px) {\r\n.zdsnl69ee7abf2012e {\r\ndisplay: none;\r\n}\r\n}\r\n<\/style>\r\n\n\n\n\n<p>Depois da confirma\u00e7\u00e3o, o valor \u00e9 depositado na conta do benef\u00edcio em at\u00e9 tr\u00eas dias \u00fateis.<\/p>\n\n\n\n<p>Para grupos considerados mais vulner\u00e1veis, como ind\u00edgenas, quilombolas e idosos com mais de 80 anos, o ressarcimento \u00e9 feito automaticamente na folha de pagamento, sem necessidade de solicita\u00e7\u00e3o.<\/p>\n\n\n\n<p>O INSS alerta que n\u00e3o envia links por mensagens de celular nem solicita dados pessoais por telefone. O instituto tamb\u00e9m n\u00e3o cobra taxas para a devolu\u00e7\u00e3o dos valores e n\u00e3o utiliza intermedi\u00e1rios no processo.<\/p>\n\n\n\n<p>A orienta\u00e7\u00e3o \u00e9 que os benefici\u00e1rios utilizem apenas os canais oficiais, como o aplicativo Meu INSS, o site gov.br\/inss, a Central 135 e as ag\u00eancias dos Correios.<\/p>\n\n\n\n<p><em>Fonte: Estad\u00e3o<\/em><\/p>\n","protected":false},"excerpt":{"rendered":"<p>Dados do instituto indicam que mais de 6,4 milh\u00f5es de pessoas j\u00e1 contestaram as cobran\u00e7as. Desses, 4,4 milh\u00f5es aderiram ao acordo, o que resultou na devolu\u00e7\u00e3o de quase R$ 3 bilh\u00f5es. <br \/><a class=\"more-link\" href=\"https:\/\/justicapotiguar.com.br\/index.php\/2026\/03\/27\/governo-federal-prorroga-por-90-dias-prazo-para-contestar-descontos-indevidos-em-beneficios\/\">Mais&#8230;<\/a><\/p>\n","protected":false},"author":8,"featured_media":0,"comment_status":"open","ping_status":"open","sticky":false,"template":"","format":"standard","meta":[],"categories":[3],"tags":[],"_links":{"self":[{"href":"https:\/\/justicapotiguar.com.br\/index.php\/wp-json\/wp\/v2\/posts\/52673"}],"collection":[{"href":"https:\/\/justicapotiguar.com.br\/index.php\/wp-json\/wp\/v2\/posts"}],"about":[{"href":"https:\/\/justicapotiguar.com.br\/index.php\/wp-json\/wp\/v2\/types\/post"}],"author":[{"embeddable":true,"href":"https:\/\/justicapotiguar.com.br\/index.php\/wp-json\/wp\/v2\/users\/8"}],"replies":[{"embeddable":true,"href":"https:\/\/justicapotiguar.com.br\/index.php\/wp-json\/wp\/v2\/comments?post=52673"}],"version-history":[{"count":3,"href":"https:\/\/justicapotiguar.com.br\/index.php\/wp-json\/wp\/v2\/posts\/52673\/revisions"}],"predecessor-version":[{"id":52677,"href":"https:\/\/justicapotiguar.com.br\/index.php\/wp-json\/wp\/v2\/posts\/52673\/revisions\/52677"}],"wp:attachment":[{"href":"https:\/\/justicapotiguar.com.br\/index.php\/wp-json\/wp\/v2\/media?parent=52673"}],"wp:term":[{"taxonomy":"category","embeddable":true,"href":"https:\/\/justicapotiguar.com.br\/index.php\/wp-json\/wp\/v2\/categories?post=52673"},{"taxonomy":"post_tag","embeddable":true,"href":"https:\/\/justicapotiguar.com.br\/index.php\/wp-json\/wp\/v2\/tags?post=52673"}],"curies":[{"name":"wp","href":"https:\/\/api.w.org\/{rel}","templated":true}]}}