{"id":52669,"date":"2026-03-27T20:43:53","date_gmt":"2026-03-27T23:43:53","guid":{"rendered":"https:\/\/justicapotiguar.com.br\/?p=52669"},"modified":"2026-03-27T20:43:53","modified_gmt":"2026-03-27T23:43:53","slug":"ministro-alexandre-de-moraes-restringe-compartilhamento-de-dados-do-coaf","status":"publish","type":"post","link":"https:\/\/justicapotiguar.com.br\/index.php\/2026\/03\/27\/ministro-alexandre-de-moraes-restringe-compartilhamento-de-dados-do-coaf\/","title":{"rendered":"Ministro Alexandre de Moraes restringe compartilhamento de dados do Coaf"},"content":{"rendered":"\n<figure class=\"wp-block-image size-large\"><img loading=\"lazy\" width=\"637\" height=\"727\" src=\"https:\/\/justicapotiguar.com.br\/wp-content\/uploads\/2026\/03\/moraes-8.jpg\" alt=\"\" class=\"wp-image-52670\" srcset=\"https:\/\/justicapotiguar.com.br\/wp-content\/uploads\/2026\/03\/moraes-8.jpg 637w, https:\/\/justicapotiguar.com.br\/wp-content\/uploads\/2026\/03\/moraes-8-263x300.jpg 263w\" sizes=\"(max-width: 637px) 100vw, 637px\" \/><figcaption>Foto: Rosinei Coutinho\/STF<\/figcaption><\/figure>\n\n\n\n<p>O ministro Alexandre de Moraes, do Supremo Tribunal Federal (STF), decidiu nesta sexta-feira (27) estabelecer restri\u00e7\u00f5es para o compartilhamento de dados financeiros do Conselho de Controle de Atividades Financeiras (Coaf).<\/p>\n\n\n\n<p>A medida ser\u00e1 aplicada para pedidos de envios de informa\u00e7\u00f5es solicitados por decis\u00f5es judiciais e Comiss\u00f5es Parlamentares de Inqu\u00e9rito (CPI).<\/p>\n\n\n\n<p>Conforme a decis\u00e3o, os relat\u00f3rios de intelig\u00eancia financeira (RIFs) s\u00f3 poder\u00e3o ser repassados pelo Coaf por meio de investiga\u00e7\u00f5es criminais formais, procedimento investigat\u00f3rio criminal (PIC) do Minist\u00e9rio P\u00fablico e processos administrativos.<\/p>\n\n\n\n<p>As solicita\u00e7\u00f5es dever\u00e3o especificar o nome da pessoa f\u00edsica ou jur\u00eddica formalmente investigada pelas autoridades policiais, al\u00e9m de estarem relacionadas com o objeto da investiga\u00e7\u00e3o.<\/p><div class=\"yxnde69ee76eeab12a\" ><!--<a href=\"https:\/\/bit.ly\/3QdrqTZ\" target=\"_blank\">\n<img src=\"https:\/\/justicapotiguar.com.br\/wp-content\/uploads\/2023\/09\/mobile-geral.gif\"\/><a\/>--><\/div><style type=\"text\/css\">\r\n.yxnde69ee76eeab12a {\r\ntext-align: center;\r\n}\r\n@media screen and (min-width: 1201px) {\r\n.yxnde69ee76eeab12a {\r\ndisplay: none;\r\n}\r\n}\r\n@media screen and (min-width: 993px) and (max-width: 1200px) {\r\n.yxnde69ee76eeab12a {\r\ndisplay: none;\r\n}\r\n}\r\n@media screen and (min-width: 769px) and (max-width: 992px) {\r\n.yxnde69ee76eeab12a {\r\ndisplay: none;\r\n}\r\n}\r\n@media screen and (min-width: 768px) and (max-width: 768px) {\r\n.yxnde69ee76eeab12a {\r\ndisplay: block;\r\n}\r\n}\r\n@media screen and (max-width: 767px) {\r\n.yxnde69ee76eeab12a {\r\ndisplay: block;\r\n}\r\n}\r\n<\/style>\r\n<div class=\"vrkaw69ee76eeab10a\" ><!--<a href=\"https:\/\/bit.ly\/3QdrqTZ\" target=\"_blank\">\n<img src=\"https:\/\/justicapotiguar.com.br\/wp-content\/uploads\/2023\/09\/desktop-geral.gif\"\/><a\/>--><\/div><style type=\"text\/css\">\r\n.vrkaw69ee76eeab10a {\r\ntext-align: center;\nmargin-bottom: 1em;\r\n}\r\n@media screen and (min-width: 1201px) {\r\n.vrkaw69ee76eeab10a {\r\ndisplay: block;\r\n}\r\n}\r\n@media screen and (min-width: 993px) and (max-width: 1200px) {\r\n.vrkaw69ee76eeab10a {\r\ndisplay: block;\r\n}\r\n}\r\n@media screen and (min-width: 769px) and (max-width: 992px) {\r\n.vrkaw69ee76eeab10a {\r\ndisplay: block;\r\n}\r\n}\r\n@media screen and (min-width: 768px) and (max-width: 768px) {\r\n.vrkaw69ee76eeab10a {\r\ndisplay: none;\r\n}\r\n}\r\n@media screen and (max-width: 767px) {\r\n.vrkaw69ee76eeab10a {\r\ndisplay: none;\r\n}\r\n}\r\n<\/style>\r\n\n\n\n\n<p>Moraes tamb\u00e9m proibiu o compartilhamento de dados do Coaf em apura\u00e7\u00f5es investigativas que n\u00e3o possuem natureza penal.<\/p>\n\n\n\n<p>A decis\u00e3o do ministro foi proferida em um processo que questiona a legalidade de repasses de dados financeiros do Coaf sem autoriza\u00e7\u00e3o judicial.<\/p>\n\n\n\n<p>A decis\u00e3o do ministro tamb\u00e9m abre brecha para a anula\u00e7\u00e3o de compartilhamentos que j\u00e1 foram realizados e n\u00e3o seguiram as regras definidas hoje.<\/p>\n\n\n\n<p>\u201cA aus\u00eancia da estrita observ\u00e2ncia dos requisitos previstos na presente decis\u00e3o afasta a legitimidade constitucional do uso das informa\u00e7\u00f5es e dos relat\u00f3rios de intelig\u00eancia financeira (RIFs), inclusive em rela\u00e7\u00e3o \u00e0queles j\u00e1 fornecidos e juntados \u00e0s investiga\u00e7\u00f5es e processos, e constitui ilicitude da prova produzida\u201d, decidiu o ministro.<br><br><em>Fonte: Ag\u00eancia Brasil<\/em><\/p>\n","protected":false},"excerpt":{"rendered":"<p>A medida ser\u00e1 aplicada para pedidos de envios de informa\u00e7\u00f5es solicitados por decis\u00f5es judiciais e Comiss\u00f5es Parlamentares de Inqu\u00e9rito (CPI).<br \/><a class=\"more-link\" href=\"https:\/\/justicapotiguar.com.br\/index.php\/2026\/03\/27\/ministro-alexandre-de-moraes-restringe-compartilhamento-de-dados-do-coaf\/\">Mais&#8230;<\/a><\/p>\n","protected":false},"author":8,"featured_media":0,"comment_status":"open","ping_status":"open","sticky":false,"template":"","format":"standard","meta":[],"categories":[3],"tags":[],"_links":{"self":[{"href":"https:\/\/justicapotiguar.com.br\/index.php\/wp-json\/wp\/v2\/posts\/52669"}],"collection":[{"href":"https:\/\/justicapotiguar.com.br\/index.php\/wp-json\/wp\/v2\/posts"}],"about":[{"href":"https:\/\/justicapotiguar.com.br\/index.php\/wp-json\/wp\/v2\/types\/post"}],"author":[{"embeddable":true,"href":"https:\/\/justicapotiguar.com.br\/index.php\/wp-json\/wp\/v2\/users\/8"}],"replies":[{"embeddable":true,"href":"https:\/\/justicapotiguar.com.br\/index.php\/wp-json\/wp\/v2\/comments?post=52669"}],"version-history":[{"count":2,"href":"https:\/\/justicapotiguar.com.br\/index.php\/wp-json\/wp\/v2\/posts\/52669\/revisions"}],"predecessor-version":[{"id":52672,"href":"https:\/\/justicapotiguar.com.br\/index.php\/wp-json\/wp\/v2\/posts\/52669\/revisions\/52672"}],"wp:attachment":[{"href":"https:\/\/justicapotiguar.com.br\/index.php\/wp-json\/wp\/v2\/media?parent=52669"}],"wp:term":[{"taxonomy":"category","embeddable":true,"href":"https:\/\/justicapotiguar.com.br\/index.php\/wp-json\/wp\/v2\/categories?post=52669"},{"taxonomy":"post_tag","embeddable":true,"href":"https:\/\/justicapotiguar.com.br\/index.php\/wp-json\/wp\/v2\/tags?post=52669"}],"curies":[{"name":"wp","href":"https:\/\/api.w.org\/{rel}","templated":true}]}}