{"id":52657,"date":"2026-03-27T19:48:34","date_gmt":"2026-03-27T22:48:34","guid":{"rendered":"https:\/\/justicapotiguar.com.br\/?p=52657"},"modified":"2026-03-27T19:53:28","modified_gmt":"2026-03-27T22:53:28","slug":"revendedora-tera-que-substituir-automovel-que-apresentou-defeito-na-fabricacao","status":"publish","type":"post","link":"https:\/\/justicapotiguar.com.br\/index.php\/2026\/03\/27\/revendedora-tera-que-substituir-automovel-que-apresentou-defeito-na-fabricacao\/","title":{"rendered":"Revendedora ter\u00e1 que substituir autom\u00f3vel que apresentou defeito na fabrica\u00e7\u00e3o"},"content":{"rendered":"\n<figure class=\"wp-block-image size-large\"><img loading=\"lazy\" width=\"1024\" height=\"613\" src=\"https:\/\/justicapotiguar.com.br\/wp-content\/uploads\/2026\/03\/carros-1024x613.jpg\" alt=\"\" class=\"wp-image-52661\" srcset=\"https:\/\/justicapotiguar.com.br\/wp-content\/uploads\/2026\/03\/carros-1024x613.jpg 1024w, https:\/\/justicapotiguar.com.br\/wp-content\/uploads\/2026\/03\/carros-300x179.jpg 300w, https:\/\/justicapotiguar.com.br\/wp-content\/uploads\/2026\/03\/carros-768x459.jpg 768w, https:\/\/justicapotiguar.com.br\/wp-content\/uploads\/2026\/03\/carros.jpg 1170w\" sizes=\"(max-width: 1024px) 100vw, 1024px\" \/><figcaption>Foto: Rafa Neddermeyer\/ Ag\u00eancia Brasil<\/figcaption><\/figure>\n\n\n\n<p>A 2\u00aa C\u00e2mara C\u00edvel do TJRN reformou, em parte, a senten\u00e7a da 6\u00aa Vara C\u00edvel da Comarca de Natal, relativa \u00e0 substitui\u00e7\u00e3o de um autom\u00f3vel, que apresentou v\u00edcios de fabrica\u00e7\u00e3o, t\u00e3o somente para reduzir o valor da indeniza\u00e7\u00e3o por danos morais a serem pagos pela revendedora. <br><br>A decis\u00e3o manteve a obriga\u00e7\u00e3o de substituir o bem, j\u00e1 que o Laudo Pericial concluiu pela exist\u00eancia de viola\u00e7\u00e3o de fabrica\u00e7\u00e3o nos rolamentos axiais da suspens\u00e3o dianteira, com ru\u00eddo persistente na dire\u00e7\u00e3o, defeito e de reparo simples, sem declara\u00e7\u00f5es de mau uso e com risco de comprometimento da dirigibilidade e seguran\u00e7a se n\u00e3o sanado.<\/p>\n\n\n\n<p>Conforme a decis\u00e3o, ao ser comprovado o insucesso das disciplinas no prazo legal e ao longo de mais de 30 dias, resta ajustado as hip\u00f3teses do artigo 18, par\u00e1grafo 1\u00ba, do CDC, assegurando ao consumidor a substitui\u00e7\u00e3o do produto.<\/p>\n\n\n\n<p>O julgamento ainda ressaltou a responsabilidade objetiva do fornecedor pelos v\u00edcios do produto e servi\u00e7o defeituoso (artigos 14 e 18 do CDC), sendo inequ\u00edvoca a integra\u00e7\u00e3o da supervis\u00e3o \u00e0 cadeia de consumo, n\u00e3o afastada pelo fato de o conserto em garantia ter sido executado por terceiro.<\/p><div class=\"aqlpz69ee78bd1f4a9\" ><!--<a href=\"https:\/\/bit.ly\/3QdrqTZ\" target=\"_blank\">\n<img src=\"https:\/\/justicapotiguar.com.br\/wp-content\/uploads\/2023\/09\/mobile-geral.gif\"\/><a\/>--><\/div><style type=\"text\/css\">\r\n.aqlpz69ee78bd1f4a9 {\r\ntext-align: center;\r\n}\r\n@media screen and (min-width: 1201px) {\r\n.aqlpz69ee78bd1f4a9 {\r\ndisplay: none;\r\n}\r\n}\r\n@media screen and (min-width: 993px) and (max-width: 1200px) {\r\n.aqlpz69ee78bd1f4a9 {\r\ndisplay: none;\r\n}\r\n}\r\n@media screen and (min-width: 769px) and (max-width: 992px) {\r\n.aqlpz69ee78bd1f4a9 {\r\ndisplay: none;\r\n}\r\n}\r\n@media screen and (min-width: 768px) and (max-width: 768px) {\r\n.aqlpz69ee78bd1f4a9 {\r\ndisplay: block;\r\n}\r\n}\r\n@media screen and (max-width: 767px) {\r\n.aqlpz69ee78bd1f4a9 {\r\ndisplay: block;\r\n}\r\n}\r\n<\/style>\r\n<div class=\"aspoo69ee78bd1f48f\" ><!--<a href=\"https:\/\/bit.ly\/3QdrqTZ\" target=\"_blank\">\n<img src=\"https:\/\/justicapotiguar.com.br\/wp-content\/uploads\/2023\/09\/desktop-geral.gif\"\/><a\/>--><\/div><style type=\"text\/css\">\r\n.aspoo69ee78bd1f48f {\r\ntext-align: center;\nmargin-bottom: 1em;\r\n}\r\n@media screen and (min-width: 1201px) {\r\n.aspoo69ee78bd1f48f {\r\ndisplay: block;\r\n}\r\n}\r\n@media screen and (min-width: 993px) and (max-width: 1200px) {\r\n.aspoo69ee78bd1f48f {\r\ndisplay: block;\r\n}\r\n}\r\n@media screen and (min-width: 769px) and (max-width: 992px) {\r\n.aspoo69ee78bd1f48f {\r\ndisplay: block;\r\n}\r\n}\r\n@media screen and (min-width: 768px) and (max-width: 768px) {\r\n.aspoo69ee78bd1f48f {\r\ndisplay: none;\r\n}\r\n}\r\n@media screen and (max-width: 767px) {\r\n.aspoo69ee78bd1f48f {\r\ndisplay: none;\r\n}\r\n}\r\n<\/style>\r\n\n\n\n\n<p>\u201cO dano moral est\u00e1 configurado pela frustra\u00e7\u00e3o da expectativa leg\u00edtima e pelos transtornos reiterados desde os primeiros dias ap\u00f3s a aquisi\u00e7\u00e3o, com persist\u00eancia do v\u00edcio por longo per\u00edodo\u201d, pontua a relatoria do voto no \u00f3rg\u00e3o julgador.<\/p>\n\n\n\n<p><em>Fonte: TJRN<\/em><\/p>\n","protected":false},"excerpt":{"rendered":"<p>A decis\u00e3o manteve a substitui\u00e7\u00e3o do bem, pois o laudo apontou defeito de fabrica\u00e7\u00e3o na suspens\u00e3o dianteira, com risco \u00e0 seguran\u00e7a se n\u00e3o corrigido.<br \/><a class=\"more-link\" href=\"https:\/\/justicapotiguar.com.br\/index.php\/2026\/03\/27\/revendedora-tera-que-substituir-automovel-que-apresentou-defeito-na-fabricacao\/\">Mais&#8230;<\/a><\/p>\n","protected":false},"author":8,"featured_media":0,"comment_status":"open","ping_status":"open","sticky":false,"template":"","format":"standard","meta":[],"categories":[3],"tags":[],"_links":{"self":[{"href":"https:\/\/justicapotiguar.com.br\/index.php\/wp-json\/wp\/v2\/posts\/52657"}],"collection":[{"href":"https:\/\/justicapotiguar.com.br\/index.php\/wp-json\/wp\/v2\/posts"}],"about":[{"href":"https:\/\/justicapotiguar.com.br\/index.php\/wp-json\/wp\/v2\/types\/post"}],"author":[{"embeddable":true,"href":"https:\/\/justicapotiguar.com.br\/index.php\/wp-json\/wp\/v2\/users\/8"}],"replies":[{"embeddable":true,"href":"https:\/\/justicapotiguar.com.br\/index.php\/wp-json\/wp\/v2\/comments?post=52657"}],"version-history":[{"count":3,"href":"https:\/\/justicapotiguar.com.br\/index.php\/wp-json\/wp\/v2\/posts\/52657\/revisions"}],"predecessor-version":[{"id":52662,"href":"https:\/\/justicapotiguar.com.br\/index.php\/wp-json\/wp\/v2\/posts\/52657\/revisions\/52662"}],"wp:attachment":[{"href":"https:\/\/justicapotiguar.com.br\/index.php\/wp-json\/wp\/v2\/media?parent=52657"}],"wp:term":[{"taxonomy":"category","embeddable":true,"href":"https:\/\/justicapotiguar.com.br\/index.php\/wp-json\/wp\/v2\/categories?post=52657"},{"taxonomy":"post_tag","embeddable":true,"href":"https:\/\/justicapotiguar.com.br\/index.php\/wp-json\/wp\/v2\/tags?post=52657"}],"curies":[{"name":"wp","href":"https:\/\/api.w.org\/{rel}","templated":true}]}}