{"id":52647,"date":"2026-03-27T09:00:00","date_gmt":"2026-03-27T12:00:00","guid":{"rendered":"https:\/\/justicapotiguar.com.br\/?p=52647"},"modified":"2026-03-26T22:06:49","modified_gmt":"2026-03-27T01:06:49","slug":"tst-decide-que-gestantes-em-contratos-temporarios-tem-direito-a-estabilidade","status":"publish","type":"post","link":"https:\/\/justicapotiguar.com.br\/index.php\/2026\/03\/27\/tst-decide-que-gestantes-em-contratos-temporarios-tem-direito-a-estabilidade\/","title":{"rendered":"TST decide que gestantes em contratos tempor\u00e1rios t\u00eam direito \u00e0 estabilidade"},"content":{"rendered":"\n<figure class=\"wp-block-image size-large\"><img loading=\"lazy\" width=\"1024\" height=\"613\" src=\"https:\/\/justicapotiguar.com.br\/wp-content\/uploads\/2026\/03\/gestante-1-1024x613.jpg\" alt=\"\" class=\"wp-image-52648\" srcset=\"https:\/\/justicapotiguar.com.br\/wp-content\/uploads\/2026\/03\/gestante-1-1024x613.jpg 1024w, https:\/\/justicapotiguar.com.br\/wp-content\/uploads\/2026\/03\/gestante-1-300x179.jpg 300w, https:\/\/justicapotiguar.com.br\/wp-content\/uploads\/2026\/03\/gestante-1-768x459.jpg 768w, https:\/\/justicapotiguar.com.br\/wp-content\/uploads\/2026\/03\/gestante-1.jpg 1170w\" sizes=\"(max-width: 1024px) 100vw, 1024px\" \/><figcaption>Arquivo\/MDS<\/figcaption><\/figure>\n\n\n\n<p>O Pleno do Tribunal Superior do Trabalho (TST) decidiu, nesta segunda-feira (23), alterar sua jurisprud\u00eancia e passar a reconhecer o direito \u00e0 estabilidade provis\u00f3ria de gestantes contratadas sob regime de trabalho tempor\u00e1rio. A mudan\u00e7a ocorreu ap\u00f3s a maioria do colegiado concluir que o entendimento anterior da Corte estava superado por decis\u00e3o do Supremo Tribunal Federal (STF) sobre o tema.<\/p>\n\n\n\n<p>O entendimento anterior do Tribunal, firmado em 2019, era o de que a garantia da estabilidade prevista no artigo 10, inciso II, al\u00ednea \u201cb\u201d, do Ato das Disposi\u00e7\u00f5es Constitucionais Transit\u00f3rias (ADCT) n\u00e3o se aplicava a contratos tempor\u00e1rios, regidos pela Lei 6.019\/1974. Por\u00e9m, em outubro de 2023, o STF fixou a tese de repercuss\u00e3o geral (Tema 542) de que a trabalhadora gestante tem direito \u00e0 licen\u00e7a-maternidade e \u00e0 estabilidade provis\u00f3ria independentemente do regime de contrata\u00e7\u00e3o (p\u00fablico ou privado), inclusive em v\u00ednculos por prazo determinado.<\/p>\n\n\n\n<p>Diante dessa circunst\u00e2ncia, a Segunda Turma do TST, ao examinar o recurso de uma promotora contratada por uma empresa de m\u00e3o de obra tempor\u00e1ria, prop\u00f4s um incidente de supera\u00e7\u00e3o de precedente vinculante, instrumento utilizado quando a pr\u00f3pria Corte reconhece a necessidade de atualizar sua interpreta\u00e7\u00e3o diante de mudan\u00e7as jur\u00eddicas relevantes.<br><br>O caso come\u00e7ou a ser julgado pelo Pleno em mar\u00e7o de 2025, com o voto do relator, ministro Breno Medeiros. Para ele, a interpreta\u00e7\u00e3o do STF ampliou o alcance do direito constitucional \u00e0 maternidade, tornando incompat\u00edvel a manuten\u00e7\u00e3o do entendimento anterior do TST. Ele tamb\u00e9m destaca que a prote\u00e7\u00e3o \u00e0 gestante tem fundamento n\u00e3o apenas jur\u00eddico, mas social, pois envolve a sa\u00fade da m\u00e3e e do nascituro e o interesse coletivo, o que refor\u00e7a a necessidade de aplica\u00e7\u00e3o ampla da garantia.<\/p><div class=\"qmldl69ee6646724db\" ><!--<a href=\"https:\/\/bit.ly\/3QdrqTZ\" target=\"_blank\">\n<img src=\"https:\/\/justicapotiguar.com.br\/wp-content\/uploads\/2023\/09\/mobile-geral.gif\"\/><a\/>--><\/div><style type=\"text\/css\">\r\n.qmldl69ee6646724db {\r\ntext-align: center;\r\n}\r\n@media screen and (min-width: 1201px) {\r\n.qmldl69ee6646724db {\r\ndisplay: none;\r\n}\r\n}\r\n@media screen and (min-width: 993px) and (max-width: 1200px) {\r\n.qmldl69ee6646724db {\r\ndisplay: none;\r\n}\r\n}\r\n@media screen and (min-width: 769px) and (max-width: 992px) {\r\n.qmldl69ee6646724db {\r\ndisplay: none;\r\n}\r\n}\r\n@media screen and (min-width: 768px) and (max-width: 768px) {\r\n.qmldl69ee6646724db {\r\ndisplay: block;\r\n}\r\n}\r\n@media screen and (max-width: 767px) {\r\n.qmldl69ee6646724db {\r\ndisplay: block;\r\n}\r\n}\r\n<\/style>\r\n<div class=\"glxhg69ee6646724c8\" ><!--<a href=\"https:\/\/bit.ly\/3QdrqTZ\" target=\"_blank\">\n<img src=\"https:\/\/justicapotiguar.com.br\/wp-content\/uploads\/2023\/09\/desktop-geral.gif\"\/><a\/>--><\/div><style type=\"text\/css\">\r\n.glxhg69ee6646724c8 {\r\ntext-align: center;\nmargin-bottom: 1em;\r\n}\r\n@media screen and (min-width: 1201px) {\r\n.glxhg69ee6646724c8 {\r\ndisplay: block;\r\n}\r\n}\r\n@media screen and (min-width: 993px) and (max-width: 1200px) {\r\n.glxhg69ee6646724c8 {\r\ndisplay: block;\r\n}\r\n}\r\n@media screen and (min-width: 769px) and (max-width: 992px) {\r\n.glxhg69ee6646724c8 {\r\ndisplay: block;\r\n}\r\n}\r\n@media screen and (min-width: 768px) and (max-width: 768px) {\r\n.glxhg69ee6646724c8 {\r\ndisplay: none;\r\n}\r\n}\r\n@media screen and (max-width: 767px) {\r\n.glxhg69ee6646724c8 {\r\ndisplay: none;\r\n}\r\n}\r\n<\/style>\r\n\n\n\n\n<p>Ap\u00f3s sucessivos pedidos de vista regimental, a vota\u00e7\u00e3o se encerrou na sess\u00e3o de segunda-feira, e a maioria do Pleno (14 votos) seguiu o voto do relator.<\/p>\n\n\n\n<p>Antes da proclama\u00e7\u00e3o do resultado, o ministro Ives Gandra Martins prop\u00f4s a modula\u00e7\u00e3o dos efeitos da decis\u00e3o, ou seja, a defini\u00e7\u00e3o do momento em que ela passa a valer. Em raz\u00e3o da aus\u00eancia do relator, o presidente do TST, ministro Vieira de Mello Filho, suspendeu o julgamento para que a modula\u00e7\u00e3o seja discutida numa pr\u00f3xima sess\u00e3o, com a participa\u00e7\u00e3o do ministro Breno Medeiros.<\/p>\n\n\n\n<p><strong>Processo: PetCiv-1000059-12.2020.5.02.0382<\/strong><br><br><em>Fonte: TST<\/em><\/p>\n","protected":false},"excerpt":{"rendered":"<p> A mudan\u00e7a ocorreu ap\u00f3s a maioria do colegiado concluir que o entendimento anterior da Corte estava superado por decis\u00e3o do Supremo Tribunal Federal (STF) sobre o tema.<br \/><a class=\"more-link\" href=\"https:\/\/justicapotiguar.com.br\/index.php\/2026\/03\/27\/tst-decide-que-gestantes-em-contratos-temporarios-tem-direito-a-estabilidade\/\">Mais&#8230;<\/a><\/p>\n","protected":false},"author":8,"featured_media":0,"comment_status":"open","ping_status":"open","sticky":false,"template":"","format":"standard","meta":[],"categories":[3],"tags":[],"_links":{"self":[{"href":"https:\/\/justicapotiguar.com.br\/index.php\/wp-json\/wp\/v2\/posts\/52647"}],"collection":[{"href":"https:\/\/justicapotiguar.com.br\/index.php\/wp-json\/wp\/v2\/posts"}],"about":[{"href":"https:\/\/justicapotiguar.com.br\/index.php\/wp-json\/wp\/v2\/types\/post"}],"author":[{"embeddable":true,"href":"https:\/\/justicapotiguar.com.br\/index.php\/wp-json\/wp\/v2\/users\/8"}],"replies":[{"embeddable":true,"href":"https:\/\/justicapotiguar.com.br\/index.php\/wp-json\/wp\/v2\/comments?post=52647"}],"version-history":[{"count":3,"href":"https:\/\/justicapotiguar.com.br\/index.php\/wp-json\/wp\/v2\/posts\/52647\/revisions"}],"predecessor-version":[{"id":52651,"href":"https:\/\/justicapotiguar.com.br\/index.php\/wp-json\/wp\/v2\/posts\/52647\/revisions\/52651"}],"wp:attachment":[{"href":"https:\/\/justicapotiguar.com.br\/index.php\/wp-json\/wp\/v2\/media?parent=52647"}],"wp:term":[{"taxonomy":"category","embeddable":true,"href":"https:\/\/justicapotiguar.com.br\/index.php\/wp-json\/wp\/v2\/categories?post=52647"},{"taxonomy":"post_tag","embeddable":true,"href":"https:\/\/justicapotiguar.com.br\/index.php\/wp-json\/wp\/v2\/tags?post=52647"}],"curies":[{"name":"wp","href":"https:\/\/api.w.org\/{rel}","templated":true}]}}