{"id":52639,"date":"2026-03-27T09:00:00","date_gmt":"2026-03-27T12:00:00","guid":{"rendered":"https:\/\/justicapotiguar.com.br\/?p=52639"},"modified":"2026-03-26T21:59:57","modified_gmt":"2026-03-27T00:59:57","slug":"mpf-denuncia-envolvidos-em-esquema-internacional-de-comercializacao-de-videos-de-tortura-animal","status":"publish","type":"post","link":"https:\/\/justicapotiguar.com.br\/index.php\/2026\/03\/27\/mpf-denuncia-envolvidos-em-esquema-internacional-de-comercializacao-de-videos-de-tortura-animal\/","title":{"rendered":"MPF denuncia envolvidos em esquema de comercializa\u00e7\u00e3o de v\u00eddeos de tortura animal"},"content":{"rendered":"\n<figure class=\"wp-block-image size-large\"><img loading=\"lazy\" width=\"768\" height=\"432\" src=\"https:\/\/justicapotiguar.com.br\/wp-content\/uploads\/2026\/03\/caramelo-1.jpg\" alt=\"\" class=\"wp-image-52645\" srcset=\"https:\/\/justicapotiguar.com.br\/wp-content\/uploads\/2026\/03\/caramelo-1.jpg 768w, https:\/\/justicapotiguar.com.br\/wp-content\/uploads\/2026\/03\/caramelo-1-300x169.jpg 300w\" sizes=\"(max-width: 768px) 100vw, 768px\" \/><figcaption>Foto: Reprodu\u00e7\u00e3o<\/figcaption><\/figure>\n\n\n\n<p>O Minist\u00e9rio P\u00fablico Federal (MPF) denunciou \u00e0 Justi\u00e7a Federal no Par\u00e1 integrantes de um esquema criminoso dedicado \u00e0 produ\u00e7\u00e3o, comercializa\u00e7\u00e3o e compartilhamento de v\u00eddeos de extrema viol\u00eancia contra animais.<\/p>\n\n\n\n<p>As investiga\u00e7\u00f5es revelaram a exist\u00eancia de uma rede que submetia animais dom\u00e9sticos e silvestres \u00e0 tortura, mutila\u00e7\u00e3o e morte, frequentemente com conota\u00e7\u00f5es sexuais, para atender a encomendas de usu\u00e1rios estrangeiros.<\/p>\n\n\n\n<p>A den\u00fancia foi apresentada \u00e0 Justi\u00e7a no \u00faltimo dia 18 e, entre outras provas, cita dados coletados na Opera\u00e7\u00e3o Bestia, realizada pela Pol\u00edcia Federal (PF) em 22 de novembro de 2025.<\/p>\n\n\n\n<p>A apura\u00e7\u00e3o teve in\u00edcio ap\u00f3s uma den\u00fancia da organiza\u00e7\u00e3o b\u00falgara <em>Campaigns and Activism for Animals in the Industry<\/em>, que identificou material violento supostamente produzido no Brasil.<\/p>\n\n\n\n<p>A Unidade de Repress\u00e3o a Crimes Cibern\u00e9ticos de \u00d3dio da PF rastreou o fluxo financeiro e digital, identificando que os v\u00eddeos eram negociados em d\u00f3lar e euro por meio de plataformas de pagamento on-line e transfer\u00eancias via pix.<\/p>\n\n\n\n<p>Durante as dilig\u00eancias, a per\u00edcia t\u00e9cnica e o rastreamento de n\u00fameros de endere\u00e7os de protocolo da internet vincularam os perfis utilizados na difus\u00e3o do material a endere\u00e7os no Brasil.<\/p>\n\n\n\n<p>Em cumprimento a mandados de busca e apreens\u00e3o, a PF encontrou, na resid\u00eancia de uma das pessoas denunciadas, dispositivos eletr\u00f4nicos contendo v\u00eddeos in\u00e9ditos de abusos, al\u00e9m de roupas e instrumentos (como objetos cortantes e recipientes) id\u00eanticos aos que apareciam nas grava\u00e7\u00f5es periciadas.<\/p><div class=\"pzqhx69ee69c85e718\" ><!--<a href=\"https:\/\/bit.ly\/3QdrqTZ\" target=\"_blank\">\n<img src=\"https:\/\/justicapotiguar.com.br\/wp-content\/uploads\/2023\/09\/mobile-geral.gif\"\/><a\/>--><\/div><style type=\"text\/css\">\r\n.pzqhx69ee69c85e718 {\r\ntext-align: center;\r\n}\r\n@media screen and (min-width: 1201px) {\r\n.pzqhx69ee69c85e718 {\r\ndisplay: none;\r\n}\r\n}\r\n@media screen and (min-width: 993px) and (max-width: 1200px) {\r\n.pzqhx69ee69c85e718 {\r\ndisplay: none;\r\n}\r\n}\r\n@media screen and (min-width: 769px) and (max-width: 992px) {\r\n.pzqhx69ee69c85e718 {\r\ndisplay: none;\r\n}\r\n}\r\n@media screen and (min-width: 768px) and (max-width: 768px) {\r\n.pzqhx69ee69c85e718 {\r\ndisplay: block;\r\n}\r\n}\r\n@media screen and (max-width: 767px) {\r\n.pzqhx69ee69c85e718 {\r\ndisplay: block;\r\n}\r\n}\r\n<\/style>\r\n<div class=\"nlhjp69ee69c85e6fc\" ><!--<a href=\"https:\/\/bit.ly\/3QdrqTZ\" target=\"_blank\">\n<img src=\"https:\/\/justicapotiguar.com.br\/wp-content\/uploads\/2023\/09\/desktop-geral.gif\"\/><a\/>--><\/div><style type=\"text\/css\">\r\n.nlhjp69ee69c85e6fc {\r\ntext-align: center;\nmargin-bottom: 1em;\r\n}\r\n@media screen and (min-width: 1201px) {\r\n.nlhjp69ee69c85e6fc {\r\ndisplay: block;\r\n}\r\n}\r\n@media screen and (min-width: 993px) and (max-width: 1200px) {\r\n.nlhjp69ee69c85e6fc {\r\ndisplay: block;\r\n}\r\n}\r\n@media screen and (min-width: 769px) and (max-width: 992px) {\r\n.nlhjp69ee69c85e6fc {\r\ndisplay: block;\r\n}\r\n}\r\n@media screen and (min-width: 768px) and (max-width: 768px) {\r\n.nlhjp69ee69c85e6fc {\r\ndisplay: none;\r\n}\r\n}\r\n@media screen and (max-width: 767px) {\r\n.nlhjp69ee69c85e6fc {\r\ndisplay: none;\r\n}\r\n}\r\n<\/style>\r\n\n\n\n\n<p> De acordo com a den\u00fancia do MPF, os envolvidos mantinham contato direto com compradores internacionais, utilizando termos cifrados para mascarar a natureza da atividade.<\/p>\n\n\n\n<p>As investiga\u00e7\u00f5es demonstraram que os v\u00eddeos eram produzidos de forma planejada e reiterada, transformando a crueldade contra gatos, coelhos e aves em fonte de renda habitual.<\/p>\n\n\n\n<p>O material analisado pela per\u00edcia facial da PF confirmou a identidade dos denunciados nas grava\u00e7\u00f5es, descartando hip\u00f3teses de manipula\u00e7\u00e3o digital. Uma das pessoas acusadas encontra-se atualmente sob cust\u00f3dia, enquanto a outra teve a pris\u00e3o preventiva decretada e \u00e9 considerada foragida.<\/p>\n\n\n\n<p>O MPF imputou aos denunciados os crimes de:<\/p>\n\n\n\n<ul><li>Maus-tratos a animais: com penas agravadas quando se trata de c\u00e3es ou gatos (reclus\u00e3o de 2 a 5 anos) e aumento de um sexto a um ter\u00e7o em caso de morte do animal.<\/li><\/ul>\n\n\n\n<ul><li>Associa\u00e7\u00e3o criminosa: pela uni\u00e3o est\u00e1vel e estruturada para a pr\u00e1tica dos delitos.<\/li><\/ul>\n\n\n\n<p>Devido \u00e0 extrema gravidade das pr\u00e1ticas e \u00e0 crueldade empregada, o MPF n\u00e3o ofereceu o acordo de n\u00e3o persecu\u00e7\u00e3o penal (ANPP), por considerar a medida insuficiente para a reprova\u00e7\u00e3o e preven\u00e7\u00e3o do crime.<\/p>\n\n\n\n<p>Al\u00e9m da condena\u00e7\u00e3o criminal, o MPF pede que a Justi\u00e7a estabele\u00e7a um valor de indeniza\u00e7\u00e3o por danos morais coletivos, por causa do brutal atentado contra os valores de prote\u00e7\u00e3o \u00e0 fauna e a sensibilidade \u00e9tica da sociedade.<br><br><em>Fonte: MPF<\/em><\/p>\n","protected":false},"excerpt":{"rendered":"<p>A Unidade de Repress\u00e3o a Crimes Cibern\u00e9ticos de \u00d3dio da PF rastreou o fluxo financeiro e digital, identificando que os v\u00eddeos eram negociados em d\u00f3lar e euro.<br \/><a class=\"more-link\" href=\"https:\/\/justicapotiguar.com.br\/index.php\/2026\/03\/27\/mpf-denuncia-envolvidos-em-esquema-internacional-de-comercializacao-de-videos-de-tortura-animal\/\">Mais&#8230;<\/a><\/p>\n","protected":false},"author":8,"featured_media":0,"comment_status":"open","ping_status":"open","sticky":false,"template":"","format":"standard","meta":[],"categories":[3],"tags":[],"_links":{"self":[{"href":"https:\/\/justicapotiguar.com.br\/index.php\/wp-json\/wp\/v2\/posts\/52639"}],"collection":[{"href":"https:\/\/justicapotiguar.com.br\/index.php\/wp-json\/wp\/v2\/posts"}],"about":[{"href":"https:\/\/justicapotiguar.com.br\/index.php\/wp-json\/wp\/v2\/types\/post"}],"author":[{"embeddable":true,"href":"https:\/\/justicapotiguar.com.br\/index.php\/wp-json\/wp\/v2\/users\/8"}],"replies":[{"embeddable":true,"href":"https:\/\/justicapotiguar.com.br\/index.php\/wp-json\/wp\/v2\/comments?post=52639"}],"version-history":[{"count":5,"href":"https:\/\/justicapotiguar.com.br\/index.php\/wp-json\/wp\/v2\/posts\/52639\/revisions"}],"predecessor-version":[{"id":52641,"href":"https:\/\/justicapotiguar.com.br\/index.php\/wp-json\/wp\/v2\/posts\/52639\/revisions\/52641"}],"wp:attachment":[{"href":"https:\/\/justicapotiguar.com.br\/index.php\/wp-json\/wp\/v2\/media?parent=52639"}],"wp:term":[{"taxonomy":"category","embeddable":true,"href":"https:\/\/justicapotiguar.com.br\/index.php\/wp-json\/wp\/v2\/categories?post=52639"},{"taxonomy":"post_tag","embeddable":true,"href":"https:\/\/justicapotiguar.com.br\/index.php\/wp-json\/wp\/v2\/tags?post=52639"}],"curies":[{"name":"wp","href":"https:\/\/api.w.org\/{rel}","templated":true}]}}