{"id":52634,"date":"2026-03-27T08:30:00","date_gmt":"2026-03-27T11:30:00","guid":{"rendered":"https:\/\/justicapotiguar.com.br\/?p=52634"},"modified":"2026-03-26T21:41:03","modified_gmt":"2026-03-27T00:41:03","slug":"46o-exame-de-ordem-confira-o-edital-de-reaproveitamento-da-1a-fase-do-exame-anterior","status":"publish","type":"post","link":"https:\/\/justicapotiguar.com.br\/index.php\/2026\/03\/27\/46o-exame-de-ordem-confira-o-edital-de-reaproveitamento-da-1a-fase-do-exame-anterior\/","title":{"rendered":"46\u00ba Exame de Ordem: confira o edital de reaproveitamento da 1\u00aa fase do exame anterior"},"content":{"rendered":"\n<figure class=\"wp-block-image size-large\"><img loading=\"lazy\" width=\"1000\" height=\"750\" src=\"https:\/\/justicapotiguar.com.br\/wp-content\/uploads\/2026\/03\/OAB.jpg\" alt=\"\" class=\"wp-image-52635\" srcset=\"https:\/\/justicapotiguar.com.br\/wp-content\/uploads\/2026\/03\/OAB.jpg 1000w, https:\/\/justicapotiguar.com.br\/wp-content\/uploads\/2026\/03\/OAB-300x225.jpg 300w, https:\/\/justicapotiguar.com.br\/wp-content\/uploads\/2026\/03\/OAB-768x576.jpg 768w\" sizes=\"(max-width: 1000px) 100vw, 1000px\" \/><figcaption>Foto: Reprodu\u00e7\u00e3o<\/figcaption><\/figure>\n\n\n\n<p>A Coordena\u00e7\u00e3o Nacional do Exame de Ordem Unificado (Coneor) e a Funda\u00e7\u00e3o Getulio Vargas (FGV) divulgaram o edital complementar do 46\u00ba Exame de Ordem Unificado (EOU), com informa\u00e7\u00f5es sobre o prazo para inscri\u00e7\u00f5es de reaproveitamento da 1\u00aa fase do 45\u00ba EOU.<\/p>\n\n\n\n<p>O examinando aprovado na 1\u00aa fase do 45\u00ba Exame de Ordem e reprovado, ausente ou eliminado na 2\u00aa fase poder\u00e1 reaproveitar o resultado para realizar a etapa pr\u00e1tico-profissional do 46\u00ba Exame. O procedimento deve ser feito exclusivamente no site da FGV, entre as 17h do dia 2 de abril e as 17h do dia 9 de abril de 2026.<\/p>\n\n\n\n<p>A taxa de inscri\u00e7\u00e3o \u00e9 de R$ 160, com possibilidade de solicita\u00e7\u00e3o de isen\u00e7\u00e3o para candidatos que atendam aos crit\u00e9rios previstos no edital.<\/p><div class=\"ekasa69ee696c8cf3b\" ><!--<a href=\"https:\/\/bit.ly\/3QdrqTZ\" target=\"_blank\">\n<img src=\"https:\/\/justicapotiguar.com.br\/wp-content\/uploads\/2023\/09\/mobile-geral.gif\"\/><a\/>--><\/div><style type=\"text\/css\">\r\n.ekasa69ee696c8cf3b {\r\ntext-align: center;\r\n}\r\n@media screen and (min-width: 1201px) {\r\n.ekasa69ee696c8cf3b {\r\ndisplay: none;\r\n}\r\n}\r\n@media screen and (min-width: 993px) and (max-width: 1200px) {\r\n.ekasa69ee696c8cf3b {\r\ndisplay: none;\r\n}\r\n}\r\n@media screen and (min-width: 769px) and (max-width: 992px) {\r\n.ekasa69ee696c8cf3b {\r\ndisplay: none;\r\n}\r\n}\r\n@media screen and (min-width: 768px) and (max-width: 768px) {\r\n.ekasa69ee696c8cf3b {\r\ndisplay: block;\r\n}\r\n}\r\n@media screen and (max-width: 767px) {\r\n.ekasa69ee696c8cf3b {\r\ndisplay: block;\r\n}\r\n}\r\n<\/style>\r\n<div class=\"pgalz69ee696c8cf26\" ><!--<a href=\"https:\/\/bit.ly\/3QdrqTZ\" target=\"_blank\">\n<img src=\"https:\/\/justicapotiguar.com.br\/wp-content\/uploads\/2023\/09\/desktop-geral.gif\"\/><a\/>--><\/div><style type=\"text\/css\">\r\n.pgalz69ee696c8cf26 {\r\ntext-align: center;\nmargin-bottom: 1em;\r\n}\r\n@media screen and (min-width: 1201px) {\r\n.pgalz69ee696c8cf26 {\r\ndisplay: block;\r\n}\r\n}\r\n@media screen and (min-width: 993px) and (max-width: 1200px) {\r\n.pgalz69ee696c8cf26 {\r\ndisplay: block;\r\n}\r\n}\r\n@media screen and (min-width: 769px) and (max-width: 992px) {\r\n.pgalz69ee696c8cf26 {\r\ndisplay: block;\r\n}\r\n}\r\n@media screen and (min-width: 768px) and (max-width: 768px) {\r\n.pgalz69ee696c8cf26 {\r\ndisplay: none;\r\n}\r\n}\r\n@media screen and (max-width: 767px) {\r\n.pgalz69ee696c8cf26 {\r\ndisplay: none;\r\n}\r\n}\r\n<\/style>\r\n\n\n\n\n<p>A aprova\u00e7\u00e3o no Exame de Ordem \u00e9 requisito necess\u00e1rio para a inscri\u00e7\u00e3o nos quadros da OAB como advogado. O Exame pode ser prestado por bachar\u00e9is em Direito, ainda que pendente apenas a cola\u00e7\u00e3o de grau, bem como por estudantes do \u00faltimo ano do curso ou dos dois \u00faltimos semestres.<\/p>\n\n\n\n<p><a rel=\"noreferrer noopener\" href=\"https:\/\/s.oab.org.br\/arquivos\/2026\/03\/055200f2-f9c6-45ad-8bfe-69f2dfb45fc4.pdf\" target=\"_blank\">Confira o edital complementar<\/a><br><br><em>Fonte: OAB\/RN<\/em><\/p>\n","protected":false},"excerpt":{"rendered":"<p>A taxa de inscri\u00e7\u00e3o \u00e9 de R$ 160, com possibilidade de solicita\u00e7\u00e3o de isen\u00e7\u00e3o para candidatos que atendam aos crit\u00e9rios previstos no edital.<br \/><a class=\"more-link\" href=\"https:\/\/justicapotiguar.com.br\/index.php\/2026\/03\/27\/46o-exame-de-ordem-confira-o-edital-de-reaproveitamento-da-1a-fase-do-exame-anterior\/\">Mais&#8230;<\/a><\/p>\n","protected":false},"author":8,"featured_media":0,"comment_status":"open","ping_status":"open","sticky":false,"template":"","format":"standard","meta":[],"categories":[3],"tags":[],"_links":{"self":[{"href":"https:\/\/justicapotiguar.com.br\/index.php\/wp-json\/wp\/v2\/posts\/52634"}],"collection":[{"href":"https:\/\/justicapotiguar.com.br\/index.php\/wp-json\/wp\/v2\/posts"}],"about":[{"href":"https:\/\/justicapotiguar.com.br\/index.php\/wp-json\/wp\/v2\/types\/post"}],"author":[{"embeddable":true,"href":"https:\/\/justicapotiguar.com.br\/index.php\/wp-json\/wp\/v2\/users\/8"}],"replies":[{"embeddable":true,"href":"https:\/\/justicapotiguar.com.br\/index.php\/wp-json\/wp\/v2\/comments?post=52634"}],"version-history":[{"count":3,"href":"https:\/\/justicapotiguar.com.br\/index.php\/wp-json\/wp\/v2\/posts\/52634\/revisions"}],"predecessor-version":[{"id":52638,"href":"https:\/\/justicapotiguar.com.br\/index.php\/wp-json\/wp\/v2\/posts\/52634\/revisions\/52638"}],"wp:attachment":[{"href":"https:\/\/justicapotiguar.com.br\/index.php\/wp-json\/wp\/v2\/media?parent=52634"}],"wp:term":[{"taxonomy":"category","embeddable":true,"href":"https:\/\/justicapotiguar.com.br\/index.php\/wp-json\/wp\/v2\/categories?post=52634"},{"taxonomy":"post_tag","embeddable":true,"href":"https:\/\/justicapotiguar.com.br\/index.php\/wp-json\/wp\/v2\/tags?post=52634"}],"curies":[{"name":"wp","href":"https:\/\/api.w.org\/{rel}","templated":true}]}}