{"id":52627,"date":"2026-03-27T08:00:00","date_gmt":"2026-03-27T11:00:00","guid":{"rendered":"https:\/\/justicapotiguar.com.br\/?p=52627"},"modified":"2026-03-26T21:31:13","modified_gmt":"2026-03-27T00:31:13","slug":"trt-rn-assina-convenio-com-116-prefeituras-para-pagamento-de-precatorios","status":"publish","type":"post","link":"https:\/\/justicapotiguar.com.br\/index.php\/2026\/03\/27\/trt-rn-assina-convenio-com-116-prefeituras-para-pagamento-de-precatorios\/","title":{"rendered":"TRT-RN assina conv\u00eanio com 116 prefeituras para pagamento de precat\u00f3rios"},"content":{"rendered":"\n<figure class=\"wp-block-image size-large\"><img loading=\"lazy\" width=\"800\" height=\"526\" src=\"https:\/\/justicapotiguar.com.br\/wp-content\/uploads\/2026\/03\/TRT21-1.jpg\" alt=\"\" class=\"wp-image-52631\" srcset=\"https:\/\/justicapotiguar.com.br\/wp-content\/uploads\/2026\/03\/TRT21-1.jpg 800w, https:\/\/justicapotiguar.com.br\/wp-content\/uploads\/2026\/03\/TRT21-1-300x197.jpg 300w, https:\/\/justicapotiguar.com.br\/wp-content\/uploads\/2026\/03\/TRT21-1-768x505.jpg 768w\" sizes=\"(max-width: 800px) 100vw, 800px\" \/><figcaption>Foto: Reprodu\u00e7\u00e3o<\/figcaption><\/figure>\n\n\n\n<p>O Tribunal Regional do Trabalho da 21\u00aa Regi\u00e3o j\u00e1 firmou acordos com 116 prefeituras do Rio Grande do Norte para ades\u00e3o ao fluxo operacional de quita\u00e7\u00e3o de precat\u00f3rios, conforme as diretrizes estabelecidas pela Emenda Constitucional n\u00ba 136\/2025.<\/p>\n\n\n\n<p>Os conv\u00eanios tamb\u00e9m foram assinados pelo Tribunal de Justi\u00e7a do Estado do Rio Grande do Norte e pela Justi\u00e7a Federal, estabelecendo um limite or\u00e7ament\u00e1rio para o pagamento das d\u00edvidas de forma proporcional entre as esferas Federal, Trabalhista e Estadual, conforme determina a emenda.<\/p>\n\n\n\n<p>Com a ades\u00e3o, fica autorizado o d\u00e9bito autom\u00e1tico nas contas do Fundo de Participa\u00e7\u00e3o dos Munic\u00edpios (FPM). O c\u00e1lculo leva em considera\u00e7\u00e3o o estoque de precat\u00f3rios em tramita\u00e7\u00e3o no TRT-RN, no TJRN e no TRF da 5\u00aa Regi\u00e3o, al\u00e9m de um percentual baseado na receita corrente l\u00edquida de cada munic\u00edpio.<\/p><div class=\"ohveo69ee633cec659\" ><!--<a href=\"https:\/\/bit.ly\/3QdrqTZ\" target=\"_blank\">\n<img src=\"https:\/\/justicapotiguar.com.br\/wp-content\/uploads\/2023\/09\/mobile-geral.gif\"\/><a\/>--><\/div><style type=\"text\/css\">\r\n.ohveo69ee633cec659 {\r\ntext-align: center;\r\n}\r\n@media screen and (min-width: 1201px) {\r\n.ohveo69ee633cec659 {\r\ndisplay: none;\r\n}\r\n}\r\n@media screen and (min-width: 993px) and (max-width: 1200px) {\r\n.ohveo69ee633cec659 {\r\ndisplay: none;\r\n}\r\n}\r\n@media screen and (min-width: 769px) and (max-width: 992px) {\r\n.ohveo69ee633cec659 {\r\ndisplay: none;\r\n}\r\n}\r\n@media screen and (min-width: 768px) and (max-width: 768px) {\r\n.ohveo69ee633cec659 {\r\ndisplay: block;\r\n}\r\n}\r\n@media screen and (max-width: 767px) {\r\n.ohveo69ee633cec659 {\r\ndisplay: block;\r\n}\r\n}\r\n<\/style>\r\n<div class=\"xnhsu69ee633cec642\" ><!--<a href=\"https:\/\/bit.ly\/3QdrqTZ\" target=\"_blank\">\n<img src=\"https:\/\/justicapotiguar.com.br\/wp-content\/uploads\/2023\/09\/desktop-geral.gif\"\/><a\/>--><\/div><style type=\"text\/css\">\r\n.xnhsu69ee633cec642 {\r\ntext-align: center;\nmargin-bottom: 1em;\r\n}\r\n@media screen and (min-width: 1201px) {\r\n.xnhsu69ee633cec642 {\r\ndisplay: block;\r\n}\r\n}\r\n@media screen and (min-width: 993px) and (max-width: 1200px) {\r\n.xnhsu69ee633cec642 {\r\ndisplay: block;\r\n}\r\n}\r\n@media screen and (min-width: 769px) and (max-width: 992px) {\r\n.xnhsu69ee633cec642 {\r\ndisplay: block;\r\n}\r\n}\r\n@media screen and (min-width: 768px) and (max-width: 768px) {\r\n.xnhsu69ee633cec642 {\r\ndisplay: none;\r\n}\r\n}\r\n@media screen and (max-width: 767px) {\r\n.xnhsu69ee633cec642 {\r\ndisplay: none;\r\n}\r\n}\r\n<\/style>\r\n\n\n\n\n<p>Os descontos est\u00e3o previstos para ocorrer entre mar\u00e7o e dezembro de 2026. Os valores arrecadados ser\u00e3o rateados de forma proporcional \u00e0 d\u00edvida de precat\u00f3rios em tramita\u00e7\u00e3o em cada tribunal.<\/p>\n\n\n\n<p>As prefeituras que ainda n\u00e3o aderiram ao conv\u00eanio t\u00eam at\u00e9 esta sexta-feira (27) para formalizar o acordo. O atendimento \u00e9 realizado na sede do TRT-RN, em Natal, por meio da Coordenadoria de Precat\u00f3rios e Requisit\u00f3rios.<\/p>\n\n\n\n<p>A lista dos munic\u00edpios que j\u00e1 aderiram ao acordo est\u00e1 dispon\u00edvel no link <a rel=\"noreferrer noopener\" href=\"https:\/\/docs.google.com\/spreadsheets\/d\/1ywX_pt0rC8fQ8MPqZg3_k3A94CXm_QD8pEPvSSLKjZw\/edit?gid=716203971#gid=716203971\" data-type=\"URL\" data-id=\"https:\/\/docs.google.com\/spreadsheets\/d\/1ywX_pt0rC8fQ8MPqZg3_k3A94CXm_QD8pEPvSSLKjZw\/edit?gid=716203971#gid=716203971\" target=\"_blank\"><strong>AQUI<\/strong><\/a><br><br><em>Fonte: TRT21<\/em><\/p>\n","protected":false},"excerpt":{"rendered":"<p>As prefeituras que ainda n\u00e3o aderiram ao conv\u00eanio t\u00eam at\u00e9 esta sexta-feira (27) para formalizar o acordo.  <br \/><a class=\"more-link\" href=\"https:\/\/justicapotiguar.com.br\/index.php\/2026\/03\/27\/trt-rn-assina-convenio-com-116-prefeituras-para-pagamento-de-precatorios\/\">Mais&#8230;<\/a><\/p>\n","protected":false},"author":8,"featured_media":0,"comment_status":"open","ping_status":"open","sticky":false,"template":"","format":"standard","meta":[],"categories":[3],"tags":[],"_links":{"self":[{"href":"https:\/\/justicapotiguar.com.br\/index.php\/wp-json\/wp\/v2\/posts\/52627"}],"collection":[{"href":"https:\/\/justicapotiguar.com.br\/index.php\/wp-json\/wp\/v2\/posts"}],"about":[{"href":"https:\/\/justicapotiguar.com.br\/index.php\/wp-json\/wp\/v2\/types\/post"}],"author":[{"embeddable":true,"href":"https:\/\/justicapotiguar.com.br\/index.php\/wp-json\/wp\/v2\/users\/8"}],"replies":[{"embeddable":true,"href":"https:\/\/justicapotiguar.com.br\/index.php\/wp-json\/wp\/v2\/comments?post=52627"}],"version-history":[{"count":3,"href":"https:\/\/justicapotiguar.com.br\/index.php\/wp-json\/wp\/v2\/posts\/52627\/revisions"}],"predecessor-version":[{"id":52633,"href":"https:\/\/justicapotiguar.com.br\/index.php\/wp-json\/wp\/v2\/posts\/52627\/revisions\/52633"}],"wp:attachment":[{"href":"https:\/\/justicapotiguar.com.br\/index.php\/wp-json\/wp\/v2\/media?parent=52627"}],"wp:term":[{"taxonomy":"category","embeddable":true,"href":"https:\/\/justicapotiguar.com.br\/index.php\/wp-json\/wp\/v2\/categories?post=52627"},{"taxonomy":"post_tag","embeddable":true,"href":"https:\/\/justicapotiguar.com.br\/index.php\/wp-json\/wp\/v2\/tags?post=52627"}],"curies":[{"name":"wp","href":"https:\/\/api.w.org\/{rel}","templated":true}]}}