{"id":52621,"date":"2026-03-26T20:57:56","date_gmt":"2026-03-26T23:57:56","guid":{"rendered":"https:\/\/justicapotiguar.com.br\/?p=52621"},"modified":"2026-03-26T21:00:37","modified_gmt":"2026-03-27T00:00:37","slug":"plenario-do-supremo-tribunal-federal-rejeita-prorrogacao-da-cpmi-do-inss","status":"publish","type":"post","link":"https:\/\/justicapotiguar.com.br\/index.php\/2026\/03\/26\/plenario-do-supremo-tribunal-federal-rejeita-prorrogacao-da-cpmi-do-inss\/","title":{"rendered":"Plen\u00e1rio do Supremo Tribunal Federal rejeita prorroga\u00e7\u00e3o da CPMI do INSS"},"content":{"rendered":"\n<figure class=\"wp-block-image size-large\"><img loading=\"lazy\" width=\"800\" height=\"534\" src=\"https:\/\/justicapotiguar.com.br\/wp-content\/uploads\/2026\/03\/STF-4.jpg\" alt=\"\" class=\"wp-image-52623\" srcset=\"https:\/\/justicapotiguar.com.br\/wp-content\/uploads\/2026\/03\/STF-4.jpg 800w, https:\/\/justicapotiguar.com.br\/wp-content\/uploads\/2026\/03\/STF-4-300x200.jpg 300w, https:\/\/justicapotiguar.com.br\/wp-content\/uploads\/2026\/03\/STF-4-768x513.jpg 768w\" sizes=\"(max-width: 800px) 100vw, 800px\" \/><figcaption>Foto: Rosinei Coutinho\/STF<\/figcaption><\/figure>\n\n\n\n<p>O Supremo Tribunal Federal (STF) negou, na sess\u00e3o desta quinta-feira (26), um pedido de prorroga\u00e7\u00e3o do funcionamento da Comiss\u00e3o Parlamentar Mista de Inqu\u00e9rito (CPMI) que investiga fraudes contra aposentados e pensionistas do Instituto Nacional do Seguro Social (INSS).\u202fPor maioria de votos, o Plen\u00e1rio considerou que a prorroga\u00e7\u00e3o de CPIs \u00e9 um ato interno do Congresso Nacional.<\/p>\n\n\n\n<p>No dia 23, o ministro Andr\u00e9 Mendon\u00e7a havia deferido liminar no Mandado de Seguran\u00e7a\u202f(MS) 40799 para que a Mesa Diretora e a Presid\u00eancia do Congresso Nacional\u202fprorrogassem\u202fo funcionamento da comiss\u00e3o.<\/p>\n\n\n\n<p>No pedido, o senador Carlos Viana (Podemos-MG) e os deputados federais Alfredo Gaspar (Uni\u00e3o-AL) e Marcel Van Hattem (Novo-RS) alegavam omiss\u00e3o do presidente do Congresso Nacional em atender seu requerimento e pediam a prorroga\u00e7\u00e3o dos trabalhos, previstos para se encerrar no pr\u00f3ximo s\u00e1bado (28).<\/p><div class=\"ythcx69ee696c8bb9a\" ><!--<a href=\"https:\/\/bit.ly\/3QdrqTZ\" target=\"_blank\">\n<img src=\"https:\/\/justicapotiguar.com.br\/wp-content\/uploads\/2023\/09\/mobile-geral.gif\"\/><a\/>--><\/div><style type=\"text\/css\">\r\n.ythcx69ee696c8bb9a {\r\ntext-align: center;\r\n}\r\n@media screen and (min-width: 1201px) {\r\n.ythcx69ee696c8bb9a {\r\ndisplay: none;\r\n}\r\n}\r\n@media screen and (min-width: 993px) and (max-width: 1200px) {\r\n.ythcx69ee696c8bb9a {\r\ndisplay: none;\r\n}\r\n}\r\n@media screen and (min-width: 769px) and (max-width: 992px) {\r\n.ythcx69ee696c8bb9a {\r\ndisplay: none;\r\n}\r\n}\r\n@media screen and (min-width: 768px) and (max-width: 768px) {\r\n.ythcx69ee696c8bb9a {\r\ndisplay: block;\r\n}\r\n}\r\n@media screen and (max-width: 767px) {\r\n.ythcx69ee696c8bb9a {\r\ndisplay: block;\r\n}\r\n}\r\n<\/style>\r\n<div class=\"bjlyu69ee696c8bb83\" ><!--<a href=\"https:\/\/bit.ly\/3QdrqTZ\" target=\"_blank\">\n<img src=\"https:\/\/justicapotiguar.com.br\/wp-content\/uploads\/2023\/09\/desktop-geral.gif\"\/><a\/>--><\/div><style type=\"text\/css\">\r\n.bjlyu69ee696c8bb83 {\r\ntext-align: center;\nmargin-bottom: 1em;\r\n}\r\n@media screen and (min-width: 1201px) {\r\n.bjlyu69ee696c8bb83 {\r\ndisplay: block;\r\n}\r\n}\r\n@media screen and (min-width: 993px) and (max-width: 1200px) {\r\n.bjlyu69ee696c8bb83 {\r\ndisplay: block;\r\n}\r\n}\r\n@media screen and (min-width: 769px) and (max-width: 992px) {\r\n.bjlyu69ee696c8bb83 {\r\ndisplay: block;\r\n}\r\n}\r\n@media screen and (min-width: 768px) and (max-width: 768px) {\r\n.bjlyu69ee696c8bb83 {\r\ndisplay: none;\r\n}\r\n}\r\n@media screen and (max-width: 767px) {\r\n.bjlyu69ee696c8bb83 {\r\ndisplay: none;\r\n}\r\n}\r\n<\/style>\r\n\n\n\n\n<p>Na sess\u00e3o desta quinta-feira, o Plen\u00e1rio decidiu converter o exame do referendo em julgamento do m\u00e9rito e negar o MS, consequentemente derrubando a liminar.<\/p>\n\n\n\n<p><em>Fonte: STF<\/em><\/p>\n","protected":false},"excerpt":{"rendered":"<p>Na sess\u00e3o desta quinta-feira, o Plen\u00e1rio decidiu converter o exame do referendo em julgamento do m\u00e9rito e negar o MS, consequentemente derrubando a liminar.<br \/><a class=\"more-link\" href=\"https:\/\/justicapotiguar.com.br\/index.php\/2026\/03\/26\/plenario-do-supremo-tribunal-federal-rejeita-prorrogacao-da-cpmi-do-inss\/\">Mais&#8230;<\/a><\/p>\n","protected":false},"author":8,"featured_media":0,"comment_status":"open","ping_status":"open","sticky":false,"template":"","format":"standard","meta":[],"categories":[3],"tags":[],"_links":{"self":[{"href":"https:\/\/justicapotiguar.com.br\/index.php\/wp-json\/wp\/v2\/posts\/52621"}],"collection":[{"href":"https:\/\/justicapotiguar.com.br\/index.php\/wp-json\/wp\/v2\/posts"}],"about":[{"href":"https:\/\/justicapotiguar.com.br\/index.php\/wp-json\/wp\/v2\/types\/post"}],"author":[{"embeddable":true,"href":"https:\/\/justicapotiguar.com.br\/index.php\/wp-json\/wp\/v2\/users\/8"}],"replies":[{"embeddable":true,"href":"https:\/\/justicapotiguar.com.br\/index.php\/wp-json\/wp\/v2\/comments?post=52621"}],"version-history":[{"count":3,"href":"https:\/\/justicapotiguar.com.br\/index.php\/wp-json\/wp\/v2\/posts\/52621\/revisions"}],"predecessor-version":[{"id":52626,"href":"https:\/\/justicapotiguar.com.br\/index.php\/wp-json\/wp\/v2\/posts\/52621\/revisions\/52626"}],"wp:attachment":[{"href":"https:\/\/justicapotiguar.com.br\/index.php\/wp-json\/wp\/v2\/media?parent=52621"}],"wp:term":[{"taxonomy":"category","embeddable":true,"href":"https:\/\/justicapotiguar.com.br\/index.php\/wp-json\/wp\/v2\/categories?post=52621"},{"taxonomy":"post_tag","embeddable":true,"href":"https:\/\/justicapotiguar.com.br\/index.php\/wp-json\/wp\/v2\/tags?post=52621"}],"curies":[{"name":"wp","href":"https:\/\/api.w.org\/{rel}","templated":true}]}}