{"id":52616,"date":"2026-03-26T17:11:14","date_gmt":"2026-03-26T20:11:14","guid":{"rendered":"https:\/\/justicapotiguar.com.br\/?p=52616"},"modified":"2026-03-26T17:12:31","modified_gmt":"2026-03-26T20:12:31","slug":"justica-condena-homem-por-apontar-pai-biologico-antes-do-exame-de-dna","status":"publish","type":"post","link":"https:\/\/justicapotiguar.com.br\/index.php\/2026\/03\/26\/justica-condena-homem-por-apontar-pai-biologico-antes-do-exame-de-dna\/","title":{"rendered":"Justi\u00e7a condena homem por apontar pai biol\u00f3gico antes do exame de DNA"},"content":{"rendered":"\n<figure class=\"wp-block-image size-large\"><img loading=\"lazy\" width=\"1000\" height=\"667\" src=\"https:\/\/justicapotiguar.com.br\/wp-content\/uploads\/2026\/03\/DNA.jpg\" alt=\"\" class=\"wp-image-52618\" srcset=\"https:\/\/justicapotiguar.com.br\/wp-content\/uploads\/2026\/03\/DNA.jpg 1000w, https:\/\/justicapotiguar.com.br\/wp-content\/uploads\/2026\/03\/DNA-300x200.jpg 300w, https:\/\/justicapotiguar.com.br\/wp-content\/uploads\/2026\/03\/DNA-768x512.jpg 768w\" sizes=\"(max-width: 1000px) 100vw, 1000px\" \/><figcaption>Cr\u00e9dito: Freepik<\/figcaption><\/figure>\n\n\n\n<p>A 17\u00aa C\u00e2mara C\u00edvel do Tribunal de Justi\u00e7a de Minas Gerais (TJMG) confirmou a condena\u00e7\u00e3o de um homem ao pagamento de indeniza\u00e7\u00e3o por danos morais e multa por divulgar publicamente quem seria seu pai biol\u00f3gico, antes mesmo da conclus\u00e3o de exames de DNA. O caso ocorreu na cidade de Inhapim, no Vale do Rio Doce.<\/p>\n\n\n\n<p>O autor ingressou com a a\u00e7\u00e3o alegando ter sido submetido a um grave e desnecess\u00e1rio constrangimento. Segundo ele, o r\u00e9u \u201cdeu ampla e indevida divulga\u00e7\u00e3o\u201d \u00e0 investiga\u00e7\u00e3o de paternidade, antecipando \u00e0 vizinhan\u00e7a e \u00e0 comunidade quem seria seu genitor.<\/p>\n\n\n\n<p>O autor destacou, ainda, que essa conduta gerou \u201cdissabores n\u00e3o apenas sociais, mas tamb\u00e9m em seu meio familiar, afetando sua imagem como c\u00f4njuge e figura de refer\u00eancia dom\u00e9stica\u201d.<\/p>\n\n\n\n<p>Em sua defesa, o r\u00e9u sustentou que a senten\u00e7a deveria ser anulada ou reformada, sob o argumento de aus\u00eancia de prova do ato il\u00edcito e de ado\u00e7\u00e3o, pelo ju\u00edzo, \u201cde racioc\u00ednio baseado em presun\u00e7\u00f5es e conclus\u00f5es subjetivas\u201d.<\/p>\n\n\n\n<p>Afirma tamb\u00e9m que \u201cjamais promoveu qualquer divulga\u00e7\u00e3o vexat\u00f3ria, limitando-se a exercer o direito de buscar sua origem biol\u00f3gica, o que n\u00e3o pode ser considerado il\u00edcito\u201d.<\/p>\n\n\n\n<p>A 1\u00aa Inst\u00e2ncia julgou os pedidos parcialmente procedentes. O ju\u00edzo entendeu que, embora o r\u00e9u tivesse o direito de buscar seu verdadeiro genitor, conferiu \u201cdivulga\u00e7\u00e3o excessiva aos exames de DNA, agindo de forma precipitada e equivocada\u201d.<\/p><div class=\"xiigu69ee697bbc716\" ><!--<a href=\"https:\/\/bit.ly\/3QdrqTZ\" target=\"_blank\">\n<img src=\"https:\/\/justicapotiguar.com.br\/wp-content\/uploads\/2023\/09\/mobile-geral.gif\"\/><a\/>--><\/div><style type=\"text\/css\">\r\n.xiigu69ee697bbc716 {\r\ntext-align: center;\r\n}\r\n@media screen and (min-width: 1201px) {\r\n.xiigu69ee697bbc716 {\r\ndisplay: none;\r\n}\r\n}\r\n@media screen and (min-width: 993px) and (max-width: 1200px) {\r\n.xiigu69ee697bbc716 {\r\ndisplay: none;\r\n}\r\n}\r\n@media screen and (min-width: 769px) and (max-width: 992px) {\r\n.xiigu69ee697bbc716 {\r\ndisplay: none;\r\n}\r\n}\r\n@media screen and (min-width: 768px) and (max-width: 768px) {\r\n.xiigu69ee697bbc716 {\r\ndisplay: block;\r\n}\r\n}\r\n@media screen and (max-width: 767px) {\r\n.xiigu69ee697bbc716 {\r\ndisplay: block;\r\n}\r\n}\r\n<\/style>\r\n<div class=\"colif69ee697bbc6fb\" ><!--<a href=\"https:\/\/bit.ly\/3QdrqTZ\" target=\"_blank\">\n<img src=\"https:\/\/justicapotiguar.com.br\/wp-content\/uploads\/2023\/09\/desktop-geral.gif\"\/><a\/>--><\/div><style type=\"text\/css\">\r\n.colif69ee697bbc6fb {\r\ntext-align: center;\nmargin-bottom: 1em;\r\n}\r\n@media screen and (min-width: 1201px) {\r\n.colif69ee697bbc6fb {\r\ndisplay: block;\r\n}\r\n}\r\n@media screen and (min-width: 993px) and (max-width: 1200px) {\r\n.colif69ee697bbc6fb {\r\ndisplay: block;\r\n}\r\n}\r\n@media screen and (min-width: 769px) and (max-width: 992px) {\r\n.colif69ee697bbc6fb {\r\ndisplay: block;\r\n}\r\n}\r\n@media screen and (min-width: 768px) and (max-width: 768px) {\r\n.colif69ee697bbc6fb {\r\ndisplay: none;\r\n}\r\n}\r\n@media screen and (max-width: 767px) {\r\n.colif69ee697bbc6fb {\r\ndisplay: none;\r\n}\r\n}\r\n<\/style>\r\n\n\n\n\n<p>A senten\u00e7a fixou a indeniza\u00e7\u00e3o em R$ 10 mil, fundamentando que o valor deveria cumprir uma fun\u00e7\u00e3o pedag\u00f3gica e compensat\u00f3ria, e multa de 2% sobre o valor da causa por litig\u00e2ncia de m\u00e1-f\u00e9.<\/p>\n\n\n\n<p>Segundo a magistrada, o r\u00e9u \u201cfalseou a realidade em v\u00e1rios momentos\u201d, tentando inclusive imputar ao pr\u00f3prio autor a responsabilidade pela divulga\u00e7\u00e3o dos fatos em uma reconven\u00e7\u00e3o julgada improcedente. Diante disso, o r\u00e9u recorreu.<\/p>\n\n\n\n<p>O relator do caso, desembargador Amauri Pinto Ferreira, manteve a decis\u00e3o. Ele destacou que as provas do processo, incluindo depoimentos de moradores, confirmaram que o assunto se tornou de dom\u00ednio p\u00fablico por iniciativa do r\u00e9u, expondo indevidamente o nome do autor da a\u00e7\u00e3o.<\/p>\n\n\n\n<p>Segundo o magistrado, o direito de investiga\u00e7\u00e3o de paternidade n\u00e3o \u00e9 absoluto e deve ser conduzido com reserva e respeito \u00e0 dignidade dos envolvidos.<\/p>\n\n\n\n<p>Os desembargadores Aparecida Grossi e Evandro Lopes da Costa Teixeira acompanharam o voto do relator.<\/p>\n\n\n\n<p><strong>O ac\u00f3rd\u00e3o tramita sob o n\u00ba 1.0000.25.404474-6\/001.<\/strong><br><br><em>Fonte: TJ-MG<\/em><\/p>\n","protected":false},"excerpt":{"rendered":"<p>O autor destacou que a conduta gerou \u201cdissabores n\u00e3o apenas sociais, mas tamb\u00e9m em seu meio familiar, afetando sua imagem como c\u00f4njuge e figura de refer\u00eancia dom\u00e9stica.<br \/><a class=\"more-link\" href=\"https:\/\/justicapotiguar.com.br\/index.php\/2026\/03\/26\/justica-condena-homem-por-apontar-pai-biologico-antes-do-exame-de-dna\/\">Mais&#8230;<\/a><\/p>\n","protected":false},"author":8,"featured_media":0,"comment_status":"open","ping_status":"open","sticky":false,"template":"","format":"standard","meta":[],"categories":[3],"tags":[],"_links":{"self":[{"href":"https:\/\/justicapotiguar.com.br\/index.php\/wp-json\/wp\/v2\/posts\/52616"}],"collection":[{"href":"https:\/\/justicapotiguar.com.br\/index.php\/wp-json\/wp\/v2\/posts"}],"about":[{"href":"https:\/\/justicapotiguar.com.br\/index.php\/wp-json\/wp\/v2\/types\/post"}],"author":[{"embeddable":true,"href":"https:\/\/justicapotiguar.com.br\/index.php\/wp-json\/wp\/v2\/users\/8"}],"replies":[{"embeddable":true,"href":"https:\/\/justicapotiguar.com.br\/index.php\/wp-json\/wp\/v2\/comments?post=52616"}],"version-history":[{"count":3,"href":"https:\/\/justicapotiguar.com.br\/index.php\/wp-json\/wp\/v2\/posts\/52616\/revisions"}],"predecessor-version":[{"id":52620,"href":"https:\/\/justicapotiguar.com.br\/index.php\/wp-json\/wp\/v2\/posts\/52616\/revisions\/52620"}],"wp:attachment":[{"href":"https:\/\/justicapotiguar.com.br\/index.php\/wp-json\/wp\/v2\/media?parent=52616"}],"wp:term":[{"taxonomy":"category","embeddable":true,"href":"https:\/\/justicapotiguar.com.br\/index.php\/wp-json\/wp\/v2\/categories?post=52616"},{"taxonomy":"post_tag","embeddable":true,"href":"https:\/\/justicapotiguar.com.br\/index.php\/wp-json\/wp\/v2\/tags?post=52616"}],"curies":[{"name":"wp","href":"https:\/\/api.w.org\/{rel}","templated":true}]}}