{"id":52612,"date":"2026-03-26T16:33:48","date_gmt":"2026-03-26T19:33:48","guid":{"rendered":"https:\/\/justicapotiguar.com.br\/?p=52612"},"modified":"2026-03-26T16:36:10","modified_gmt":"2026-03-26T19:36:10","slug":"juiza-federal-potiguar-luiza-dantas-assume-a-presidencia-da-rejufe","status":"publish","type":"post","link":"https:\/\/justicapotiguar.com.br\/index.php\/2026\/03\/26\/juiza-federal-potiguar-luiza-dantas-assume-a-presidencia-da-rejufe\/","title":{"rendered":"Ju\u00edza potiguar Lu\u00edza Dantas assume a presid\u00eancia da Associa\u00e7\u00e3o dos Ju\u00edzes Federais da 5\u00aa Regi\u00e3o"},"content":{"rendered":"\n<p>A Associa\u00e7\u00e3o Regional dos Ju\u00edzes Federais passa a ser comandada por uma magistrada potiguar. A Ju\u00edza Federal Lu\u00edza Dantas, que j\u00e1 atuou na Justi\u00e7a Federal do Rio Grande do Norte e hoje atua na Para\u00edba, assumiu a presid\u00eancia da REJUFE. A solenidade aconteceu no F\u00f3rum Ministro Artur Marinho (Jiqui\u00e1).<\/p>\n\n\n\n<p>A nova presidente ter\u00e1 ao seu lado, na dire\u00e7\u00e3o, os magistrados Katherine Bezerra, tamb\u00e9m potiguar, Jaime Sarinho, Andr\u00e9 Vieira, Gabriela Fontenelle, S\u00e9rgio Feitosa, Pedro Sud\u00e1rio e Luiz Bispo Neto.<\/p><div class=\"iugea69ee697bbc975\" ><!--<a href=\"https:\/\/bit.ly\/3QdrqTZ\" target=\"_blank\">\n<img src=\"https:\/\/justicapotiguar.com.br\/wp-content\/uploads\/2023\/09\/mobile-geral.gif\"\/><a\/>--><\/div><style type=\"text\/css\">\r\n.iugea69ee697bbc975 {\r\ntext-align: center;\r\n}\r\n@media screen and (min-width: 1201px) {\r\n.iugea69ee697bbc975 {\r\ndisplay: none;\r\n}\r\n}\r\n@media screen and (min-width: 993px) and (max-width: 1200px) {\r\n.iugea69ee697bbc975 {\r\ndisplay: none;\r\n}\r\n}\r\n@media screen and (min-width: 769px) and (max-width: 992px) {\r\n.iugea69ee697bbc975 {\r\ndisplay: none;\r\n}\r\n}\r\n@media screen and (min-width: 768px) and (max-width: 768px) {\r\n.iugea69ee697bbc975 {\r\ndisplay: block;\r\n}\r\n}\r\n@media screen and (max-width: 767px) {\r\n.iugea69ee697bbc975 {\r\ndisplay: block;\r\n}\r\n}\r\n<\/style>\r\n<div class=\"emvhx69ee697bbc960\" ><!--<a href=\"https:\/\/bit.ly\/3QdrqTZ\" target=\"_blank\">\n<img src=\"https:\/\/justicapotiguar.com.br\/wp-content\/uploads\/2023\/09\/desktop-geral.gif\"\/><a\/>--><\/div><style type=\"text\/css\">\r\n.emvhx69ee697bbc960 {\r\ntext-align: center;\nmargin-bottom: 1em;\r\n}\r\n@media screen and (min-width: 1201px) {\r\n.emvhx69ee697bbc960 {\r\ndisplay: block;\r\n}\r\n}\r\n@media screen and (min-width: 993px) and (max-width: 1200px) {\r\n.emvhx69ee697bbc960 {\r\ndisplay: block;\r\n}\r\n}\r\n@media screen and (min-width: 769px) and (max-width: 992px) {\r\n.emvhx69ee697bbc960 {\r\ndisplay: block;\r\n}\r\n}\r\n@media screen and (min-width: 768px) and (max-width: 768px) {\r\n.emvhx69ee697bbc960 {\r\ndisplay: none;\r\n}\r\n}\r\n@media screen and (max-width: 767px) {\r\n.emvhx69ee697bbc960 {\r\ndisplay: none;\r\n}\r\n}\r\n<\/style>\r\n\n\n\n\n<p>No Conselho Fiscal estar\u00e3o Arthur Feij\u00f3, Rafael Tavares e Thiago Ata\u00edde, al\u00e9m dos suplentes Caio Diniz, tamb\u00e9m potiguar, e o Desembargador Federal Walter Nunes.<\/p>\n","protected":false},"excerpt":{"rendered":"<p>A nova presidente ter\u00e1 ao seu lado, na dire\u00e7\u00e3o, os magistrados Katherine Bezerra, tamb\u00e9m potiguar, Jaime Sarinho, Andr\u00e9 Vieira, Gabriela Fontenelle, S\u00e9rgio Feitosa, Pedro Sud\u00e1rio e Luiz Bispo Neto.<br \/><a class=\"more-link\" href=\"https:\/\/justicapotiguar.com.br\/index.php\/2026\/03\/26\/juiza-federal-potiguar-luiza-dantas-assume-a-presidencia-da-rejufe\/\">Mais&#8230;<\/a><\/p>\n","protected":false},"author":8,"featured_media":0,"comment_status":"open","ping_status":"open","sticky":false,"template":"","format":"standard","meta":[],"categories":[3],"tags":[],"_links":{"self":[{"href":"https:\/\/justicapotiguar.com.br\/index.php\/wp-json\/wp\/v2\/posts\/52612"}],"collection":[{"href":"https:\/\/justicapotiguar.com.br\/index.php\/wp-json\/wp\/v2\/posts"}],"about":[{"href":"https:\/\/justicapotiguar.com.br\/index.php\/wp-json\/wp\/v2\/types\/post"}],"author":[{"embeddable":true,"href":"https:\/\/justicapotiguar.com.br\/index.php\/wp-json\/wp\/v2\/users\/8"}],"replies":[{"embeddable":true,"href":"https:\/\/justicapotiguar.com.br\/index.php\/wp-json\/wp\/v2\/comments?post=52612"}],"version-history":[{"count":3,"href":"https:\/\/justicapotiguar.com.br\/index.php\/wp-json\/wp\/v2\/posts\/52612\/revisions"}],"predecessor-version":[{"id":52615,"href":"https:\/\/justicapotiguar.com.br\/index.php\/wp-json\/wp\/v2\/posts\/52612\/revisions\/52615"}],"wp:attachment":[{"href":"https:\/\/justicapotiguar.com.br\/index.php\/wp-json\/wp\/v2\/media?parent=52612"}],"wp:term":[{"taxonomy":"category","embeddable":true,"href":"https:\/\/justicapotiguar.com.br\/index.php\/wp-json\/wp\/v2\/categories?post=52612"},{"taxonomy":"post_tag","embeddable":true,"href":"https:\/\/justicapotiguar.com.br\/index.php\/wp-json\/wp\/v2\/tags?post=52612"}],"curies":[{"name":"wp","href":"https:\/\/api.w.org\/{rel}","templated":true}]}}