{"id":526,"date":"2019-08-08T11:49:25","date_gmt":"2019-08-08T14:49:25","guid":{"rendered":"https:\/\/justicapotiguar.com.br\/?p=526"},"modified":"2019-08-08T11:49:25","modified_gmt":"2019-08-08T14:49:25","slug":"namorar-por-um-mes-e-meio-e-morar-junto-por-duas-semanas-nao-e-uniao-estavel-decide-stj","status":"publish","type":"post","link":"https:\/\/justicapotiguar.com.br\/index.php\/2019\/08\/08\/namorar-por-um-mes-e-meio-e-morar-junto-por-duas-semanas-nao-e-uniao-estavel-decide-stj\/","title":{"rendered":"Namorar por um m\u00eas e meio e morar junto por duas semanas n\u00e3o \u00e9 uni\u00e3o est\u00e1vel, decide STJ"},"content":{"rendered":"\n<figure class=\"wp-block-image\"><img loading=\"lazy\" width=\"1024\" height=\"615\" src=\"https:\/\/justicapotiguar.com.br\/wp-content\/uploads\/2019\/08\/Casal-1024x615.jpg\" alt=\"\" class=\"wp-image-527\" srcset=\"https:\/\/justicapotiguar.com.br\/wp-content\/uploads\/2019\/08\/Casal-1024x615.jpg 1024w, https:\/\/justicapotiguar.com.br\/wp-content\/uploads\/2019\/08\/Casal-300x180.jpg 300w, https:\/\/justicapotiguar.com.br\/wp-content\/uploads\/2019\/08\/Casal-768x461.jpg 768w, https:\/\/justicapotiguar.com.br\/wp-content\/uploads\/2019\/08\/Casal.jpg 1086w\" sizes=\"(max-width: 1024px) 100vw, 1024px\" \/><figcaption>Foto: Guilherme Pinto \/ Ag\u00eancia O Globo<\/figcaption><\/figure>\n\n\n\n<p>A 4\u00aa Turma do Superior Tribunal de Justi\u00e7a (STJ) decidiu, por unanimidade, que namorar por um m\u00eas e meio e morar junto por quinze dias n\u00e3o vale como uni\u00e3o est\u00e1vel .<\/p>\n\n\n\n<p>A decis\u00e3o dos ministros acatou recurso especial e anulou uma senten\u00e7a do Tribunal de Justi\u00e7a de Mato Grosso do Sul, que havia reconhecido esse tipo de v\u00ednculo entre um casal do estado.<\/p>\n\n\n\n<p>Ap\u00f3s o per\u00edodo de relacionamento e de viverem na mesma casa, o homem morreu, o que deu origem \u00e0 a\u00e7\u00e3o pedindo o reconhecimento do compromisso.  <\/p>\n\n\n\n<p>O relator do caso no STJ, ministro Luis Felipe Salom\u00e3o, argumentou que a legisla\u00e7\u00e3o em vigor n\u00e3o estabelece um prazo para que se configure a uni\u00e3o est\u00e1vel entre duas pessoas, mas ressaltou que um per\u00edodo m\u00ednimo deveria ser exigido para atestar a estabilidade do relacionamento, o que, segundo ele, \u00e9 fundamental para reconhecer a uni\u00e3o est\u00e1vel.<\/p>\n\n\n\n<p>\u2014 O relacionamento do casal teve um tempo muito ex\u00edguo de dura\u00e7\u00e3o: dois meses de namoro e duas semanas de coabita\u00e7\u00e3o. N\u00e3o permite a configura\u00e7\u00e3o de estabilidade necess\u00e1ria para o reconhecimento da uni\u00e3o est\u00e1vel. N\u00e3o  h\u00e1 como excluir o requisito da estabilidade, havendo necessidade de conviv\u00eancia m\u00ednima entre o casal, permitindo que se dividam alegrias e tristezas, que se compartilhem dificuldades e projetos de vida, sendo necess\u00e1rio para tanto um tempo razo\u00e1vel de relacionamento \u2014, disse.<\/p>\n\n\n\n<p>Salom\u00e3o reconheceu que a inten\u00e7\u00e3o do casal era a de \u201cconstituir fam\u00edlia\u201d, mas afirmou que o desejo n\u00e3o \u00e9 suficiente para concretizar a uni\u00e3o.  <\/p><div class=\"fxgbm69f2f5832624b\" ><!--<a href=\"https:\/\/bit.ly\/3QdrqTZ\" target=\"_blank\">\n<img src=\"https:\/\/justicapotiguar.com.br\/wp-content\/uploads\/2023\/09\/mobile-geral.gif\"\/><a\/>--><\/div><style type=\"text\/css\">\r\n.fxgbm69f2f5832624b {\r\ntext-align: center;\r\n}\r\n@media screen and (min-width: 1201px) {\r\n.fxgbm69f2f5832624b {\r\ndisplay: none;\r\n}\r\n}\r\n@media screen and (min-width: 993px) and (max-width: 1200px) {\r\n.fxgbm69f2f5832624b {\r\ndisplay: none;\r\n}\r\n}\r\n@media screen and (min-width: 769px) and (max-width: 992px) {\r\n.fxgbm69f2f5832624b {\r\ndisplay: none;\r\n}\r\n}\r\n@media screen and (min-width: 768px) and (max-width: 768px) {\r\n.fxgbm69f2f5832624b {\r\ndisplay: block;\r\n}\r\n}\r\n@media screen and (max-width: 767px) {\r\n.fxgbm69f2f5832624b {\r\ndisplay: block;\r\n}\r\n}\r\n<\/style>\r\n<div class=\"navks69f2f58326229\" ><!--<a href=\"https:\/\/bit.ly\/3QdrqTZ\" target=\"_blank\">\n<img src=\"https:\/\/justicapotiguar.com.br\/wp-content\/uploads\/2023\/09\/desktop-geral.gif\"\/><a\/>--><\/div><style type=\"text\/css\">\r\n.navks69f2f58326229 {\r\ntext-align: center;\nmargin-bottom: 1em;\r\n}\r\n@media screen and (min-width: 1201px) {\r\n.navks69f2f58326229 {\r\ndisplay: block;\r\n}\r\n}\r\n@media screen and (min-width: 993px) and (max-width: 1200px) {\r\n.navks69f2f58326229 {\r\ndisplay: block;\r\n}\r\n}\r\n@media screen and (min-width: 769px) and (max-width: 992px) {\r\n.navks69f2f58326229 {\r\ndisplay: block;\r\n}\r\n}\r\n@media screen and (min-width: 768px) and (max-width: 768px) {\r\n.navks69f2f58326229 {\r\ndisplay: none;\r\n}\r\n}\r\n@media screen and (max-width: 767px) {\r\n.navks69f2f58326229 {\r\ndisplay: none;\r\n}\r\n}\r\n<\/style>\r\n\n\n\n\n<p>\u2014  N\u00e3o h\u00e1 de se falar em comunh\u00e3o de vida entre pessoas no sentido material e imaterial em uma rela\u00e7\u00e3o de duas semanas \u2014, afirmou.<\/p>\n\n\n\n<p>Ap\u00f3s a leitura do voto pelo relator, os demais ministros da turma o seguiram, sem se pronunciar.  <\/p>\n\n\n\n<p>O TJ-MS havia reconhecido a uni\u00e3o est\u00e1vel ao alegar que o casal tinha agendado data para formalizar o compromisso. De acordo com o tribunal, documentos e testemunhas revelaram \u201ca efetiva conviv\u00eancia conforme os costumes matrimoniais\u201d no per\u00edodo de duas semanas antes da morte do homem.<\/p>\n\n\n\n<p>Em sua decis\u00e3o, o tribunal defendia que \u201co casamento seria apenas a formaliza\u00e7\u00e3o da realidade vivenciada pelo casal, ainda que em curto per\u00edodo de tempo\u201d.<\/p>\n\n\n\n<p>O Globo<\/p>\n","protected":false},"excerpt":{"rendered":"<p>Ministros da 4\u00aa turma aceitaram recurso especial de familiar que contestava decis\u00e3o da justi\u00e7a de Mato Grosso do Sul<\/p>\n<p><a class=\"more-link\" href=\"https:\/\/justicapotiguar.com.br\/index.php\/2019\/08\/08\/namorar-por-um-mes-e-meio-e-morar-junto-por-duas-semanas-nao-e-uniao-estavel-decide-stj\/\">Mais&#8230;<\/a><\/p>\n","protected":false},"author":3,"featured_media":527,"comment_status":"open","ping_status":"open","sticky":false,"template":"","format":"standard","meta":[],"categories":[3],"tags":[447,204,445,11,443,444,446],"_links":{"self":[{"href":"https:\/\/justicapotiguar.com.br\/index.php\/wp-json\/wp\/v2\/posts\/526"}],"collection":[{"href":"https:\/\/justicapotiguar.com.br\/index.php\/wp-json\/wp\/v2\/posts"}],"about":[{"href":"https:\/\/justicapotiguar.com.br\/index.php\/wp-json\/wp\/v2\/types\/post"}],"author":[{"embeddable":true,"href":"https:\/\/justicapotiguar.com.br\/index.php\/wp-json\/wp\/v2\/users\/3"}],"replies":[{"embeddable":true,"href":"https:\/\/justicapotiguar.com.br\/index.php\/wp-json\/wp\/v2\/comments?post=526"}],"version-history":[{"count":1,"href":"https:\/\/justicapotiguar.com.br\/index.php\/wp-json\/wp\/v2\/posts\/526\/revisions"}],"predecessor-version":[{"id":528,"href":"https:\/\/justicapotiguar.com.br\/index.php\/wp-json\/wp\/v2\/posts\/526\/revisions\/528"}],"wp:featuredmedia":[{"embeddable":true,"href":"https:\/\/justicapotiguar.com.br\/index.php\/wp-json\/wp\/v2\/media\/527"}],"wp:attachment":[{"href":"https:\/\/justicapotiguar.com.br\/index.php\/wp-json\/wp\/v2\/media?parent=526"}],"wp:term":[{"taxonomy":"category","embeddable":true,"href":"https:\/\/justicapotiguar.com.br\/index.php\/wp-json\/wp\/v2\/categories?post=526"},{"taxonomy":"post_tag","embeddable":true,"href":"https:\/\/justicapotiguar.com.br\/index.php\/wp-json\/wp\/v2\/tags?post=526"}],"curies":[{"name":"wp","href":"https:\/\/api.w.org\/{rel}","templated":true}]}}