{"id":52590,"date":"2026-03-26T06:32:35","date_gmt":"2026-03-26T09:32:35","guid":{"rendered":"https:\/\/justicapotiguar.com.br\/?p=52590"},"modified":"2026-03-26T06:38:46","modified_gmt":"2026-03-26T09:38:46","slug":"juri-absolve-mae-que-cortou-penis-e-matou-abusador-da-filha-de-11-anos","status":"publish","type":"post","link":"https:\/\/justicapotiguar.com.br\/index.php\/2026\/03\/26\/juri-absolve-mae-que-cortou-penis-e-matou-abusador-da-filha-de-11-anos\/","title":{"rendered":"Tribunal do J\u00fari absolve m\u00e3e que cortou p\u00eanis e matou abusador da filha de 11 anos"},"content":{"rendered":"\n<figure class=\"wp-block-image size-large\"><img loading=\"lazy\" width=\"1024\" height=\"576\" src=\"https:\/\/justicapotiguar.com.br\/wp-content\/uploads\/2026\/03\/justica-1024x576.jpg\" alt=\"\" class=\"wp-image-52596\" srcset=\"https:\/\/justicapotiguar.com.br\/wp-content\/uploads\/2026\/03\/justica-1024x576.jpg 1024w, https:\/\/justicapotiguar.com.br\/wp-content\/uploads\/2026\/03\/justica-300x169.jpg 300w, https:\/\/justicapotiguar.com.br\/wp-content\/uploads\/2026\/03\/justica-768x432.jpg 768w, https:\/\/justicapotiguar.com.br\/wp-content\/uploads\/2026\/03\/justica.jpg 1200w\" sizes=\"(max-width: 1024px) 100vw, 1024px\" \/><figcaption>Foto: TJMG \/ Divulga\u00e7\u00e3o<\/figcaption><\/figure>\n\n\n\n<p>O 2\u00ba tribunal do J\u00fari de Belo Horizonte\/MG absolveu m\u00e3e acusada de mutilar o p\u00eanis e matar homem que tentou abusar sexualmente de sua filha, ent\u00e3o com 11 anos.<\/p>\n\n\n\n<p>O Conselho de Senten\u00e7a afastou a responsabiliza\u00e7\u00e3o penal de \u00c9rica Pereira da Silveira Vicente pela morte de Everton Amaro da Silva.<\/p>\n\n\n\n<p>Ela havia sido pronunciada pela Justi\u00e7a mineira pelos crimes de homic\u00eddio qualificado, corrup\u00e7\u00e3o de menor e destrui\u00e7\u00e3o de cad\u00e1ver, sob o entendimento de que havia ind\u00edcios suficientes de autoria e materialidade para a submiss\u00e3o do caso ao Tribunal do J\u00fari.<\/p>\n\n\n\n<p>Na den\u00fancia, o MP indicou que o crime ocorreu em 11\/3\/25, em Belo Horizonte, e que \u00c9rica e o homem mantinham um relacionamento.<\/p>\n\n\n<p><iframe loading=\"lazy\" width=\"890\" height=\"501\" src=\"https:\/\/www.youtube.com\/embed\/OMNyxEYjwCI\" title=\"J\u00fari absolve m\u00e3e que cortou p\u00eanis e matou abusador da filha de 11 anos\" frameborder=\"0\" allow=\"accelerometer; autoplay; clipboard-write; encrypted-media; gyroscope; picture-in-picture; web-share\" referrerpolicy=\"strict-origin-when-cross-origin\" allowfullscreen=\"\"><\/iframe><\/p>\n\n\n<p>Segundo a acusa\u00e7\u00e3o, ap\u00f3s flagr\u00e1-lo em comportamento inadequado com a filha, a mulher teria dopado Everton com clonazepam. Ap\u00f3s ele adormecer, iniciou as agress\u00f5es, utilizando faca e um peda\u00e7o de madeira.<\/p>\n\n\n\n<p>Ainda de acordo com o MP, \u00c9rica mutilou o \u00f3rg\u00e3o genital do homem enquanto ele ainda estava vivo.<\/p>\n\n\n\n<p>A den\u00fancia tamb\u00e9m apontou que um adolescente teria sido chamado para ajudar a conduzir Everton at\u00e9 uma \u00e1rea de mata, onde as agress\u00f5es continuaram. Posteriormente, \u00c9rica ateou fogo no corpo.<\/p>\n\n\n\n<p>Para a acusa\u00e7\u00e3o, o crime foi cometido por motivo f\u00fatil, com emprego de meio cruel e mediante recurso que dificultou a defesa da v\u00edtima.<\/p><div class=\"zkova69ee66b5e13ad\" ><!--<a href=\"https:\/\/bit.ly\/3QdrqTZ\" target=\"_blank\">\n<img src=\"https:\/\/justicapotiguar.com.br\/wp-content\/uploads\/2023\/09\/mobile-geral.gif\"\/><a\/>--><\/div><style type=\"text\/css\">\r\n.zkova69ee66b5e13ad {\r\ntext-align: center;\r\n}\r\n@media screen and (min-width: 1201px) {\r\n.zkova69ee66b5e13ad {\r\ndisplay: none;\r\n}\r\n}\r\n@media screen and (min-width: 993px) and (max-width: 1200px) {\r\n.zkova69ee66b5e13ad {\r\ndisplay: none;\r\n}\r\n}\r\n@media screen and (min-width: 769px) and (max-width: 992px) {\r\n.zkova69ee66b5e13ad {\r\ndisplay: none;\r\n}\r\n}\r\n@media screen and (min-width: 768px) and (max-width: 768px) {\r\n.zkova69ee66b5e13ad {\r\ndisplay: block;\r\n}\r\n}\r\n@media screen and (max-width: 767px) {\r\n.zkova69ee66b5e13ad {\r\ndisplay: block;\r\n}\r\n}\r\n<\/style>\r\n<div class=\"yviwa69ee66b5e1397\" ><!--<a href=\"https:\/\/bit.ly\/3QdrqTZ\" target=\"_blank\">\n<img src=\"https:\/\/justicapotiguar.com.br\/wp-content\/uploads\/2023\/09\/desktop-geral.gif\"\/><a\/>--><\/div><style type=\"text\/css\">\r\n.yviwa69ee66b5e1397 {\r\ntext-align: center;\nmargin-bottom: 1em;\r\n}\r\n@media screen and (min-width: 1201px) {\r\n.yviwa69ee66b5e1397 {\r\ndisplay: block;\r\n}\r\n}\r\n@media screen and (min-width: 993px) and (max-width: 1200px) {\r\n.yviwa69ee66b5e1397 {\r\ndisplay: block;\r\n}\r\n}\r\n@media screen and (min-width: 769px) and (max-width: 992px) {\r\n.yviwa69ee66b5e1397 {\r\ndisplay: block;\r\n}\r\n}\r\n@media screen and (min-width: 768px) and (max-width: 768px) {\r\n.yviwa69ee66b5e1397 {\r\ndisplay: none;\r\n}\r\n}\r\n@media screen and (max-width: 767px) {\r\n.yviwa69ee66b5e1397 {\r\ndisplay: none;\r\n}\r\n}\r\n<\/style>\r\n\n\n\n\n<p>Em interrogat\u00f3rio no J\u00fari, \u00c9rica apresentou vers\u00e3o distinta.<\/p>\n\n\n\n<p>Disse que conhecia Everton desde a inf\u00e2ncia e que ele frequentava sua casa. Relatou que, duas semanas antes do fato, teria descoberto mensagens de teor sexual enviadas por ele \u00e0 sua filha, ent\u00e3o com 11 anos.<\/p>\n\n\n\n<p>Na madrugada de 11\/3\/25, afirmou ter acordado com gritos e encontrado o homem sobre a crian\u00e7a, com a cal\u00e7a abaixada, tentando impedir que ela gritasse.<\/p>\n\n\n\n<p>Segundo o relato, reagiu ao que teria presenciado, utilizando uma faca para atingir a v\u00edtima.<\/p>\n\n\n\n<p>Em seguida, com a ajuda de um jovem que entrou na resid\u00eancia ap\u00f3s ouvir barulho, o corpo foi levado a uma \u00e1rea de mata, onde foi incendiado.<\/p>\n\n\n\n<p>A acusada negou ter dopado Everton ou mantido rela\u00e7\u00e3o com ela naquela noite.<\/p>\n\n\n\n<p>Durante o julgamento, a defesa, conduzida pelas advogadas Camila Mendes e Elida Fabricia, sustentou a absolvi\u00e7\u00e3o, com base na tese de leg\u00edtima defesa de terceiro. Subsidiariamente, pediu o reconhecimento de homic\u00eddio privilegiado.<\/p>\n\n\n\n<p><strong>Processo: 5093708-36.2025.8.13.0024<\/strong><br><br><em>Fonte: Migalhas<\/em><\/p>\n","protected":false},"excerpt":{"rendered":"<p>O Conselho de Senten\u00e7a afastou a responsabiliza\u00e7\u00e3o penal de \u00c9rica Pereira da Silveira Vicente pela morte de Everton Amaro da Silva.<br \/><a class=\"more-link\" href=\"https:\/\/justicapotiguar.com.br\/index.php\/2026\/03\/26\/juri-absolve-mae-que-cortou-penis-e-matou-abusador-da-filha-de-11-anos\/\">Mais&#8230;<\/a><\/p>\n","protected":false},"author":8,"featured_media":0,"comment_status":"open","ping_status":"open","sticky":false,"template":"","format":"standard","meta":[],"categories":[3],"tags":[],"_links":{"self":[{"href":"https:\/\/justicapotiguar.com.br\/index.php\/wp-json\/wp\/v2\/posts\/52590"}],"collection":[{"href":"https:\/\/justicapotiguar.com.br\/index.php\/wp-json\/wp\/v2\/posts"}],"about":[{"href":"https:\/\/justicapotiguar.com.br\/index.php\/wp-json\/wp\/v2\/types\/post"}],"author":[{"embeddable":true,"href":"https:\/\/justicapotiguar.com.br\/index.php\/wp-json\/wp\/v2\/users\/8"}],"replies":[{"embeddable":true,"href":"https:\/\/justicapotiguar.com.br\/index.php\/wp-json\/wp\/v2\/comments?post=52590"}],"version-history":[{"count":6,"href":"https:\/\/justicapotiguar.com.br\/index.php\/wp-json\/wp\/v2\/posts\/52590\/revisions"}],"predecessor-version":[{"id":52601,"href":"https:\/\/justicapotiguar.com.br\/index.php\/wp-json\/wp\/v2\/posts\/52590\/revisions\/52601"}],"wp:attachment":[{"href":"https:\/\/justicapotiguar.com.br\/index.php\/wp-json\/wp\/v2\/media?parent=52590"}],"wp:term":[{"taxonomy":"category","embeddable":true,"href":"https:\/\/justicapotiguar.com.br\/index.php\/wp-json\/wp\/v2\/categories?post=52590"},{"taxonomy":"post_tag","embeddable":true,"href":"https:\/\/justicapotiguar.com.br\/index.php\/wp-json\/wp\/v2\/tags?post=52590"}],"curies":[{"name":"wp","href":"https:\/\/api.w.org\/{rel}","templated":true}]}}