{"id":52579,"date":"2026-03-25T20:33:06","date_gmt":"2026-03-25T23:33:06","guid":{"rendered":"https:\/\/justicapotiguar.com.br\/?p=52579"},"modified":"2026-03-25T20:35:57","modified_gmt":"2026-03-25T23:35:57","slug":"justica-condena-criminalista-que-chamou-alexandre-de-moraes-de-advogado-do-pcc","status":"publish","type":"post","link":"https:\/\/justicapotiguar.com.br\/index.php\/2026\/03\/25\/justica-condena-criminalista-que-chamou-alexandre-de-moraes-de-advogado-do-pcc\/","title":{"rendered":"Justi\u00e7a condena criminalista que chamou Alexandre de Moraes de &#8216;advogado do PCC&#8217;"},"content":{"rendered":"\n<figure class=\"wp-block-image size-large\"><img loading=\"lazy\" width=\"1024\" height=\"613\" src=\"https:\/\/justicapotiguar.com.br\/wp-content\/uploads\/2026\/03\/moraes-7-1024x613.jpg\" alt=\"\" class=\"wp-image-52581\" srcset=\"https:\/\/justicapotiguar.com.br\/wp-content\/uploads\/2026\/03\/moraes-7-1024x613.jpg 1024w, https:\/\/justicapotiguar.com.br\/wp-content\/uploads\/2026\/03\/moraes-7-300x179.jpg 300w, https:\/\/justicapotiguar.com.br\/wp-content\/uploads\/2026\/03\/moraes-7-768x459.jpg 768w, https:\/\/justicapotiguar.com.br\/wp-content\/uploads\/2026\/03\/moraes-7.jpg 1170w\" sizes=\"(max-width: 1024px) 100vw, 1024px\" \/><figcaption>Foto: Gustavo Moreno\/STF<\/figcaption><\/figure>\n\n\n\n<p>O Tribunal de Justi\u00e7a de S\u00e3o Paulo (TJ-SP) confirmou nesta ter\u00e7a-feira, 24, a condena\u00e7\u00e3o do criminalista Celso Machado Vendramini por chamar o ministro do Supremo Tribunal Federal (STF) Alexandre de Moraes de &#8220;advogado do PCC&#8221; durante sess\u00e3o do Tribunal do J\u00fari. Ele dever\u00e1 pagar R$ 50 mil de indeniza\u00e7\u00e3o por danos morais ao magistrado. Moraes foi representado pelo escrit\u00f3rio Barci de Moraes, da mulher dele, Viviane Barci de Moraes.<\/p>\n\n\n\n<p>As ofensas ocorreram em uma sess\u00e3o no F\u00f3rum Criminal da Barra Funda, em S\u00e3o Paulo, em junho de 2023, quando Vendramini fazia a defesa de dois policiais militares acusados de matar suspeitos de roubo.<\/p>\n\n\n\n<p>Durante o julgamento, o criminalista fez declara\u00e7\u00f5es como: &#8220;Est\u00e3o censurando este Pa\u00eds aqui&#8221;; &#8220;n\u00e3o sou bolsonarista&#8221;; &#8220;eu n\u00e3o tenho medo dele (Alexandre de Moraes), nem de ningu\u00e9m&#8221;; &#8220;se eu quiser falar de quem quer que seja, quem n\u00e3o gostou que me processe&#8221;.<\/p>\n\n\n\n<p>Al\u00e9m disso, acusou falsamente Moraes de ser &#8220;advogado do PCC&#8221; e afirmou que, &#8220;quando prendeu em 8 de Janeiro [\u2026], n\u00e3o teve audi\u00eancia de cust\u00f3dia&#8221;. Em seguida, insistiu: &#8220;n\u00e3o vou parar, aqui eu posso falar o que eu quero&#8221;.<\/p><div class=\"excwz69ee6645e39fd\" ><!--<a href=\"https:\/\/bit.ly\/3QdrqTZ\" target=\"_blank\">\n<img src=\"https:\/\/justicapotiguar.com.br\/wp-content\/uploads\/2023\/09\/mobile-geral.gif\"\/><a\/>--><\/div><style type=\"text\/css\">\r\n.excwz69ee6645e39fd {\r\ntext-align: center;\r\n}\r\n@media screen and (min-width: 1201px) {\r\n.excwz69ee6645e39fd {\r\ndisplay: none;\r\n}\r\n}\r\n@media screen and (min-width: 993px) and (max-width: 1200px) {\r\n.excwz69ee6645e39fd {\r\ndisplay: none;\r\n}\r\n}\r\n@media screen and (min-width: 769px) and (max-width: 992px) {\r\n.excwz69ee6645e39fd {\r\ndisplay: none;\r\n}\r\n}\r\n@media screen and (min-width: 768px) and (max-width: 768px) {\r\n.excwz69ee6645e39fd {\r\ndisplay: block;\r\n}\r\n}\r\n@media screen and (max-width: 767px) {\r\n.excwz69ee6645e39fd {\r\ndisplay: block;\r\n}\r\n}\r\n<\/style>\r\n<div class=\"kmhvq69ee6645e39e3\" ><!--<a href=\"https:\/\/bit.ly\/3QdrqTZ\" target=\"_blank\">\n<img src=\"https:\/\/justicapotiguar.com.br\/wp-content\/uploads\/2023\/09\/desktop-geral.gif\"\/><a\/>--><\/div><style type=\"text\/css\">\r\n.kmhvq69ee6645e39e3 {\r\ntext-align: center;\nmargin-bottom: 1em;\r\n}\r\n@media screen and (min-width: 1201px) {\r\n.kmhvq69ee6645e39e3 {\r\ndisplay: block;\r\n}\r\n}\r\n@media screen and (min-width: 993px) and (max-width: 1200px) {\r\n.kmhvq69ee6645e39e3 {\r\ndisplay: block;\r\n}\r\n}\r\n@media screen and (min-width: 769px) and (max-width: 992px) {\r\n.kmhvq69ee6645e39e3 {\r\ndisplay: block;\r\n}\r\n}\r\n@media screen and (min-width: 768px) and (max-width: 768px) {\r\n.kmhvq69ee6645e39e3 {\r\ndisplay: none;\r\n}\r\n}\r\n@media screen and (max-width: 767px) {\r\n.kmhvq69ee6645e39e3 {\r\ndisplay: none;\r\n}\r\n}\r\n<\/style>\r\n\n\n\n\n<p>Segundo o entendimento do relator M\u00e1rio Chuvite Junior, as afirmativas ultrapassaram o limite da imunidade profissional e se trataram de um assunto que n\u00e3o dizia respeito ao julgamento em quest\u00e3o.<\/p>\n\n\n\n<p>No ac\u00f3rd\u00e3o, o relator sustentou que &#8220;as manifesta\u00e7\u00f5es do apelante em sess\u00e3o plen\u00e1ria do J\u00fari, as quais, longe de mera ret\u00f3rica defensiva, revelam carga ideol\u00f3gica e cunho pessoal ofensivo, conforme trechos captados em m\u00eddia e registrados em ata&#8221;.<\/p>\n\n\n\n<p>O criminalista argumentou, em sua defesa, que fez as cr\u00edticas amparado pela imunidade profissional e no exerc\u00edcio de suas fun\u00e7\u00f5es. O argumento, no entanto, foi rejeitado, e o tribunal negou o recurso de Vendramini contra a condena\u00e7\u00e3o imposta em primeira inst\u00e2ncia, em mar\u00e7o do ano passado, mantendo a indeniza\u00e7\u00e3o de R$ 50 mil por danos morais ao ministro.<\/p>\n\n\n\n<p><em>Fonte: Estad\u00e3o<\/em><\/p>\n","protected":false},"excerpt":{"rendered":"<p>O criminalista argumentou, em sua defesa, que fez as cr\u00edticas amparado pela imunidade profissional e no exerc\u00edcio de suas fun\u00e7\u00f5es.<br \/><a class=\"more-link\" href=\"https:\/\/justicapotiguar.com.br\/index.php\/2026\/03\/25\/justica-condena-criminalista-que-chamou-alexandre-de-moraes-de-advogado-do-pcc\/\">Mais&#8230;<\/a><\/p>\n","protected":false},"author":8,"featured_media":0,"comment_status":"open","ping_status":"open","sticky":false,"template":"","format":"standard","meta":[],"categories":[3],"tags":[],"_links":{"self":[{"href":"https:\/\/justicapotiguar.com.br\/index.php\/wp-json\/wp\/v2\/posts\/52579"}],"collection":[{"href":"https:\/\/justicapotiguar.com.br\/index.php\/wp-json\/wp\/v2\/posts"}],"about":[{"href":"https:\/\/justicapotiguar.com.br\/index.php\/wp-json\/wp\/v2\/types\/post"}],"author":[{"embeddable":true,"href":"https:\/\/justicapotiguar.com.br\/index.php\/wp-json\/wp\/v2\/users\/8"}],"replies":[{"embeddable":true,"href":"https:\/\/justicapotiguar.com.br\/index.php\/wp-json\/wp\/v2\/comments?post=52579"}],"version-history":[{"count":3,"href":"https:\/\/justicapotiguar.com.br\/index.php\/wp-json\/wp\/v2\/posts\/52579\/revisions"}],"predecessor-version":[{"id":52583,"href":"https:\/\/justicapotiguar.com.br\/index.php\/wp-json\/wp\/v2\/posts\/52579\/revisions\/52583"}],"wp:attachment":[{"href":"https:\/\/justicapotiguar.com.br\/index.php\/wp-json\/wp\/v2\/media?parent=52579"}],"wp:term":[{"taxonomy":"category","embeddable":true,"href":"https:\/\/justicapotiguar.com.br\/index.php\/wp-json\/wp\/v2\/categories?post=52579"},{"taxonomy":"post_tag","embeddable":true,"href":"https:\/\/justicapotiguar.com.br\/index.php\/wp-json\/wp\/v2\/tags?post=52579"}],"curies":[{"name":"wp","href":"https:\/\/api.w.org\/{rel}","templated":true}]}}