{"id":52569,"date":"2026-03-25T19:52:30","date_gmt":"2026-03-25T22:52:30","guid":{"rendered":"https:\/\/justicapotiguar.com.br\/?p=52569"},"modified":"2026-03-25T20:06:05","modified_gmt":"2026-03-25T23:06:05","slug":"stf-tem-maioria-para-limitar-penduricalhos-na-magistratura-e-mp-a-35-do-teto","status":"publish","type":"post","link":"https:\/\/justicapotiguar.com.br\/index.php\/2026\/03\/25\/stf-tem-maioria-para-limitar-penduricalhos-na-magistratura-e-mp-a-35-do-teto\/","title":{"rendered":"Supremo Tribunal Federal tem maioria para limitar &#8216;penduricalhos&#8217; na magistratura e MP"},"content":{"rendered":"\n<figure class=\"wp-block-image size-large\"><img loading=\"lazy\" width=\"800\" height=\"534\" src=\"https:\/\/justicapotiguar.com.br\/wp-content\/uploads\/2026\/03\/STF-3.jpg\" alt=\"\" class=\"wp-image-52573\" srcset=\"https:\/\/justicapotiguar.com.br\/wp-content\/uploads\/2026\/03\/STF-3.jpg 800w, https:\/\/justicapotiguar.com.br\/wp-content\/uploads\/2026\/03\/STF-3-300x200.jpg 300w, https:\/\/justicapotiguar.com.br\/wp-content\/uploads\/2026\/03\/STF-3-768x513.jpg 768w\" sizes=\"(max-width: 800px) 100vw, 800px\" \/><figcaption>Foto: Antonio Augusto\/STF<\/figcaption><\/figure>\n\n\n\n<p>O Supremo Tribunal Federal (STF) formou maioria para limitar os &#8220;penduricalhos&#8221; na magistratura e no Minist\u00e9rio P\u00fablico (MP) a 35% do teto do funcionalismo, equivalente ao sal\u00e1rio de um ministro do STF (R$ 46,3 mil). A decis\u00e3o ter\u00e1 vig\u00eancia a partir da remunera\u00e7\u00e3o de abril e deve acarretar uma economia de R$ 6,8 bilh\u00f5es ao ano para os cofres p\u00fablicos, de acordo com os ministros.<\/p>\n\n\n\n<p>A maioria seguiu tese apresentada em conjunto pelos relatores Fl\u00e1vio Dino, Gilmar Mendes, Alexandre de Moraes e Cristiano Zanin. At\u00e9 o momento, seguiram os relatores os ministros Kassio Nunes Marques, Andr\u00e9 Mendon\u00e7a e Luiz Fux. A proposta alcan\u00e7a somente a magistratura, o MP e a advocacia p\u00fablica da Uni\u00e3o, dos Estados e munic\u00edpios.<\/p>\n\n\n\n<p>De acordo com os relatores, a decis\u00e3o acarreta uma economia de R$ 566 milh\u00f5es por m\u00eas, sendo R$ 326 milh\u00f5es relacionados aos pagamentos a ju\u00edzes e R$ 240 milh\u00f5es em rela\u00e7\u00e3o aos membros do MP. A compara\u00e7\u00e3o \u00e9 em rela\u00e7\u00e3o \u00e0 m\u00e9dia paga aos ju\u00edzes e procuradores em 2025.<\/p>\n\n\n\n<p>A decis\u00e3o estabelece um rol restrito de adicionais que poder\u00e3o integrar a remunera\u00e7\u00e3o de ju\u00edzes e membros do MP, enquanto n\u00e3o for editada lei para regulamentar as verbas indenizat\u00f3rias no servi\u00e7o p\u00fablico. Est\u00e3o nesse rol, entre outros:<\/p>\n\n\n\n<ul><li>Adicional por tempo de servi\u00e7o (ATS), conhecido como quinqu\u00eanio &#8211; Indeniza\u00e7\u00e3o de f\u00e9rias n\u00e3o gozadas;<br><\/li><li>Gratifica\u00e7\u00e3o por exerc\u00edcio cumulativo de jurisdi\u00e7\u00e3o &#8211; Pagamento de eventuais valores retroativos reconhecidos por decis\u00e3o judicial e administrativa anteriores a fevereiro de 2026.<\/li><\/ul>\n\n\n\n<p>O limite m\u00e1ximo da somat\u00f3ria de todos os penduricalhos ser\u00e1 de 35% do teto. Os valores ser\u00e3o padronizados e fixados em resolu\u00e7\u00e3o do Conselho Nacional de Justi\u00e7a (CNJ) e Conselho Nacional do Minist\u00e9rio P\u00fablico (CNMP). &#8220;As mesmas rubricas e mesmos valores ser\u00e3o para todos os ju\u00edzes e membros do MP&#8221;, destacou Moraes.<\/p>\n\n\n\n<p>Com isso, os ministros definiram que a remunera\u00e7\u00e3o dever\u00e1 ser padronizada para todo o Judici\u00e1rio e MP. Eles defenderam &#8220;total transpar\u00eancia&#8221; em rela\u00e7\u00e3o ao que \u00e9 pago a cada um dos ju\u00edzes e procuradores.<\/p><div class=\"gkqbz69ee67ba38873\" ><!--<a href=\"https:\/\/bit.ly\/3QdrqTZ\" target=\"_blank\">\n<img src=\"https:\/\/justicapotiguar.com.br\/wp-content\/uploads\/2023\/09\/mobile-geral.gif\"\/><a\/>--><\/div><style type=\"text\/css\">\r\n.gkqbz69ee67ba38873 {\r\ntext-align: center;\r\n}\r\n@media screen and (min-width: 1201px) {\r\n.gkqbz69ee67ba38873 {\r\ndisplay: none;\r\n}\r\n}\r\n@media screen and (min-width: 993px) and (max-width: 1200px) {\r\n.gkqbz69ee67ba38873 {\r\ndisplay: none;\r\n}\r\n}\r\n@media screen and (min-width: 769px) and (max-width: 992px) {\r\n.gkqbz69ee67ba38873 {\r\ndisplay: none;\r\n}\r\n}\r\n@media screen and (min-width: 768px) and (max-width: 768px) {\r\n.gkqbz69ee67ba38873 {\r\ndisplay: block;\r\n}\r\n}\r\n@media screen and (max-width: 767px) {\r\n.gkqbz69ee67ba38873 {\r\ndisplay: block;\r\n}\r\n}\r\n<\/style>\r\n<div class=\"veebu69ee67ba3885c\" ><!--<a href=\"https:\/\/bit.ly\/3QdrqTZ\" target=\"_blank\">\n<img src=\"https:\/\/justicapotiguar.com.br\/wp-content\/uploads\/2023\/09\/desktop-geral.gif\"\/><a\/>--><\/div><style type=\"text\/css\">\r\n.veebu69ee67ba3885c {\r\ntext-align: center;\nmargin-bottom: 1em;\r\n}\r\n@media screen and (min-width: 1201px) {\r\n.veebu69ee67ba3885c {\r\ndisplay: block;\r\n}\r\n}\r\n@media screen and (min-width: 993px) and (max-width: 1200px) {\r\n.veebu69ee67ba3885c {\r\ndisplay: block;\r\n}\r\n}\r\n@media screen and (min-width: 769px) and (max-width: 992px) {\r\n.veebu69ee67ba3885c {\r\ndisplay: block;\r\n}\r\n}\r\n@media screen and (min-width: 768px) and (max-width: 768px) {\r\n.veebu69ee67ba3885c {\r\ndisplay: none;\r\n}\r\n}\r\n@media screen and (max-width: 767px) {\r\n.veebu69ee67ba3885c {\r\ndisplay: none;\r\n}\r\n}\r\n<\/style>\r\n\n\n\n\n<p>&#8220;Todo o Judici\u00e1rio e MP ter\u00e3o as mesmas rubricas, 10, 15, no m\u00e1ximo. E todos dever\u00e3o, obrigatoriamente, de forma transparente, publicar mensalmente essas rubricas atualizadas&#8221;, afirmou Moraes. O ministro tamb\u00e9m disse que &#8220;o gestor que informar errado vai ser responsabilizado pessoalmente&#8221;.<\/p>\n\n\n\n<p>A proposta afasta interpreta\u00e7\u00f5es consideradas abusivas. Fun\u00e7\u00f5es inerentes ao cargo, por exemplo, n\u00e3o podem gerar gratifica\u00e7\u00e3o por ac\u00famulo.<\/p>\n\n\n\n<p>O teto do funcionalismo foi integralmente mantido na tese, apesar de os ministros terem feito ressalvas sobre sua defasagem desde 2006.<\/p>\n\n\n\n<p>Os ministros refor\u00e7aram, ainda, que a cria\u00e7\u00e3o e a altera\u00e7\u00e3o de &#8220;penduricalhos&#8221; somente poder\u00e3o ser feitas por lei federal, proibindo a cria\u00e7\u00e3o de adicionais por leis estaduais ou atos administrativos.<\/p>\n\n\n\n<p>A proposta \u00e9 transit\u00f3ria at\u00e9 que o Congresso edite uma lei que estabele\u00e7a quais parcelas indenizat\u00f3rias s\u00e3o cab\u00edveis.<\/p>\n\n\n\n<p><em>Fonte: Estad\u00e3o<\/em><\/p>\n","protected":false},"excerpt":{"rendered":"<p>A proposta \u00e9 transit\u00f3ria at\u00e9 que o Congresso edite uma lei que estabele\u00e7a quais parcelas indenizat\u00f3rias s\u00e3o cab\u00edveis.<br \/><a class=\"more-link\" href=\"https:\/\/justicapotiguar.com.br\/index.php\/2026\/03\/25\/stf-tem-maioria-para-limitar-penduricalhos-na-magistratura-e-mp-a-35-do-teto\/\">Mais&#8230;<\/a><\/p>\n","protected":false},"author":8,"featured_media":0,"comment_status":"open","ping_status":"open","sticky":false,"template":"","format":"standard","meta":[],"categories":[3],"tags":[],"_links":{"self":[{"href":"https:\/\/justicapotiguar.com.br\/index.php\/wp-json\/wp\/v2\/posts\/52569"}],"collection":[{"href":"https:\/\/justicapotiguar.com.br\/index.php\/wp-json\/wp\/v2\/posts"}],"about":[{"href":"https:\/\/justicapotiguar.com.br\/index.php\/wp-json\/wp\/v2\/types\/post"}],"author":[{"embeddable":true,"href":"https:\/\/justicapotiguar.com.br\/index.php\/wp-json\/wp\/v2\/users\/8"}],"replies":[{"embeddable":true,"href":"https:\/\/justicapotiguar.com.br\/index.php\/wp-json\/wp\/v2\/comments?post=52569"}],"version-history":[{"count":8,"href":"https:\/\/justicapotiguar.com.br\/index.php\/wp-json\/wp\/v2\/posts\/52569\/revisions"}],"predecessor-version":[{"id":52578,"href":"https:\/\/justicapotiguar.com.br\/index.php\/wp-json\/wp\/v2\/posts\/52569\/revisions\/52578"}],"wp:attachment":[{"href":"https:\/\/justicapotiguar.com.br\/index.php\/wp-json\/wp\/v2\/media?parent=52569"}],"wp:term":[{"taxonomy":"category","embeddable":true,"href":"https:\/\/justicapotiguar.com.br\/index.php\/wp-json\/wp\/v2\/categories?post=52569"},{"taxonomy":"post_tag","embeddable":true,"href":"https:\/\/justicapotiguar.com.br\/index.php\/wp-json\/wp\/v2\/tags?post=52569"}],"curies":[{"name":"wp","href":"https:\/\/api.w.org\/{rel}","templated":true}]}}