{"id":52556,"date":"2026-03-25T16:33:55","date_gmt":"2026-03-25T19:33:55","guid":{"rendered":"https:\/\/justicapotiguar.com.br\/?p=52556"},"modified":"2026-03-25T16:34:45","modified_gmt":"2026-03-25T19:34:45","slug":"justica-determina-que-estado-a-nomeie-aprovados-e-realize-novo-concurso-para-a-policia-civil","status":"publish","type":"post","link":"https:\/\/justicapotiguar.com.br\/index.php\/2026\/03\/25\/justica-determina-que-estado-a-nomeie-aprovados-e-realize-novo-concurso-para-a-policia-civil\/","title":{"rendered":"Justi\u00e7a determina que RN nomeie aprovados e realize novo concurso para a Pol\u00edcia Civil"},"content":{"rendered":"\n<figure class=\"wp-block-image size-large\"><img loading=\"lazy\" width=\"1000\" height=\"750\" src=\"https:\/\/justicapotiguar.com.br\/wp-content\/uploads\/2026\/03\/PC.jpg\" alt=\"\" class=\"wp-image-52557\" srcset=\"https:\/\/justicapotiguar.com.br\/wp-content\/uploads\/2026\/03\/PC.jpg 1000w, https:\/\/justicapotiguar.com.br\/wp-content\/uploads\/2026\/03\/PC-300x225.jpg 300w, https:\/\/justicapotiguar.com.br\/wp-content\/uploads\/2026\/03\/PC-768x576.jpg 768w\" sizes=\"(max-width: 1000px) 100vw, 1000px\" \/><figcaption>Foto: Divulga\u00e7\u00e3o\/Sesed<\/figcaption><\/figure>\n\n\n\n<p>A 6\u00aa Vara da Fazenda P\u00fablica da Comarca de Natal julgou procedente A\u00e7\u00e3o Civil P\u00fablica ajuizada pelo Minist\u00e9rio P\u00fablico do Rio Grande do Norte (MPRN) e determinou que o Estado do Rio Grande do Norte adote medidas para recompor o efetivo da Pol\u00edcia Civil. A senten\u00e7a, do juiz Francisco Ser\u00e1phico da N\u00f3brega, torna definitiva a obriga\u00e7\u00e3o de nomear candidatos aprovados no concurso regido pelo Edital n\u00ba 01\/2020-PCRN.<\/p>\n\n\n\n<p>Na a\u00e7\u00e3o, o MPRN apontou um d\u00e9ficit significativo no efetivo da Pol\u00edcia Civil. \u00c0 \u00e9poca do edital, havia apenas 1.352 servidores ativos, diante de 3.798 cargos vagos, que equivale a 73,75% das vagas previstas em lei.<\/p>\n\n\n\n<p>Foram aprovados no concurso 2.036 candidatos, resultando na nomea\u00e7\u00e3o de 593 servidores em duas turmas de forma\u00e7\u00e3o. Mesmo assim, de acordo com a a\u00e7\u00e3o, ainda restava grande n\u00famero de aprovados sem convoca\u00e7\u00e3o, al\u00e9m de d\u00e9ficit estrutural considerado incompat\u00edvel com o dever constitucional.<\/p>\n\n\n\n<p>Consta na senten\u00e7a que, durante o processo, foi concedida tutela de urg\u00eancia determinando a nomea\u00e7\u00e3o de 155 candidatos aprovados em todas as etapas do concurso. O Estado informou posteriormente o cumprimento parcial da medida, com a nomea\u00e7\u00e3o de 153 candidatos. Na senten\u00e7a, o ju\u00edzo confirmou essa decis\u00e3o, tornando definitiva a obriga\u00e7\u00e3o de nomear todos os aprovados nas cinco fases do certame.<\/p>\n\n\n\n<p>O magistrado destacou que a seguran\u00e7a p\u00fablica \u00e9 direito fundamental e dever do Estado, conforme a Constitui\u00e7\u00e3o Federal. Ressaltou ainda que a Lei Complementar Estadual n\u00ba 270\/2004 estabelece a obrigatoriedade de realiza\u00e7\u00e3o de concurso p\u00fablico quando o n\u00famero de vagas ultrapassa um quinto dos cargos da carreira.<\/p>\n\n\n\n<p>Al\u00e9m disso, o juiz tamb\u00e9m observou que dados apresentados pelo pr\u00f3prio Estado do RN indicam que o efetivo atual corresponde a apenas 35,65% das vagas previstas em lei, com mais de 3,3 mil cargos vagos. Esse cen\u00e1rio, de acordo com o magistrado, \u00e9 considerado incompat\u00edvel com o princ\u00edpio da efici\u00eancia administrativa.<\/p><div class=\"hkiyq69ee672b69c3f\" ><!--<a href=\"https:\/\/bit.ly\/3QdrqTZ\" target=\"_blank\">\n<img src=\"https:\/\/justicapotiguar.com.br\/wp-content\/uploads\/2023\/09\/mobile-geral.gif\"\/><a\/>--><\/div><style type=\"text\/css\">\r\n.hkiyq69ee672b69c3f {\r\ntext-align: center;\r\n}\r\n@media screen and (min-width: 1201px) {\r\n.hkiyq69ee672b69c3f {\r\ndisplay: none;\r\n}\r\n}\r\n@media screen and (min-width: 993px) and (max-width: 1200px) {\r\n.hkiyq69ee672b69c3f {\r\ndisplay: none;\r\n}\r\n}\r\n@media screen and (min-width: 769px) and (max-width: 992px) {\r\n.hkiyq69ee672b69c3f {\r\ndisplay: none;\r\n}\r\n}\r\n@media screen and (min-width: 768px) and (max-width: 768px) {\r\n.hkiyq69ee672b69c3f {\r\ndisplay: block;\r\n}\r\n}\r\n@media screen and (max-width: 767px) {\r\n.hkiyq69ee672b69c3f {\r\ndisplay: block;\r\n}\r\n}\r\n<\/style>\r\n<div class=\"dmuor69ee672b69c29\" ><!--<a href=\"https:\/\/bit.ly\/3QdrqTZ\" target=\"_blank\">\n<img src=\"https:\/\/justicapotiguar.com.br\/wp-content\/uploads\/2023\/09\/desktop-geral.gif\"\/><a\/>--><\/div><style type=\"text\/css\">\r\n.dmuor69ee672b69c29 {\r\ntext-align: center;\nmargin-bottom: 1em;\r\n}\r\n@media screen and (min-width: 1201px) {\r\n.dmuor69ee672b69c29 {\r\ndisplay: block;\r\n}\r\n}\r\n@media screen and (min-width: 993px) and (max-width: 1200px) {\r\n.dmuor69ee672b69c29 {\r\ndisplay: block;\r\n}\r\n}\r\n@media screen and (min-width: 769px) and (max-width: 992px) {\r\n.dmuor69ee672b69c29 {\r\ndisplay: block;\r\n}\r\n}\r\n@media screen and (min-width: 768px) and (max-width: 768px) {\r\n.dmuor69ee672b69c29 {\r\ndisplay: none;\r\n}\r\n}\r\n@media screen and (max-width: 767px) {\r\n.dmuor69ee672b69c29 {\r\ndisplay: none;\r\n}\r\n}\r\n<\/style>\r\n\n\n\n\n<p>\u201cA compara\u00e7\u00e3o com os demais estados da Regi\u00e3o Nordeste, feita pelo pr\u00f3prio \u00f3rg\u00e3o estadual, consigne-se, demonstra que a m\u00e9dia regional de preenchimento \u00e9 de 56,3%, percentual que, por si s\u00f3, j\u00e1 \u00e9 insatisfat\u00f3rio, mas que supera em mais de vinte pontos percentuais o resultado do ESTADO DO RIO GRANDE DO NORTE\u201d, pontuou na senten\u00e7a.<\/p>\n\n\n\n<p>O magistrado tamb\u00e9m afastou eventual alega\u00e7\u00e3o de interfer\u00eancia do Judici\u00e1rio em pol\u00edticas p\u00fablicas, destacando que a decis\u00e3o n\u00e3o cria novas obriga\u00e7\u00f5es, mas apenas determina o cumprimento de deveres j\u00e1 previstos em lei e assumidos pelo pr\u00f3prio Estado em seu planejamento or\u00e7ament\u00e1rio.<\/p>\n\n\n\n<p>Al\u00e9m das nomea\u00e7\u00f5es, o magistrado determinou que o Estado convoque, no prazo de at\u00e9 90 dias, nova turma do Curso de Forma\u00e7\u00e3o Profissional, destinada ao aproveitamento dos candidatos remanescentes ainda classificados dentro do prazo de validade do concurso. Ap\u00f3s a conclus\u00e3o do curso, as nomea\u00e7\u00f5es dever\u00e3o ocorrer em at\u00e9 30 dias.<\/p>\n\n\n\n<p>A senten\u00e7a tamb\u00e9m obriga o Estado a lan\u00e7ar novo concurso p\u00fablico para os cargos de delegado, agente e escriv\u00e3o da Pol\u00edcia Civil, caso o cadastro atual seja esgotado. O objetivo \u00e9 garantir que, at\u00e9 o final de 2027, o efetivo ativo alcance pelo menos 50% do total de cargos previstos na legisla\u00e7\u00e3o estadual, meta j\u00e1 estabelecida no Plano Plurianual Participativo (Lei n\u00ba 11.671\/2024) e que seria correspondente a 175 delegados, 2 mil agentes e 400 escriv\u00e3es, totalizando 2.575 servidores em atividade.<\/p>\n\n\n\n<p><em>Fonte: TJRN<\/em><\/p>\n","protected":false},"excerpt":{"rendered":"<p> A senten\u00e7a, do juiz Francisco Ser\u00e1phico da N\u00f3brega, torna definitiva a obriga\u00e7\u00e3o de nomear candidatos aprovados no concurso regido pelo Edital n\u00ba 01\/2020-PCRN.<br \/><a class=\"more-link\" href=\"https:\/\/justicapotiguar.com.br\/index.php\/2026\/03\/25\/justica-determina-que-estado-a-nomeie-aprovados-e-realize-novo-concurso-para-a-policia-civil\/\">Mais&#8230;<\/a><\/p>\n","protected":false},"author":8,"featured_media":0,"comment_status":"open","ping_status":"open","sticky":false,"template":"","format":"standard","meta":[],"categories":[3],"tags":[],"_links":{"self":[{"href":"https:\/\/justicapotiguar.com.br\/index.php\/wp-json\/wp\/v2\/posts\/52556"}],"collection":[{"href":"https:\/\/justicapotiguar.com.br\/index.php\/wp-json\/wp\/v2\/posts"}],"about":[{"href":"https:\/\/justicapotiguar.com.br\/index.php\/wp-json\/wp\/v2\/types\/post"}],"author":[{"embeddable":true,"href":"https:\/\/justicapotiguar.com.br\/index.php\/wp-json\/wp\/v2\/users\/8"}],"replies":[{"embeddable":true,"href":"https:\/\/justicapotiguar.com.br\/index.php\/wp-json\/wp\/v2\/comments?post=52556"}],"version-history":[{"count":4,"href":"https:\/\/justicapotiguar.com.br\/index.php\/wp-json\/wp\/v2\/posts\/52556\/revisions"}],"predecessor-version":[{"id":52560,"href":"https:\/\/justicapotiguar.com.br\/index.php\/wp-json\/wp\/v2\/posts\/52556\/revisions\/52560"}],"wp:attachment":[{"href":"https:\/\/justicapotiguar.com.br\/index.php\/wp-json\/wp\/v2\/media?parent=52556"}],"wp:term":[{"taxonomy":"category","embeddable":true,"href":"https:\/\/justicapotiguar.com.br\/index.php\/wp-json\/wp\/v2\/categories?post=52556"},{"taxonomy":"post_tag","embeddable":true,"href":"https:\/\/justicapotiguar.com.br\/index.php\/wp-json\/wp\/v2\/tags?post=52556"}],"curies":[{"name":"wp","href":"https:\/\/api.w.org\/{rel}","templated":true}]}}