{"id":52541,"date":"2026-03-25T09:09:30","date_gmt":"2026-03-25T12:09:30","guid":{"rendered":"https:\/\/justicapotiguar.com.br\/?p=52541"},"modified":"2026-03-25T09:17:17","modified_gmt":"2026-03-25T12:17:17","slug":"senado-aprova-projeto-que-equipara-misoginia-ao-racismo-e-aumenta-penas-para-ofensas-contra-mulheres","status":"publish","type":"post","link":"https:\/\/justicapotiguar.com.br\/index.php\/2026\/03\/25\/senado-aprova-projeto-que-equipara-misoginia-ao-racismo-e-aumenta-penas-para-ofensas-contra-mulheres\/","title":{"rendered":"Senado aprova projeto que equipara misoginia ao racismo e aumenta penas para ofensas contra mulheres"},"content":{"rendered":"\n<figure class=\"wp-block-image size-large\"><img loading=\"lazy\" width=\"860\" height=\"570\" src=\"https:\/\/justicapotiguar.com.br\/wp-content\/uploads\/2026\/03\/senado-1.jpg\" alt=\"\" class=\"wp-image-52546\" srcset=\"https:\/\/justicapotiguar.com.br\/wp-content\/uploads\/2026\/03\/senado-1.jpg 860w, https:\/\/justicapotiguar.com.br\/wp-content\/uploads\/2026\/03\/senado-1-300x199.jpg 300w, https:\/\/justicapotiguar.com.br\/wp-content\/uploads\/2026\/03\/senado-1-768x509.jpg 768w\" sizes=\"(max-width: 860px) 100vw, 860px\" \/><figcaption>Fonte: Carlos Moura\/Ag\u00eancia Senado<\/figcaption><\/figure>\n\n\n\n<p>O Senado aprovou nesta ter\u00e7a-feira um projeto de lei que equipara a misoginia ao crime de racismo e aumenta as penas para ofensas contra mulheres. Pela proposta, a inj\u00faria motivada por \u00f3dio ou avers\u00e3o ao g\u00eanero feminino passa a ser punida com reclus\u00e3o de dois a cinco anos e multa. O texto segue agora para an\u00e1lise da C\u00e2mara dos Deputados.<\/p>\n\n\n\n<p>Hoje, casos de ofensas contra mulheres por raz\u00e3o de g\u00eanero s\u00e3o enquadrados como inj\u00faria no C\u00f3digo Penal, com pena que pode chegar a um ano de deten\u00e7\u00e3o \u2014 ou at\u00e9 o dobro quando h\u00e1 contexto de viol\u00eancia dom\u00e9stica. Com a mudan\u00e7a, a conduta passa a ser tratada como crime mais grave, com pena maior e enquadramento na Lei do Racismo.<\/p>\n\n\n\n<p>Na pr\u00e1tica, a altera\u00e7\u00e3o coloca a misoginia no mesmo n\u00edvel jur\u00eddico de outras formas de preconceito j\u00e1 tipificadas, como racismo e intoler\u00e2ncia religiosa. Com isso, passam a ser enquadradas na lei condutas como praticar, induzir ou incitar discrimina\u00e7\u00e3o contra mulheres.<\/p>\n\n\n\n<p>Ao ser inclu\u00edda na legisla\u00e7\u00e3o, a misoginia passa a seguir o mesmo regime jur\u00eddico dos crimes de racismo, que s\u00e3o considerados inafian\u00e7\u00e1veis e imprescrit\u00edveis pela Constitui\u00e7\u00e3o. Especialistas ouvidos ao longo da tramita\u00e7\u00e3o apontam que o enquadramento tende a endurecer a resposta penal e dificultar a impunidade nesses casos.<\/p>\n\n\n\n<p>Pelo texto aprovado, ser\u00e3o punidos \u201cos crimes resultantes de discrimina\u00e7\u00e3o ou preconceito de ra\u00e7a, cor, etnia, religi\u00e3o, proced\u00eancia nacional ou praticados em raz\u00e3o de misoginia\u201d, ampliando o alcance da legisla\u00e7\u00e3o penal.<\/p><div class=\"zmxbz69ee69348b8de\" ><!--<a href=\"https:\/\/bit.ly\/3QdrqTZ\" target=\"_blank\">\n<img src=\"https:\/\/justicapotiguar.com.br\/wp-content\/uploads\/2023\/09\/mobile-geral.gif\"\/><a\/>--><\/div><style type=\"text\/css\">\r\n.zmxbz69ee69348b8de {\r\ntext-align: center;\r\n}\r\n@media screen and (min-width: 1201px) {\r\n.zmxbz69ee69348b8de {\r\ndisplay: none;\r\n}\r\n}\r\n@media screen and (min-width: 993px) and (max-width: 1200px) {\r\n.zmxbz69ee69348b8de {\r\ndisplay: none;\r\n}\r\n}\r\n@media screen and (min-width: 769px) and (max-width: 992px) {\r\n.zmxbz69ee69348b8de {\r\ndisplay: none;\r\n}\r\n}\r\n@media screen and (min-width: 768px) and (max-width: 768px) {\r\n.zmxbz69ee69348b8de {\r\ndisplay: block;\r\n}\r\n}\r\n@media screen and (max-width: 767px) {\r\n.zmxbz69ee69348b8de {\r\ndisplay: block;\r\n}\r\n}\r\n<\/style>\r\n<div class=\"uaptt69ee69348b8bc\" ><!--<a href=\"https:\/\/bit.ly\/3QdrqTZ\" target=\"_blank\">\n<img src=\"https:\/\/justicapotiguar.com.br\/wp-content\/uploads\/2023\/09\/desktop-geral.gif\"\/><a\/>--><\/div><style type=\"text\/css\">\r\n.uaptt69ee69348b8bc {\r\ntext-align: center;\nmargin-bottom: 1em;\r\n}\r\n@media screen and (min-width: 1201px) {\r\n.uaptt69ee69348b8bc {\r\ndisplay: block;\r\n}\r\n}\r\n@media screen and (min-width: 993px) and (max-width: 1200px) {\r\n.uaptt69ee69348b8bc {\r\ndisplay: block;\r\n}\r\n}\r\n@media screen and (min-width: 769px) and (max-width: 992px) {\r\n.uaptt69ee69348b8bc {\r\ndisplay: block;\r\n}\r\n}\r\n@media screen and (min-width: 768px) and (max-width: 768px) {\r\n.uaptt69ee69348b8bc {\r\ndisplay: none;\r\n}\r\n}\r\n@media screen and (max-width: 767px) {\r\n.uaptt69ee69348b8bc {\r\ndisplay: none;\r\n}\r\n}\r\n<\/style>\r\n\n\n\n\n<p>O projeto tamb\u00e9m cria a figura da inj\u00faria motivada por misoginia, com puni\u00e7\u00e3o mais severa do que a atualmente aplicada para ofensas relacionadas \u00e0 condi\u00e7\u00e3o de mulher.<\/p>\n\n\n\n<p>De acordo com o relat\u00f3rio apresentado em plen\u00e1rio, a misoginia passa a ser definida como a \u201cconduta que exteriorize \u00f3dio ou avers\u00e3o \u00e0s mulheres\u201d, deixando claro que n\u00e3o se pune o pensamento em si, mas sua manifesta\u00e7\u00e3o concreta.<\/p>\n\n\n\n<p>O texto tamb\u00e9m ajusta o C\u00f3digo Penal para evitar sobreposi\u00e7\u00e3o de puni\u00e7\u00f5es. Pela proposta, a inj\u00faria contra mulheres no contexto de viol\u00eancia dom\u00e9stica segue com regra pr\u00f3pria, enquanto a inj\u00faria mis\u00f3gina passa a ser tratada como crime mais grave.<\/p>\n\n\n\n<p>De autoria da senadora Ana Paula Lobato (PSB-MA), o texto segue para a C\u00e2mara.<br><br><em>Fonte: O Globo<\/em><\/p>\n","protected":false},"excerpt":{"rendered":"<p>Na pr\u00e1tica, a altera\u00e7\u00e3o coloca a misoginia no mesmo n\u00edvel jur\u00eddico de outras formas de preconceito j\u00e1 tipificadas, como racismo e intoler\u00e2ncia religiosa.<br \/><a class=\"more-link\" href=\"https:\/\/justicapotiguar.com.br\/index.php\/2026\/03\/25\/senado-aprova-projeto-que-equipara-misoginia-ao-racismo-e-aumenta-penas-para-ofensas-contra-mulheres\/\">Mais&#8230;<\/a><\/p>\n","protected":false},"author":8,"featured_media":0,"comment_status":"open","ping_status":"open","sticky":false,"template":"","format":"standard","meta":[],"categories":[3],"tags":[],"_links":{"self":[{"href":"https:\/\/justicapotiguar.com.br\/index.php\/wp-json\/wp\/v2\/posts\/52541"}],"collection":[{"href":"https:\/\/justicapotiguar.com.br\/index.php\/wp-json\/wp\/v2\/posts"}],"about":[{"href":"https:\/\/justicapotiguar.com.br\/index.php\/wp-json\/wp\/v2\/types\/post"}],"author":[{"embeddable":true,"href":"https:\/\/justicapotiguar.com.br\/index.php\/wp-json\/wp\/v2\/users\/8"}],"replies":[{"embeddable":true,"href":"https:\/\/justicapotiguar.com.br\/index.php\/wp-json\/wp\/v2\/comments?post=52541"}],"version-history":[{"count":2,"href":"https:\/\/justicapotiguar.com.br\/index.php\/wp-json\/wp\/v2\/posts\/52541\/revisions"}],"predecessor-version":[{"id":52547,"href":"https:\/\/justicapotiguar.com.br\/index.php\/wp-json\/wp\/v2\/posts\/52541\/revisions\/52547"}],"wp:attachment":[{"href":"https:\/\/justicapotiguar.com.br\/index.php\/wp-json\/wp\/v2\/media?parent=52541"}],"wp:term":[{"taxonomy":"category","embeddable":true,"href":"https:\/\/justicapotiguar.com.br\/index.php\/wp-json\/wp\/v2\/categories?post=52541"},{"taxonomy":"post_tag","embeddable":true,"href":"https:\/\/justicapotiguar.com.br\/index.php\/wp-json\/wp\/v2\/tags?post=52541"}],"curies":[{"name":"wp","href":"https:\/\/api.w.org\/{rel}","templated":true}]}}