{"id":52523,"date":"2026-03-24T20:23:07","date_gmt":"2026-03-24T23:23:07","guid":{"rendered":"https:\/\/justicapotiguar.com.br\/?p=52523"},"modified":"2026-03-24T20:27:39","modified_gmt":"2026-03-24T23:27:39","slug":"alexandre-de-moraes-expede-mandado-de-soltura-que-autoriza-domiciliar-a-bolsonaro","status":"publish","type":"post","link":"https:\/\/justicapotiguar.com.br\/index.php\/2026\/03\/24\/alexandre-de-moraes-expede-mandado-de-soltura-que-autoriza-domiciliar-a-bolsonaro\/","title":{"rendered":"Alexandre de Moraes expede mandado de soltura que autoriza domiciliar a Bolsonaro"},"content":{"rendered":"\n<figure class=\"wp-block-image size-large\"><img loading=\"lazy\" width=\"781\" height=\"490\" src=\"https:\/\/justicapotiguar.com.br\/wp-content\/uploads\/2026\/03\/moraes-6.jpg\" alt=\"\" class=\"wp-image-52525\" srcset=\"https:\/\/justicapotiguar.com.br\/wp-content\/uploads\/2026\/03\/moraes-6.jpg 781w, https:\/\/justicapotiguar.com.br\/wp-content\/uploads\/2026\/03\/moraes-6-300x188.jpg 300w, https:\/\/justicapotiguar.com.br\/wp-content\/uploads\/2026\/03\/moraes-6-768x482.jpg 768w\" sizes=\"(max-width: 781px) 100vw, 781px\" \/><figcaption>Foto: Antonio Augusto\/STF<\/figcaption><\/figure>\n\n\n\n<p>O ministro Alexandre de Moraes, do Supremo Tribunal Federal (STF), determinou h\u00e1 pouco a expedi\u00e7\u00e3o do mandado de soltura para efetivar a decis\u00e3o que concedeu pris\u00e3o domiciliar tempor\u00e1ria ao ex-presidente Jair Bolsonaro.<\/p>\n\n\n\n<p>O documento autoriza Bolsonaro a permanecer em casa pelo prazo de 90 dias ap\u00f3s receber alta m\u00e9dica. O ex-presidente est\u00e1 internado desde sexta-feira (13) no Hospital DF Star, em Bras\u00edlia, onde se recupera de uma broncopneumonia.<\/p>\n\n\n\n<p>Moraes tamb\u00e9m determinou que Bolsonaro voltar\u00e1 a ser monitorado por tornozeleira eletr\u00f4nica. Em novembro do ano passado, antes de ser condenado pela trama golpista, o ex-presidente foi preso ap\u00f3s tentar violar o equipamento.<\/p><div class=\"euxlh69ee7b5288c1f\" ><!--<a href=\"https:\/\/bit.ly\/3QdrqTZ\" target=\"_blank\">\n<img src=\"https:\/\/justicapotiguar.com.br\/wp-content\/uploads\/2023\/09\/mobile-geral.gif\"\/><a\/>--><\/div><style type=\"text\/css\">\r\n.euxlh69ee7b5288c1f {\r\ntext-align: center;\r\n}\r\n@media screen and (min-width: 1201px) {\r\n.euxlh69ee7b5288c1f {\r\ndisplay: none;\r\n}\r\n}\r\n@media screen and (min-width: 993px) and (max-width: 1200px) {\r\n.euxlh69ee7b5288c1f {\r\ndisplay: none;\r\n}\r\n}\r\n@media screen and (min-width: 769px) and (max-width: 992px) {\r\n.euxlh69ee7b5288c1f {\r\ndisplay: none;\r\n}\r\n}\r\n@media screen and (min-width: 768px) and (max-width: 768px) {\r\n.euxlh69ee7b5288c1f {\r\ndisplay: block;\r\n}\r\n}\r\n@media screen and (max-width: 767px) {\r\n.euxlh69ee7b5288c1f {\r\ndisplay: block;\r\n}\r\n}\r\n<\/style>\r\n<div class=\"pqrwh69ee7b5288c0d\" ><!--<a href=\"https:\/\/bit.ly\/3QdrqTZ\" target=\"_blank\">\n<img src=\"https:\/\/justicapotiguar.com.br\/wp-content\/uploads\/2023\/09\/desktop-geral.gif\"\/><a\/>--><\/div><style type=\"text\/css\">\r\n.pqrwh69ee7b5288c0d {\r\ntext-align: center;\nmargin-bottom: 1em;\r\n}\r\n@media screen and (min-width: 1201px) {\r\n.pqrwh69ee7b5288c0d {\r\ndisplay: block;\r\n}\r\n}\r\n@media screen and (min-width: 993px) and (max-width: 1200px) {\r\n.pqrwh69ee7b5288c0d {\r\ndisplay: block;\r\n}\r\n}\r\n@media screen and (min-width: 769px) and (max-width: 992px) {\r\n.pqrwh69ee7b5288c0d {\r\ndisplay: block;\r\n}\r\n}\r\n@media screen and (min-width: 768px) and (max-width: 768px) {\r\n.pqrwh69ee7b5288c0d {\r\ndisplay: none;\r\n}\r\n}\r\n@media screen and (max-width: 767px) {\r\n.pqrwh69ee7b5288c0d {\r\ndisplay: none;\r\n}\r\n}\r\n<\/style>\r\n\n\n\n\n<p>Pela decis\u00e3o, agentes da Pol\u00edcia Militar dever\u00e3o fazer a seguran\u00e7a da casa de Bolsonaro para evitar fuga.<\/p>\n\n\n\n<p>Bolsonaro foi condenado a 27 anos e 3 meses de pris\u00e3o na a\u00e7\u00e3o penal da trama golpista e cumpria pena no 19\u00b0 Batalh\u00e3o da Pol\u00edcia Militar, no Complexo Penitenci\u00e1rio da Papuda, em Bras\u00edlia, conhecido como Papudinha.<\/p>\n\n\n\n<p><em>Fonte: Ag\u00eancia Brasil<\/em><\/p>\n","protected":false},"excerpt":{"rendered":"<p>O ex-presidente est\u00e1 internado desde sexta-feira (13) no Hospital DF Star, em Bras\u00edlia, onde se recupera de uma broncopneumonia.<br \/><a class=\"more-link\" href=\"https:\/\/justicapotiguar.com.br\/index.php\/2026\/03\/24\/alexandre-de-moraes-expede-mandado-de-soltura-que-autoriza-domiciliar-a-bolsonaro\/\">Mais&#8230;<\/a><\/p>\n","protected":false},"author":8,"featured_media":0,"comment_status":"open","ping_status":"open","sticky":false,"template":"","format":"standard","meta":[],"categories":[3],"tags":[],"_links":{"self":[{"href":"https:\/\/justicapotiguar.com.br\/index.php\/wp-json\/wp\/v2\/posts\/52523"}],"collection":[{"href":"https:\/\/justicapotiguar.com.br\/index.php\/wp-json\/wp\/v2\/posts"}],"about":[{"href":"https:\/\/justicapotiguar.com.br\/index.php\/wp-json\/wp\/v2\/types\/post"}],"author":[{"embeddable":true,"href":"https:\/\/justicapotiguar.com.br\/index.php\/wp-json\/wp\/v2\/users\/8"}],"replies":[{"embeddable":true,"href":"https:\/\/justicapotiguar.com.br\/index.php\/wp-json\/wp\/v2\/comments?post=52523"}],"version-history":[{"count":3,"href":"https:\/\/justicapotiguar.com.br\/index.php\/wp-json\/wp\/v2\/posts\/52523\/revisions"}],"predecessor-version":[{"id":52527,"href":"https:\/\/justicapotiguar.com.br\/index.php\/wp-json\/wp\/v2\/posts\/52523\/revisions\/52527"}],"wp:attachment":[{"href":"https:\/\/justicapotiguar.com.br\/index.php\/wp-json\/wp\/v2\/media?parent=52523"}],"wp:term":[{"taxonomy":"category","embeddable":true,"href":"https:\/\/justicapotiguar.com.br\/index.php\/wp-json\/wp\/v2\/categories?post=52523"},{"taxonomy":"post_tag","embeddable":true,"href":"https:\/\/justicapotiguar.com.br\/index.php\/wp-json\/wp\/v2\/tags?post=52523"}],"curies":[{"name":"wp","href":"https:\/\/api.w.org\/{rel}","templated":true}]}}