{"id":52494,"date":"2026-03-24T09:10:00","date_gmt":"2026-03-24T12:10:00","guid":{"rendered":"https:\/\/justicapotiguar.com.br\/?p=52494"},"modified":"2026-03-24T09:19:19","modified_gmt":"2026-03-24T12:19:19","slug":"pre-campanha-ia-e-novas-regras-do-tse-o-que-muda-para-2026","status":"publish","type":"post","link":"https:\/\/justicapotiguar.com.br\/index.php\/2026\/03\/24\/pre-campanha-ia-e-novas-regras-do-tse-o-que-muda-para-2026\/","title":{"rendered":"Pr\u00e9-campanha, intelig\u00eancia artificial (IA) e novas regras do TSE: o que muda para 2026?"},"content":{"rendered":"\n<figure class=\"wp-block-image size-large\"><img loading=\"lazy\" width=\"819\" height=\"1024\" src=\"https:\/\/justicapotiguar.com.br\/wp-content\/uploads\/2026\/03\/Live-Feed-1.jpg-819x1024.jpeg\" alt=\"\" class=\"wp-image-52497\" srcset=\"https:\/\/justicapotiguar.com.br\/wp-content\/uploads\/2026\/03\/Live-Feed-1.jpg-819x1024.jpeg 819w, https:\/\/justicapotiguar.com.br\/wp-content\/uploads\/2026\/03\/Live-Feed-1.jpg-240x300.jpeg 240w, https:\/\/justicapotiguar.com.br\/wp-content\/uploads\/2026\/03\/Live-Feed-1.jpg-768x960.jpeg 768w, https:\/\/justicapotiguar.com.br\/wp-content\/uploads\/2026\/03\/Live-Feed-1.jpg-1229x1536.jpeg 1229w, https:\/\/justicapotiguar.com.br\/wp-content\/uploads\/2026\/03\/Live-Feed-1.jpg-1638x2048.jpeg 1638w, https:\/\/justicapotiguar.com.br\/wp-content\/uploads\/2026\/03\/Live-Feed-1.jpg-scaled.jpeg 2048w\" sizes=\"(max-width: 819px) 100vw, 819px\" \/><\/figure>\n\n\n\n<p>Na pr\u00f3xima quinta-feira, 26 de mar\u00e7o, \u00e0s 19h, os advogados Felipe Cortez @felipecortez1, Yuri Cortez @yuricortez, Artur Carvalho @arturcarvalhol, Marcus Barros @marcusffbarros e Manoel Matias @manoelmatias uma<em> live <\/em>no YouTube <a rel=\"noreferrer noopener\" href=\"http:\/\/www.youtube.com\/@felipecortezadvogadorn4137\" target=\"_blank\">http:\/\/www.youtube.com\/@felipecortezadvogadorn4137<\/a> para discutir aspectos da pr\u00e9-campanha e, tamb\u00e9m, atualiza\u00e7\u00f5es do TSE para as Elei\u00e7\u00f5es de 2026.<\/p>\n\n\n\n<p>A pr\u00e9-campanha \u00e9 um tema que provoca intenso debate entre juristas e interessados no processo eleitoral, sobretudo no que diz respeito \u00e0 defini\u00e7\u00e3o daquilo que \u00e9 \u2013 ou n\u00e3o \u2013 vedado durante o per\u00edodo que antecede a campanha propriamente dita. Embora o TSE tenha definido requisitos para a configura\u00e7\u00e3o da chamada \u201cpropaganda antecipada\u201d, a mat\u00e9ria ainda \u00e9 controversa para algumas pessoas, principalmente pr\u00e9-candidatos e equipes de marketing.<\/p><div class=\"ztxef69ee53ce541c0\" ><!--<a href=\"https:\/\/bit.ly\/3QdrqTZ\" target=\"_blank\">\n<img src=\"https:\/\/justicapotiguar.com.br\/wp-content\/uploads\/2023\/09\/mobile-geral.gif\"\/><a\/>--><\/div><style type=\"text\/css\">\r\n.ztxef69ee53ce541c0 {\r\ntext-align: center;\r\n}\r\n@media screen and (min-width: 1201px) {\r\n.ztxef69ee53ce541c0 {\r\ndisplay: none;\r\n}\r\n}\r\n@media screen and (min-width: 993px) and (max-width: 1200px) {\r\n.ztxef69ee53ce541c0 {\r\ndisplay: none;\r\n}\r\n}\r\n@media screen and (min-width: 769px) and (max-width: 992px) {\r\n.ztxef69ee53ce541c0 {\r\ndisplay: none;\r\n}\r\n}\r\n@media screen and (min-width: 768px) and (max-width: 768px) {\r\n.ztxef69ee53ce541c0 {\r\ndisplay: block;\r\n}\r\n}\r\n@media screen and (max-width: 767px) {\r\n.ztxef69ee53ce541c0 {\r\ndisplay: block;\r\n}\r\n}\r\n<\/style>\r\n<div class=\"cdcdq69ee53ce541a8\" ><!--<a href=\"https:\/\/bit.ly\/3QdrqTZ\" target=\"_blank\">\n<img src=\"https:\/\/justicapotiguar.com.br\/wp-content\/uploads\/2023\/09\/desktop-geral.gif\"\/><a\/>--><\/div><style type=\"text\/css\">\r\n.cdcdq69ee53ce541a8 {\r\ntext-align: center;\nmargin-bottom: 1em;\r\n}\r\n@media screen and (min-width: 1201px) {\r\n.cdcdq69ee53ce541a8 {\r\ndisplay: block;\r\n}\r\n}\r\n@media screen and (min-width: 993px) and (max-width: 1200px) {\r\n.cdcdq69ee53ce541a8 {\r\ndisplay: block;\r\n}\r\n}\r\n@media screen and (min-width: 769px) and (max-width: 992px) {\r\n.cdcdq69ee53ce541a8 {\r\ndisplay: block;\r\n}\r\n}\r\n@media screen and (min-width: 768px) and (max-width: 768px) {\r\n.cdcdq69ee53ce541a8 {\r\ndisplay: none;\r\n}\r\n}\r\n@media screen and (max-width: 767px) {\r\n.cdcdq69ee53ce541a8 {\r\ndisplay: none;\r\n}\r\n}\r\n<\/style>\r\n\n\n\n\n<p>Al\u00e9m disso, em anos eleitorais, o TSE costuma rever suas Resolu\u00e7\u00f5es, sempre na tentativa de regulamentar as novidades que as tecnologias e os meios de informa\u00e7\u00e3o nos imp\u00f5em. Com os avan\u00e7os da IA, o Tribunal tem procurado inovar para combater o seu mau uso, com normas in\u00e9ditas que precisam de aten\u00e7\u00e3o.<\/p>\n","protected":false},"excerpt":{"rendered":"<p>Embora o TSE tenha definido requisitos para a configura\u00e7\u00e3o da chamada \u201cpropaganda antecipada\u201d, a mat\u00e9ria ainda \u00e9 controversa para algumas pessoas.<br \/><a class=\"more-link\" href=\"https:\/\/justicapotiguar.com.br\/index.php\/2026\/03\/24\/pre-campanha-ia-e-novas-regras-do-tse-o-que-muda-para-2026\/\">Mais&#8230;<\/a><\/p>\n","protected":false},"author":8,"featured_media":0,"comment_status":"open","ping_status":"open","sticky":false,"template":"","format":"standard","meta":[],"categories":[3],"tags":[],"_links":{"self":[{"href":"https:\/\/justicapotiguar.com.br\/index.php\/wp-json\/wp\/v2\/posts\/52494"}],"collection":[{"href":"https:\/\/justicapotiguar.com.br\/index.php\/wp-json\/wp\/v2\/posts"}],"about":[{"href":"https:\/\/justicapotiguar.com.br\/index.php\/wp-json\/wp\/v2\/types\/post"}],"author":[{"embeddable":true,"href":"https:\/\/justicapotiguar.com.br\/index.php\/wp-json\/wp\/v2\/users\/8"}],"replies":[{"embeddable":true,"href":"https:\/\/justicapotiguar.com.br\/index.php\/wp-json\/wp\/v2\/comments?post=52494"}],"version-history":[{"count":7,"href":"https:\/\/justicapotiguar.com.br\/index.php\/wp-json\/wp\/v2\/posts\/52494\/revisions"}],"predecessor-version":[{"id":52500,"href":"https:\/\/justicapotiguar.com.br\/index.php\/wp-json\/wp\/v2\/posts\/52494\/revisions\/52500"}],"wp:attachment":[{"href":"https:\/\/justicapotiguar.com.br\/index.php\/wp-json\/wp\/v2\/media?parent=52494"}],"wp:term":[{"taxonomy":"category","embeddable":true,"href":"https:\/\/justicapotiguar.com.br\/index.php\/wp-json\/wp\/v2\/categories?post=52494"},{"taxonomy":"post_tag","embeddable":true,"href":"https:\/\/justicapotiguar.com.br\/index.php\/wp-json\/wp\/v2\/tags?post=52494"}],"curies":[{"name":"wp","href":"https:\/\/api.w.org\/{rel}","templated":true}]}}