{"id":52460,"date":"2026-03-23T08:33:45","date_gmt":"2026-03-23T11:33:45","guid":{"rendered":"https:\/\/justicapotiguar.com.br\/?p=52460"},"modified":"2026-03-23T08:39:25","modified_gmt":"2026-03-23T11:39:25","slug":"mendonca-diz-que-papel-de-bom-juiz-nao-e-ser-estrela-e-sim-assumir-responsabilidade","status":"publish","type":"post","link":"https:\/\/justicapotiguar.com.br\/index.php\/2026\/03\/23\/mendonca-diz-que-papel-de-bom-juiz-nao-e-ser-estrela-e-sim-assumir-responsabilidade\/","title":{"rendered":"Mendon\u00e7a diz que papel de bom juiz n\u00e3o \u00e9 &#8216;ser estrela&#8217; e sim assumir responsabilidade"},"content":{"rendered":"\n<figure class=\"wp-block-image size-large\"><img loading=\"lazy\" width=\"984\" height=\"656\" src=\"https:\/\/justicapotiguar.com.br\/wp-content\/uploads\/2026\/03\/mendonca.jpg\" alt=\"\" class=\"wp-image-52461\" srcset=\"https:\/\/justicapotiguar.com.br\/wp-content\/uploads\/2026\/03\/mendonca.jpg 984w, https:\/\/justicapotiguar.com.br\/wp-content\/uploads\/2026\/03\/mendonca-300x200.jpg 300w, https:\/\/justicapotiguar.com.br\/wp-content\/uploads\/2026\/03\/mendonca-768x512.jpg 768w\" sizes=\"(max-width: 984px) 100vw, 984px\" \/><figcaption>Foto: Gustavo Moreno\/STF<\/figcaption><\/figure>\n\n\n\n<p>O ministro do Supremo Tribunal Federal (STF) Andr\u00e9 Mendon\u00e7a afirmou nesta sexta-feira (20) que o papel de um magistrado n\u00e3o \u00e9 buscar protagonismo, mas assumir a responsabilidade de julgar com equil\u00edbrio e consci\u00eancia das pr\u00f3prias limita\u00e7\u00f5es.<\/p>\n\n\n\n<p>Segundo ele, &#8220;bom juiz n\u00e3o \u00e9 estrela&#8221;, mas algu\u00e9m que cumpre o dever com senso de responsabilidade. \u201cComo eu sou crist\u00e3o, pe\u00e7o que julgue da forma certa, reconhecendo que n\u00e3o somos perfeitos\u201d, declarou.<\/p>\n\n\n\n<p>Mendon\u00e7a tamb\u00e9m disse que decis\u00f5es dif\u00edceis fazem parte da rotina de quem ocupa posi\u00e7\u00f5es de lideran\u00e7a no Estado, e que eventuais erros devem ser reconhecidos e corrigidos.<\/p>\n\n\n\n<p>\u201cN\u00e3o tenha medo de tomar decis\u00f5es. Se estiver errado, pe\u00e7a desculpas e corrija a rota, mas n\u00e3o deixe de decidir\u201d, afirmou.<\/p>\n\n\n\n<p>As declara\u00e7\u00f5es foram feitas durante um evento na Ordem dos Advogados do Brasil (OAB) seccional do Rio de Janeiro cujo tema foi &#8220;Os desafios da advocacia no s\u00e9culo XXI&#8221;. Mendon\u00e7a, no momento, ocupa o papel de relator do caso Master no Supremo.<\/p>\n\n\n\n<p>O ministro destacou que coragem, no exerc\u00edcio da fun\u00e7\u00e3o p\u00fablica, n\u00e3o se traduz em elevar a voz nem em demonstrar for\u00e7a ostensiva, mas em agir com serenidade mesmo sob press\u00e3o.<\/p>\n\n\n\n<p>\u201cCoragem \u00e9 a capacidade de, no meio da adversidade, ter tranquilidade para decidir. N\u00e3o \u00e9 falar alto, ser arrogante ou subir o tom. Coragem n\u00e3o \u00e9 irracionalidade; \u00e9 tomar decis\u00f5es de forma racional, justificada e motivada\u201d, disse.<\/p>\n\n\n\n<p>Mendon\u00e7a tamb\u00e9m afirmou que, em ambientes de poder, humildade costuma ser confundida com fraqueza, mas que o conceito representa exatamente o oposto.<\/p>\n\n\n\n<p>\u201cHumildade n\u00e3o \u00e9 fraqueza, \u00e9 grandeza. \u00c9 saber que, no fundo, voc\u00ea n\u00e3o \u00e9 mais do que ningu\u00e9m\u201d, declarou.<\/p><div class=\"ezfoq69ee538b85d3c\" ><!--<a href=\"https:\/\/bit.ly\/3QdrqTZ\" target=\"_blank\">\n<img src=\"https:\/\/justicapotiguar.com.br\/wp-content\/uploads\/2023\/09\/mobile-geral.gif\"\/><a\/>--><\/div><style type=\"text\/css\">\r\n.ezfoq69ee538b85d3c {\r\ntext-align: center;\r\n}\r\n@media screen and (min-width: 1201px) {\r\n.ezfoq69ee538b85d3c {\r\ndisplay: none;\r\n}\r\n}\r\n@media screen and (min-width: 993px) and (max-width: 1200px) {\r\n.ezfoq69ee538b85d3c {\r\ndisplay: none;\r\n}\r\n}\r\n@media screen and (min-width: 769px) and (max-width: 992px) {\r\n.ezfoq69ee538b85d3c {\r\ndisplay: none;\r\n}\r\n}\r\n@media screen and (min-width: 768px) and (max-width: 768px) {\r\n.ezfoq69ee538b85d3c {\r\ndisplay: block;\r\n}\r\n}\r\n@media screen and (max-width: 767px) {\r\n.ezfoq69ee538b85d3c {\r\ndisplay: block;\r\n}\r\n}\r\n<\/style>\r\n<div class=\"vzext69ee538b85d20\" ><!--<a href=\"https:\/\/bit.ly\/3QdrqTZ\" target=\"_blank\">\n<img src=\"https:\/\/justicapotiguar.com.br\/wp-content\/uploads\/2023\/09\/desktop-geral.gif\"\/><a\/>--><\/div><style type=\"text\/css\">\r\n.vzext69ee538b85d20 {\r\ntext-align: center;\nmargin-bottom: 1em;\r\n}\r\n@media screen and (min-width: 1201px) {\r\n.vzext69ee538b85d20 {\r\ndisplay: block;\r\n}\r\n}\r\n@media screen and (min-width: 993px) and (max-width: 1200px) {\r\n.vzext69ee538b85d20 {\r\ndisplay: block;\r\n}\r\n}\r\n@media screen and (min-width: 769px) and (max-width: 992px) {\r\n.vzext69ee538b85d20 {\r\ndisplay: block;\r\n}\r\n}\r\n@media screen and (min-width: 768px) and (max-width: 768px) {\r\n.vzext69ee538b85d20 {\r\ndisplay: none;\r\n}\r\n}\r\n@media screen and (max-width: 767px) {\r\n.vzext69ee538b85d20 {\r\ndisplay: none;\r\n}\r\n}\r\n<\/style>\r\n\n\n\n\n<p>No discurso, o ministro relembrou sua sabatina no Senado, em 2021, e afirmou que enfrentou resist\u00eancia de pessoas \u201cmais poderosas\u201d que n\u00e3o queriam ver sua indica\u00e7\u00e3o avan\u00e7ar.<\/p>\n\n\n\n<p>Segundo Mendon\u00e7a, sua estrat\u00e9gia foi evitar confrontos p\u00fablicos antes de a sabatina ser marcada. \u201cSe eu aumentasse a for\u00e7a antes da marca\u00e7\u00e3o, ia aumentar a carga contra mim. S\u00f3 depois de marcada iria demonstrar for\u00e7a, porque, se fosse brigar s\u00f3 pelo lado da for\u00e7a, seria derrotado\u201d, relatou.<\/p>\n\n\n\n<p>Ele completou dizendo que posi\u00e7\u00f5es p\u00fablicas exigem \u201cperseveran\u00e7a e resili\u00eancia\u201d, al\u00e9m de leitura precisa do momento adequado para agir.<\/p>\n\n\n\n<p>O ministro afirmou tamb\u00e9m que n\u00e3o tem pretens\u00e3o pessoal no Supremo, ressaltando que n\u00e3o se considera mais \u2014 nem menos \u2014 importante do que os demais ministros.<\/p>\n\n\n\n<p>Disse que as 11 cadeiras da Corte t\u00eam \u201ca devida import\u00e2ncia e responsabilidade\u201d e registrou que n\u00e3o pretende ser \u201csalvador de nada\u201d.<\/p>\n\n\n\n<p>Mendon\u00e7a acrescentou que os ministros s\u00e3o servidores p\u00fablicos que precisam preservar a rela\u00e7\u00e3o de confian\u00e7a que a sociedade deposita neles.<\/p>\n\n\n\n<p>&#8216;&#8221;Esse \u00e9 o grande desafio do cargo: em cada dia e em cada decis\u00e3o, agir com responsabilidade em rela\u00e7\u00e3o \u00e0 Justi\u00e7a, \u00e0 Constitui\u00e7\u00e3o, ao pa\u00eds e \u00e0 sociedade&#8221;, justificou.<\/p>\n\n\n\n<p><em>Fonte: g1<\/em><\/p>\n","protected":false},"excerpt":{"rendered":"<p>O ministro destacou que coragem, no exerc\u00edcio da fun\u00e7\u00e3o p\u00fablica, n\u00e3o se traduz em elevar a voz nem em demonstrar for\u00e7a ostensiva, mas em agir com serenidade mesmo sob press\u00e3o.<br \/><a class=\"more-link\" href=\"https:\/\/justicapotiguar.com.br\/index.php\/2026\/03\/23\/mendonca-diz-que-papel-de-bom-juiz-nao-e-ser-estrela-e-sim-assumir-responsabilidade\/\">Mais&#8230;<\/a><\/p>\n","protected":false},"author":8,"featured_media":0,"comment_status":"open","ping_status":"open","sticky":false,"template":"","format":"standard","meta":[],"categories":[3],"tags":[],"_links":{"self":[{"href":"https:\/\/justicapotiguar.com.br\/index.php\/wp-json\/wp\/v2\/posts\/52460"}],"collection":[{"href":"https:\/\/justicapotiguar.com.br\/index.php\/wp-json\/wp\/v2\/posts"}],"about":[{"href":"https:\/\/justicapotiguar.com.br\/index.php\/wp-json\/wp\/v2\/types\/post"}],"author":[{"embeddable":true,"href":"https:\/\/justicapotiguar.com.br\/index.php\/wp-json\/wp\/v2\/users\/8"}],"replies":[{"embeddable":true,"href":"https:\/\/justicapotiguar.com.br\/index.php\/wp-json\/wp\/v2\/comments?post=52460"}],"version-history":[{"count":3,"href":"https:\/\/justicapotiguar.com.br\/index.php\/wp-json\/wp\/v2\/posts\/52460\/revisions"}],"predecessor-version":[{"id":52464,"href":"https:\/\/justicapotiguar.com.br\/index.php\/wp-json\/wp\/v2\/posts\/52460\/revisions\/52464"}],"wp:attachment":[{"href":"https:\/\/justicapotiguar.com.br\/index.php\/wp-json\/wp\/v2\/media?parent=52460"}],"wp:term":[{"taxonomy":"category","embeddable":true,"href":"https:\/\/justicapotiguar.com.br\/index.php\/wp-json\/wp\/v2\/categories?post=52460"},{"taxonomy":"post_tag","embeddable":true,"href":"https:\/\/justicapotiguar.com.br\/index.php\/wp-json\/wp\/v2\/tags?post=52460"}],"curies":[{"name":"wp","href":"https:\/\/api.w.org\/{rel}","templated":true}]}}