{"id":52455,"date":"2026-03-22T18:31:50","date_gmt":"2026-03-22T21:31:50","guid":{"rendered":"https:\/\/justicapotiguar.com.br\/?p=52455"},"modified":"2026-03-22T18:38:50","modified_gmt":"2026-03-22T21:38:50","slug":"idosos-tem-direito-a-continuar-com-plano-de-saude-apos-morte-do-titular-decide-justica","status":"publish","type":"post","link":"https:\/\/justicapotiguar.com.br\/index.php\/2026\/03\/22\/idosos-tem-direito-a-continuar-com-plano-de-saude-apos-morte-do-titular-decide-justica\/","title":{"rendered":"Idosos t\u00eam direito a continuar com plano de sa\u00fade ap\u00f3s morte do titular, decide Justi\u00e7a"},"content":{"rendered":"\n<figure class=\"wp-block-image size-large\"><img loading=\"lazy\" width=\"1024\" height=\"683\" src=\"https:\/\/justicapotiguar.com.br\/wp-content\/uploads\/2026\/03\/idosa-1024x683.jpg\" alt=\"\" class=\"wp-image-52457\" srcset=\"https:\/\/justicapotiguar.com.br\/wp-content\/uploads\/2026\/03\/idosa-1024x683.jpg 1024w, https:\/\/justicapotiguar.com.br\/wp-content\/uploads\/2026\/03\/idosa-300x200.jpg 300w, https:\/\/justicapotiguar.com.br\/wp-content\/uploads\/2026\/03\/idosa-768x512.jpg 768w, https:\/\/justicapotiguar.com.br\/wp-content\/uploads\/2026\/03\/idosa-1536x1024.jpg 1536w, https:\/\/justicapotiguar.com.br\/wp-content\/uploads\/2026\/03\/idosa-2048x1365.jpg 2048w\" sizes=\"(max-width: 1024px) 100vw, 1024px\" \/><figcaption>Foto: Freepik<\/figcaption><\/figure>\n\n\n\n<p>A Primeira C\u00e2mara de Direito Privado do Tribunal de Justi\u00e7a de Mato Grosso (TJMT) decidiu, por unanimidade, que operadoras de sa\u00fade n\u00e3o podem cancelar automaticamente o plano de dependentes idosos ap\u00f3s o fim do per\u00edodo de remiss\u00e3o \u2014 prazo em que a mensalidade fica suspensa ap\u00f3s o falecimento do titular do contrato.<\/p>\n\n\n\n<p>Segundo o entendimento dos magistrados, o dependente tem direito de continuar no plano nas mesmas condi\u00e7\u00f5es j\u00e1 existentes, desde que assuma o pagamento integral das mensalidades.<\/p>\n\n\n\n<p>A a\u00e7\u00e3o foi movida por uma idosa que era dependente em um plano de sa\u00fade coletivo por ades\u00e3o vinculado ao seu esposo falecido. Ap\u00f3s utilizar o per\u00edodo de remiss\u00e3o de 36 meses, a operadora cancelou o plano de forma unilateral.<\/p>\n\n\n\n<p>A empresa alegou que n\u00e3o havia previs\u00e3o contratual para que a dependente permanecesse no plano e afirmou que o cancelamento teria ocorrido a pedido da pr\u00f3pria consumidora.<\/p>\n\n\n\n<p>No entanto, durante o processo a operadora n\u00e3o apresentou documentos que comprovassem que a idosa solicitou o cancelamento do plano. Para o Tribunal, essa aus\u00eancia de prova caracteriza falha na presta\u00e7\u00e3o do servi\u00e7o.<\/p><div class=\"ehdhk69ee53b504d42\" ><!--<a href=\"https:\/\/bit.ly\/3QdrqTZ\" target=\"_blank\">\n<img src=\"https:\/\/justicapotiguar.com.br\/wp-content\/uploads\/2023\/09\/mobile-geral.gif\"\/><a\/>--><\/div><style type=\"text\/css\">\r\n.ehdhk69ee53b504d42 {\r\ntext-align: center;\r\n}\r\n@media screen and (min-width: 1201px) {\r\n.ehdhk69ee53b504d42 {\r\ndisplay: none;\r\n}\r\n}\r\n@media screen and (min-width: 993px) and (max-width: 1200px) {\r\n.ehdhk69ee53b504d42 {\r\ndisplay: none;\r\n}\r\n}\r\n@media screen and (min-width: 769px) and (max-width: 992px) {\r\n.ehdhk69ee53b504d42 {\r\ndisplay: none;\r\n}\r\n}\r\n@media screen and (min-width: 768px) and (max-width: 768px) {\r\n.ehdhk69ee53b504d42 {\r\ndisplay: block;\r\n}\r\n}\r\n@media screen and (max-width: 767px) {\r\n.ehdhk69ee53b504d42 {\r\ndisplay: block;\r\n}\r\n}\r\n<\/style>\r\n<div class=\"zjpxb69ee53b504d2f\" ><!--<a href=\"https:\/\/bit.ly\/3QdrqTZ\" target=\"_blank\">\n<img src=\"https:\/\/justicapotiguar.com.br\/wp-content\/uploads\/2023\/09\/desktop-geral.gif\"\/><a\/>--><\/div><style type=\"text\/css\">\r\n.zjpxb69ee53b504d2f {\r\ntext-align: center;\nmargin-bottom: 1em;\r\n}\r\n@media screen and (min-width: 1201px) {\r\n.zjpxb69ee53b504d2f {\r\ndisplay: block;\r\n}\r\n}\r\n@media screen and (min-width: 993px) and (max-width: 1200px) {\r\n.zjpxb69ee53b504d2f {\r\ndisplay: block;\r\n}\r\n}\r\n@media screen and (min-width: 769px) and (max-width: 992px) {\r\n.zjpxb69ee53b504d2f {\r\ndisplay: block;\r\n}\r\n}\r\n@media screen and (min-width: 768px) and (max-width: 768px) {\r\n.zjpxb69ee53b504d2f {\r\ndisplay: none;\r\n}\r\n}\r\n@media screen and (max-width: 767px) {\r\n.zjpxb69ee53b504d2f {\r\ndisplay: none;\r\n}\r\n}\r\n<\/style>\r\n\n\n\n\n<p>Ao analisar o caso, os desembargadores aplicaram o C\u00f3digo de Defesa do Consumidor (CDC) e a Lei n\u00ba 9.656\/1998, que regula os planos de sa\u00fade.<\/p>\n\n\n\n<ul><li>A decis\u00e3o destacou tr\u00eas pontos principais:<\/li><\/ul>\n\n\n\n<ul><li>Proibi\u00e7\u00e3o de cancelamento autom\u00e1tico: o fim do per\u00edodo de remiss\u00e3o n\u00e3o autoriza a interrup\u00e7\u00e3o imediata do plano;<\/li><\/ul>\n\n\n\n<ul><li>Continuidade para dependentes: dependentes j\u00e1 inscritos podem permanecer no contrato, assumindo o pagamento das mensalidades;<\/li><\/ul>\n\n\n\n<ul><li>Dever de boa-f\u00e9: a operadora deve agir com transpar\u00eancia e evitar deixar o consumidor sem assist\u00eancia m\u00e9dica;<\/li><\/ul>\n\n\n\n<p>Al\u00e9m de reconhecer o direito da idosa de manter o plano, o Tribunal tamb\u00e9m manteve a condena\u00e7\u00e3o da operadora ao pagamento de R$ 5 mil por danos morais.<\/p>\n\n\n\n<p>Para a relatora do processo, desembargadora Clarice Claudino da Silva, a interrup\u00e7\u00e3o de um servi\u00e7o essencial, especialmente para uma pessoa idosa com sa\u00fade fragilizada, ultrapassa um simples transtorno.<\/p>\n\n\n\n<p>Segundo ela, a situa\u00e7\u00e3o gera inseguran\u00e7a e atinge a dignidade do consumidor, motivo pelo qual a indeniza\u00e7\u00e3o foi considerada adequada.<\/p>\n\n\n\n<p><strong>N\u00famero do processo: 1044174-68.2023.8.11.0041<\/strong><br><br><em>Fonte: TJMT<\/em><\/p>\n","protected":false},"excerpt":{"rendered":"<p>A a\u00e7\u00e3o foi movida por uma idosa que era dependente em um plano de sa\u00fade coletivo por ades\u00e3o vinculado ao seu esposo falecido. <br \/><a class=\"more-link\" href=\"https:\/\/justicapotiguar.com.br\/index.php\/2026\/03\/22\/idosos-tem-direito-a-continuar-com-plano-de-saude-apos-morte-do-titular-decide-justica\/\">Mais&#8230;<\/a><\/p>\n","protected":false},"author":8,"featured_media":0,"comment_status":"open","ping_status":"open","sticky":false,"template":"","format":"standard","meta":[],"categories":[3],"tags":[],"_links":{"self":[{"href":"https:\/\/justicapotiguar.com.br\/index.php\/wp-json\/wp\/v2\/posts\/52455"}],"collection":[{"href":"https:\/\/justicapotiguar.com.br\/index.php\/wp-json\/wp\/v2\/posts"}],"about":[{"href":"https:\/\/justicapotiguar.com.br\/index.php\/wp-json\/wp\/v2\/types\/post"}],"author":[{"embeddable":true,"href":"https:\/\/justicapotiguar.com.br\/index.php\/wp-json\/wp\/v2\/users\/8"}],"replies":[{"embeddable":true,"href":"https:\/\/justicapotiguar.com.br\/index.php\/wp-json\/wp\/v2\/comments?post=52455"}],"version-history":[{"count":3,"href":"https:\/\/justicapotiguar.com.br\/index.php\/wp-json\/wp\/v2\/posts\/52455\/revisions"}],"predecessor-version":[{"id":52459,"href":"https:\/\/justicapotiguar.com.br\/index.php\/wp-json\/wp\/v2\/posts\/52455\/revisions\/52459"}],"wp:attachment":[{"href":"https:\/\/justicapotiguar.com.br\/index.php\/wp-json\/wp\/v2\/media?parent=52455"}],"wp:term":[{"taxonomy":"category","embeddable":true,"href":"https:\/\/justicapotiguar.com.br\/index.php\/wp-json\/wp\/v2\/categories?post=52455"},{"taxonomy":"post_tag","embeddable":true,"href":"https:\/\/justicapotiguar.com.br\/index.php\/wp-json\/wp\/v2\/tags?post=52455"}],"curies":[{"name":"wp","href":"https:\/\/api.w.org\/{rel}","templated":true}]}}