{"id":52450,"date":"2026-03-22T18:09:18","date_gmt":"2026-03-22T21:09:18","guid":{"rendered":"https:\/\/justicapotiguar.com.br\/?p=52450"},"modified":"2026-03-22T18:10:56","modified_gmt":"2026-03-22T21:10:56","slug":"emprestimo-consignado-contratado-por-pessoa-interditada-sem-anuencia-de-curadora-e-cancelado","status":"publish","type":"post","link":"https:\/\/justicapotiguar.com.br\/index.php\/2026\/03\/22\/emprestimo-consignado-contratado-por-pessoa-interditada-sem-anuencia-de-curadora-e-cancelado\/","title":{"rendered":"Empr\u00e9stimo consignado contratado por pessoa interditada sem anu\u00eancia de curadora \u00e9 cancelado"},"content":{"rendered":"\n<figure class=\"wp-block-image size-large\"><img loading=\"lazy\" width=\"724\" height=\"483\" src=\"https:\/\/justicapotiguar.com.br\/wp-content\/uploads\/2026\/03\/emprestimo.jpg\" alt=\"\" class=\"wp-image-52452\" srcset=\"https:\/\/justicapotiguar.com.br\/wp-content\/uploads\/2026\/03\/emprestimo.jpg 724w, https:\/\/justicapotiguar.com.br\/wp-content\/uploads\/2026\/03\/emprestimo-300x200.jpg 300w\" sizes=\"(max-width: 724px) 100vw, 724px\" \/><figcaption>Fonte: Reprodu\u00e7\u00e3o<\/figcaption><\/figure>\n\n\n\n<p>A 9\u00aa Vara Federal de Porto Alegre cancelou o empr\u00e9stimo consignado contratado por um homem interditado sem a anu\u00eancia de sua curadora.<\/p>\n\n\n\n<p>A m\u00e3e do homem, que \u00e9 sua curadora, ingressou com a\u00e7\u00e3o contra o Banco Mercantil e o Instituto Nacional do Seguro Social (INSS). Afirmou que n\u00e3o contratou ou autorizou o empr\u00e9stimo consignado, cujos descontos est\u00e3o incidindo no benef\u00edcio assistencial recebido pelo filho. Requereu a declara\u00e7\u00e3o de nulidade do contrato, a cessa\u00e7\u00e3o dos descontos, a repeti\u00e7\u00e3o do ind\u00e9bito e a condena\u00e7\u00e3o ao pagamento de indeniza\u00e7\u00e3o por danos morais.<\/p>\n\n\n\n<p>O banco argumentou a validade do neg\u00f3cio jur\u00eddico, sustentando que a contrata\u00e7\u00e3o ocorreu com utiliza\u00e7\u00e3o de biometria facial. No entanto, para o juiz, como o homem \u00e9 civilmente incapaz, para a validade dos seus atos, \u00e9 imprescind\u00edvel a sua representa\u00e7\u00e3o por curador, sob pena de nulidade absoluta, nos termos do art. 166, inciso I, do C\u00f3digo Civil.<\/p>\n\n\n\n<p>Segundo Ribas, o denominado \u201cdossi\u00ea de contrata\u00e7\u00e3o\u201d e o comprovante de assinatura eletr\u00f4nica indicaram apenas a participa\u00e7\u00e3o direta do homem, sem qualquer demonstra\u00e7\u00e3o de interven\u00e7\u00e3o de sua curadora. \u201cRessalte-se que a utiliza\u00e7\u00e3o de biometria facial de pessoa incapaz n\u00e3o supre a exig\u00eancia legal de representa\u00e7\u00e3o, sendo insuficiente para validar neg\u00f3cio jur\u00eddico de natureza financeira\u201d, explicou.<\/p><div class=\"djcxe69ee542125b68\" ><!--<a href=\"https:\/\/bit.ly\/3QdrqTZ\" target=\"_blank\">\n<img src=\"https:\/\/justicapotiguar.com.br\/wp-content\/uploads\/2023\/09\/mobile-geral.gif\"\/><a\/>--><\/div><style type=\"text\/css\">\r\n.djcxe69ee542125b68 {\r\ntext-align: center;\r\n}\r\n@media screen and (min-width: 1201px) {\r\n.djcxe69ee542125b68 {\r\ndisplay: none;\r\n}\r\n}\r\n@media screen and (min-width: 993px) and (max-width: 1200px) {\r\n.djcxe69ee542125b68 {\r\ndisplay: none;\r\n}\r\n}\r\n@media screen and (min-width: 769px) and (max-width: 992px) {\r\n.djcxe69ee542125b68 {\r\ndisplay: none;\r\n}\r\n}\r\n@media screen and (min-width: 768px) and (max-width: 768px) {\r\n.djcxe69ee542125b68 {\r\ndisplay: block;\r\n}\r\n}\r\n@media screen and (max-width: 767px) {\r\n.djcxe69ee542125b68 {\r\ndisplay: block;\r\n}\r\n}\r\n<\/style>\r\n<div class=\"xbcdq69ee542125b4d\" ><!--<a href=\"https:\/\/bit.ly\/3QdrqTZ\" target=\"_blank\">\n<img src=\"https:\/\/justicapotiguar.com.br\/wp-content\/uploads\/2023\/09\/desktop-geral.gif\"\/><a\/>--><\/div><style type=\"text\/css\">\r\n.xbcdq69ee542125b4d {\r\ntext-align: center;\nmargin-bottom: 1em;\r\n}\r\n@media screen and (min-width: 1201px) {\r\n.xbcdq69ee542125b4d {\r\ndisplay: block;\r\n}\r\n}\r\n@media screen and (min-width: 993px) and (max-width: 1200px) {\r\n.xbcdq69ee542125b4d {\r\ndisplay: block;\r\n}\r\n}\r\n@media screen and (min-width: 769px) and (max-width: 992px) {\r\n.xbcdq69ee542125b4d {\r\ndisplay: block;\r\n}\r\n}\r\n@media screen and (min-width: 768px) and (max-width: 768px) {\r\n.xbcdq69ee542125b4d {\r\ndisplay: none;\r\n}\r\n}\r\n@media screen and (max-width: 767px) {\r\n.xbcdq69ee542125b4d {\r\ndisplay: none;\r\n}\r\n}\r\n<\/style>\r\n\n\n\n\n<p>O magistrado ainda destacou que a \u201cfalha na presta\u00e7\u00e3o do servi\u00e7o \u00e9 ainda mais evidente diante do fato de que o pr\u00f3prio documento de identidade (RG) apresentado no momento da contrata\u00e7\u00e3o j\u00e1 continha a averba\u00e7\u00e3o expressa: \u201cAV INTERDI\u00c7\u00c3O\u201d. Tal circunst\u00e2ncia demonstra que a institui\u00e7\u00e3o financeira detinha, ou, ao menos, deveria deter caso observasse o dever de cautela, ci\u00eancia inequ\u00edvoca da incapacidade civil do contratante\u201d.<\/p>\n\n\n\n<p>A indeniza\u00e7\u00e3o por danos morais foi considerada devida por extrapolar o limite do inc\u00f4modo. \u201cA falha no servi\u00e7o prestado ensejou descontos indevidos de verbas alimentares do autor, al\u00e9m da necessidade de ingressar em ju\u00edzo para resolver a quest\u00e3o\u201d, indicou Ribas.<\/p>\n\n\n\n<p>O magistrado julgou parcialmente procedentes os pedidos para determinar que o Banco Mercantil cancele o empr\u00e9stimo consignado. A institui\u00e7\u00e3o financeira tamb\u00e9m dever\u00e1 pagar indeniza\u00e7\u00e3o por danos morais no valor de R$ R$4.052,50 e a restitui\u00e7\u00e3o dos valores descontados, ficando o INSS respons\u00e1vel de forma subsidi\u00e1ria por estas obriga\u00e7\u00f5es. Cabe recurso da decis\u00e3o \u00e0 Turma Recursal.<\/p>\n\n\n\n<p><em>Fonte: JFRS<\/em><\/p>\n","protected":false},"excerpt":{"rendered":"<p>O banco argumentou a validade do neg\u00f3cio jur\u00eddico, sustentando que a contrata\u00e7\u00e3o ocorreu com utiliza\u00e7\u00e3o de biometria facial. <br \/><a class=\"more-link\" href=\"https:\/\/justicapotiguar.com.br\/index.php\/2026\/03\/22\/emprestimo-consignado-contratado-por-pessoa-interditada-sem-anuencia-de-curadora-e-cancelado\/\">Mais&#8230;<\/a><\/p>\n","protected":false},"author":8,"featured_media":0,"comment_status":"open","ping_status":"open","sticky":false,"template":"","format":"standard","meta":[],"categories":[3],"tags":[],"_links":{"self":[{"href":"https:\/\/justicapotiguar.com.br\/index.php\/wp-json\/wp\/v2\/posts\/52450"}],"collection":[{"href":"https:\/\/justicapotiguar.com.br\/index.php\/wp-json\/wp\/v2\/posts"}],"about":[{"href":"https:\/\/justicapotiguar.com.br\/index.php\/wp-json\/wp\/v2\/types\/post"}],"author":[{"embeddable":true,"href":"https:\/\/justicapotiguar.com.br\/index.php\/wp-json\/wp\/v2\/users\/8"}],"replies":[{"embeddable":true,"href":"https:\/\/justicapotiguar.com.br\/index.php\/wp-json\/wp\/v2\/comments?post=52450"}],"version-history":[{"count":3,"href":"https:\/\/justicapotiguar.com.br\/index.php\/wp-json\/wp\/v2\/posts\/52450\/revisions"}],"predecessor-version":[{"id":52454,"href":"https:\/\/justicapotiguar.com.br\/index.php\/wp-json\/wp\/v2\/posts\/52450\/revisions\/52454"}],"wp:attachment":[{"href":"https:\/\/justicapotiguar.com.br\/index.php\/wp-json\/wp\/v2\/media?parent=52450"}],"wp:term":[{"taxonomy":"category","embeddable":true,"href":"https:\/\/justicapotiguar.com.br\/index.php\/wp-json\/wp\/v2\/categories?post=52450"},{"taxonomy":"post_tag","embeddable":true,"href":"https:\/\/justicapotiguar.com.br\/index.php\/wp-json\/wp\/v2\/tags?post=52450"}],"curies":[{"name":"wp","href":"https:\/\/api.w.org\/{rel}","templated":true}]}}