{"id":52431,"date":"2026-03-22T08:53:07","date_gmt":"2026-03-22T11:53:07","guid":{"rendered":"https:\/\/justicapotiguar.com.br\/?p=52431"},"modified":"2026-03-22T08:53:07","modified_gmt":"2026-03-22T11:53:07","slug":"mprn-reforca-tutela-de-urgencia-contra-o-estado-por-precariedade-na-unicat-do-alecrim","status":"publish","type":"post","link":"https:\/\/justicapotiguar.com.br\/index.php\/2026\/03\/22\/mprn-reforca-tutela-de-urgencia-contra-o-estado-por-precariedade-na-unicat-do-alecrim\/","title":{"rendered":"MPRN refor\u00e7a tutela de urg\u00eancia contra o Estado por precariedade na Unicat do Alecrim"},"content":{"rendered":"\n<p>O Minist\u00e9rio P\u00fablico do Rio Grande do Norte (MPRN) reiterou \u00e0 Justi\u00e7a o pedido de tutela de urg\u00eancia contra o Estado para a regulariza\u00e7\u00e3o da Unidade Central de Agentes Terap\u00eauticos (Unicat) do Alecrim. A peti\u00e7\u00e3o, assinada pela 47\u00aa Promotoria de Justi\u00e7a de Natal, relata aglomera\u00e7\u00f5es e atendimento prec\u00e1rio no local. Pacientes esperam em \u00e1reas externas e improvisadas para receber medicamentos essenciais.<\/p>\n\n\n\n<p>A peti\u00e7\u00e3o solicita que o Estado apresente um cronograma de reformas em 60 dias. O MPRN quer que o Governo do RN amplie a sala de espera e o almoxarifado da unidade. Tamb\u00e9m \u00e9 necess\u00e1ria a implementa\u00e7\u00e3o de um sistema informatizado de agendamento. O MPRN requer ainda a recomposi\u00e7\u00e3o do quadro de pessoal mediante contrata\u00e7\u00e3o ou remanejamento. O objetivo \u00e9 garantir um atendimento seguro e humanizado aos usu\u00e1rios do SUS e reduzir filas.<br>Situa\u00e7\u00e3o<\/p>\n\n\n\n<p>Vistorias t\u00e9cnicas realizadas pela equipe do MPRN detectaram que a unidade compartilha espa\u00e7o com setores do Departamento Estadual de Tr\u00e2nsito (DETRAN) e o Instituto T\u00e9cnico-Cient\u00edfico de Per\u00edcia (Itep). A Promotoria aponta que essa estrutura gera conflitos entre pacientes de sa\u00fade mental e o p\u00fablico geral.<\/p><div class=\"skfms69ee53b482872\" ><!--<a href=\"https:\/\/bit.ly\/3QdrqTZ\" target=\"_blank\">\n<img src=\"https:\/\/justicapotiguar.com.br\/wp-content\/uploads\/2023\/09\/mobile-geral.gif\"\/><a\/>--><\/div><style type=\"text\/css\">\r\n.skfms69ee53b482872 {\r\ntext-align: center;\r\n}\r\n@media screen and (min-width: 1201px) {\r\n.skfms69ee53b482872 {\r\ndisplay: none;\r\n}\r\n}\r\n@media screen and (min-width: 993px) and (max-width: 1200px) {\r\n.skfms69ee53b482872 {\r\ndisplay: none;\r\n}\r\n}\r\n@media screen and (min-width: 769px) and (max-width: 992px) {\r\n.skfms69ee53b482872 {\r\ndisplay: none;\r\n}\r\n}\r\n@media screen and (min-width: 768px) and (max-width: 768px) {\r\n.skfms69ee53b482872 {\r\ndisplay: block;\r\n}\r\n}\r\n@media screen and (max-width: 767px) {\r\n.skfms69ee53b482872 {\r\ndisplay: block;\r\n}\r\n}\r\n<\/style>\r\n<div class=\"ardno69ee53b482855\" ><!--<a href=\"https:\/\/bit.ly\/3QdrqTZ\" target=\"_blank\">\n<img src=\"https:\/\/justicapotiguar.com.br\/wp-content\/uploads\/2023\/09\/desktop-geral.gif\"\/><a\/>--><\/div><style type=\"text\/css\">\r\n.ardno69ee53b482855 {\r\ntext-align: center;\nmargin-bottom: 1em;\r\n}\r\n@media screen and (min-width: 1201px) {\r\n.ardno69ee53b482855 {\r\ndisplay: block;\r\n}\r\n}\r\n@media screen and (min-width: 993px) and (max-width: 1200px) {\r\n.ardno69ee53b482855 {\r\ndisplay: block;\r\n}\r\n}\r\n@media screen and (min-width: 769px) and (max-width: 992px) {\r\n.ardno69ee53b482855 {\r\ndisplay: block;\r\n}\r\n}\r\n@media screen and (min-width: 768px) and (max-width: 768px) {\r\n.ardno69ee53b482855 {\r\ndisplay: none;\r\n}\r\n}\r\n@media screen and (max-width: 767px) {\r\n.ardno69ee53b482855 {\r\ndisplay: none;\r\n}\r\n}\r\n<\/style>\r\n\n\n\n\n<p>Al\u00e9m disso, a peti\u00e7\u00e3o aponta d\u00e9ficit de farmac\u00eauticos e t\u00e9cnicos administrativos na unidade. H\u00e1 relatos ainda de falta de rem\u00e9dios como Risperidona e Topiramato para os usu\u00e1rios. Um inqu\u00e9rito civil instruiu o processo com provas da precariedade.<\/p>\n\n\n\n<p>O MPRN protocolou a A\u00e7\u00e3o Civil P\u00fablica em 25 de novembro de 2025, quando j\u00e1 tinha pedido a tutela de urg\u00eancia. Contudo, antes de apreciar esse pedido de liminar, o Poder Judici\u00e1rio intimou o Estado a prestar informa\u00e7\u00f5es sobre esse requerimento de urg\u00eancia, o que n\u00e3o foi atendido at\u00e9 o momento. Diante disso e considerando o agravamento da situa\u00e7\u00e3o, que foi noticiada recentemente pela Imprensa, o MPRN refor\u00e7ou o seu pedido de urg\u00eancia.<br><br><em>Fonte: MPRN<\/em><\/p>\n","protected":false},"excerpt":{"rendered":"<p>A peti\u00e7\u00e3o aponta d\u00e9ficit de farmac\u00eauticos e t\u00e9cnicos administrativos na unidade. H\u00e1 relatos ainda de falta de rem\u00e9dios como Risperidona e Topiramato para os usu\u00e1rios.<br \/><a class=\"more-link\" href=\"https:\/\/justicapotiguar.com.br\/index.php\/2026\/03\/22\/mprn-reforca-tutela-de-urgencia-contra-o-estado-por-precariedade-na-unicat-do-alecrim\/\">Mais&#8230;<\/a><\/p>\n","protected":false},"author":8,"featured_media":0,"comment_status":"open","ping_status":"open","sticky":false,"template":"","format":"standard","meta":[],"categories":[3],"tags":[],"_links":{"self":[{"href":"https:\/\/justicapotiguar.com.br\/index.php\/wp-json\/wp\/v2\/posts\/52431"}],"collection":[{"href":"https:\/\/justicapotiguar.com.br\/index.php\/wp-json\/wp\/v2\/posts"}],"about":[{"href":"https:\/\/justicapotiguar.com.br\/index.php\/wp-json\/wp\/v2\/types\/post"}],"author":[{"embeddable":true,"href":"https:\/\/justicapotiguar.com.br\/index.php\/wp-json\/wp\/v2\/users\/8"}],"replies":[{"embeddable":true,"href":"https:\/\/justicapotiguar.com.br\/index.php\/wp-json\/wp\/v2\/comments?post=52431"}],"version-history":[{"count":1,"href":"https:\/\/justicapotiguar.com.br\/index.php\/wp-json\/wp\/v2\/posts\/52431\/revisions"}],"predecessor-version":[{"id":52432,"href":"https:\/\/justicapotiguar.com.br\/index.php\/wp-json\/wp\/v2\/posts\/52431\/revisions\/52432"}],"wp:attachment":[{"href":"https:\/\/justicapotiguar.com.br\/index.php\/wp-json\/wp\/v2\/media?parent=52431"}],"wp:term":[{"taxonomy":"category","embeddable":true,"href":"https:\/\/justicapotiguar.com.br\/index.php\/wp-json\/wp\/v2\/categories?post=52431"},{"taxonomy":"post_tag","embeddable":true,"href":"https:\/\/justicapotiguar.com.br\/index.php\/wp-json\/wp\/v2\/tags?post=52431"}],"curies":[{"name":"wp","href":"https:\/\/api.w.org\/{rel}","templated":true}]}}