{"id":52426,"date":"2026-03-22T08:39:33","date_gmt":"2026-03-22T11:39:33","guid":{"rendered":"https:\/\/justicapotiguar.com.br\/?p=52426"},"modified":"2026-03-22T08:42:26","modified_gmt":"2026-03-22T11:42:26","slug":"relator-rejeita-reclamacao-que-buscava-libertar-tenente-coronel-acusado-de-matar-esposa","status":"publish","type":"post","link":"https:\/\/justicapotiguar.com.br\/index.php\/2026\/03\/22\/relator-rejeita-reclamacao-que-buscava-libertar-tenente-coronel-acusado-de-matar-esposa\/","title":{"rendered":"Relator rejeita reclama\u00e7\u00e3o que buscava libertar tenente-coronel acusado de matar esposa"},"content":{"rendered":"\n<figure class=\"wp-block-image size-large\"><img loading=\"lazy\" width=\"1024\" height=\"576\" src=\"https:\/\/justicapotiguar.com.br\/wp-content\/uploads\/2026\/03\/Tenente-1024x576.jpg\" alt=\"\" class=\"wp-image-52428\" srcset=\"https:\/\/justicapotiguar.com.br\/wp-content\/uploads\/2026\/03\/Tenente-1024x576.jpg 1024w, https:\/\/justicapotiguar.com.br\/wp-content\/uploads\/2026\/03\/Tenente-300x169.jpg 300w, https:\/\/justicapotiguar.com.br\/wp-content\/uploads\/2026\/03\/Tenente-768x432.jpg 768w, https:\/\/justicapotiguar.com.br\/wp-content\/uploads\/2026\/03\/Tenente.jpg 1319w\" sizes=\"(max-width: 1024px) 100vw, 1024px\" \/><figcaption>Foto: Fala Pirituba<\/figcaption><\/figure>\n\n\n\n<p>O ministro do Superior Tribunal de Justi\u00e7a (STJ) Reynaldo Soares da Fonseca rejeitou reclama\u00e7\u00e3o ajuizada pela defesa de Geraldo Leite Rosa Neto, tenente-coronel da Pol\u00edcia Militar de S\u00e3o Paulo preso preventivamente sob a acusa\u00e7\u00e3o de matar a esposa, tamb\u00e9m policial militar, em fevereiro deste ano. Com o indeferimento, a reclama\u00e7\u00e3o n\u00e3o ter\u00e1 andamento no STJ.<\/p>\n\n\n\n<p>De acordo com a suspeita dos investigadores, o tenente-coronel teria matado a esposa com o uso de arma de fogo. Al\u00e9m do feminic\u00eddio, ele tamb\u00e9m \u00e9 acusado de fraude processual por, supostamente, modificar a cena do crime para deixar a impress\u00e3o de que a mulher havia se suicidado.<\/p>\n\n\n\n<p>O policial foi preso preventivamente na \u00faltima quarta-feira (18) por ordem da Justi\u00e7a Militar estadual. Na reclama\u00e7\u00e3o ajuizada no STJ, a defesa alegou que a condu\u00e7\u00e3o do caso tem contrariado &#8220;in\u00fameros precedentes&#8221; da corte e que nada justificaria a compet\u00eancia da Justi\u00e7a castrense.<\/p>\n\n\n\n<p>Em liminar, a defesa pedia o relaxamento imediato da pris\u00e3o do tenente-coronel, e, no m\u00e9rito, o reconhecimento da incompet\u00eancia da Justi\u00e7a Militar para processar o caso.<\/p><div class=\"txavw69ee54070b863\" ><!--<a href=\"https:\/\/bit.ly\/3QdrqTZ\" target=\"_blank\">\n<img src=\"https:\/\/justicapotiguar.com.br\/wp-content\/uploads\/2023\/09\/mobile-geral.gif\"\/><a\/>--><\/div><style type=\"text\/css\">\r\n.txavw69ee54070b863 {\r\ntext-align: center;\r\n}\r\n@media screen and (min-width: 1201px) {\r\n.txavw69ee54070b863 {\r\ndisplay: none;\r\n}\r\n}\r\n@media screen and (min-width: 993px) and (max-width: 1200px) {\r\n.txavw69ee54070b863 {\r\ndisplay: none;\r\n}\r\n}\r\n@media screen and (min-width: 769px) and (max-width: 992px) {\r\n.txavw69ee54070b863 {\r\ndisplay: none;\r\n}\r\n}\r\n@media screen and (min-width: 768px) and (max-width: 768px) {\r\n.txavw69ee54070b863 {\r\ndisplay: block;\r\n}\r\n}\r\n@media screen and (max-width: 767px) {\r\n.txavw69ee54070b863 {\r\ndisplay: block;\r\n}\r\n}\r\n<\/style>\r\n<div class=\"mlegp69ee54070b84c\" ><!--<a href=\"https:\/\/bit.ly\/3QdrqTZ\" target=\"_blank\">\n<img src=\"https:\/\/justicapotiguar.com.br\/wp-content\/uploads\/2023\/09\/desktop-geral.gif\"\/><a\/>--><\/div><style type=\"text\/css\">\r\n.mlegp69ee54070b84c {\r\ntext-align: center;\nmargin-bottom: 1em;\r\n}\r\n@media screen and (min-width: 1201px) {\r\n.mlegp69ee54070b84c {\r\ndisplay: block;\r\n}\r\n}\r\n@media screen and (min-width: 993px) and (max-width: 1200px) {\r\n.mlegp69ee54070b84c {\r\ndisplay: block;\r\n}\r\n}\r\n@media screen and (min-width: 769px) and (max-width: 992px) {\r\n.mlegp69ee54070b84c {\r\ndisplay: block;\r\n}\r\n}\r\n@media screen and (min-width: 768px) and (max-width: 768px) {\r\n.mlegp69ee54070b84c {\r\ndisplay: none;\r\n}\r\n}\r\n@media screen and (max-width: 767px) {\r\n.mlegp69ee54070b84c {\r\ndisplay: none;\r\n}\r\n}\r\n<\/style>\r\n\n\n\n\n<p>O ministro Reynaldo Soares da Fonseca apontou que a reclama\u00e7\u00e3o dirigida ao STJ \u00e9 cab\u00edvel em duas hip\u00f3teses: quando a decis\u00e3o questionada usurpa a compet\u00eancia da corte ou quando a decis\u00e3o descumpre o que j\u00e1 foi julgado pelo STJ ao analisar o m\u00e9rito do caso entre as mesmas partes.<\/p>\n\n\n\n<p>Segundo o relator, como n\u00e3o h\u00e1 decis\u00e3o do STJ sobre o m\u00e9rito da a\u00e7\u00e3o penal iniciada na Justi\u00e7a de origem, n\u00e3o h\u00e1 justificativa para o cabimento da reclama\u00e7\u00e3o.<\/p>\n\n\n\n<p>&#8220;N\u00edtido, assim, que n\u00e3o houve nenhum provimento emanado desta corte superior, no processo em tela, que pudesse vir a ser descumprido pelas inst\u00e2ncias ordin\u00e1rias. Tem-se, portanto, manifesta a aus\u00eancia de descumprimento de decis\u00e3o proferida pelo Superior Tribunal de Justi\u00e7a, o que inviabiliza, portanto, o conhecimento da presente reclama\u00e7\u00e3o&#8221;, concluiu.<br><br><em>Fonte: STJ<\/em><\/p>\n","protected":false},"excerpt":{"rendered":"<p>Al\u00e9m do feminic\u00eddio, ele tamb\u00e9m \u00e9 acusado de fraude processual por, supostamente, modificar a cena do crime para deixar a impress\u00e3o de que a mulher havia se suicidado.<br \/><a class=\"more-link\" href=\"https:\/\/justicapotiguar.com.br\/index.php\/2026\/03\/22\/relator-rejeita-reclamacao-que-buscava-libertar-tenente-coronel-acusado-de-matar-esposa\/\">Mais&#8230;<\/a><\/p>\n","protected":false},"author":8,"featured_media":0,"comment_status":"open","ping_status":"open","sticky":false,"template":"","format":"standard","meta":[],"categories":[3],"tags":[],"_links":{"self":[{"href":"https:\/\/justicapotiguar.com.br\/index.php\/wp-json\/wp\/v2\/posts\/52426"}],"collection":[{"href":"https:\/\/justicapotiguar.com.br\/index.php\/wp-json\/wp\/v2\/posts"}],"about":[{"href":"https:\/\/justicapotiguar.com.br\/index.php\/wp-json\/wp\/v2\/types\/post"}],"author":[{"embeddable":true,"href":"https:\/\/justicapotiguar.com.br\/index.php\/wp-json\/wp\/v2\/users\/8"}],"replies":[{"embeddable":true,"href":"https:\/\/justicapotiguar.com.br\/index.php\/wp-json\/wp\/v2\/comments?post=52426"}],"version-history":[{"count":3,"href":"https:\/\/justicapotiguar.com.br\/index.php\/wp-json\/wp\/v2\/posts\/52426\/revisions"}],"predecessor-version":[{"id":52430,"href":"https:\/\/justicapotiguar.com.br\/index.php\/wp-json\/wp\/v2\/posts\/52426\/revisions\/52430"}],"wp:attachment":[{"href":"https:\/\/justicapotiguar.com.br\/index.php\/wp-json\/wp\/v2\/media?parent=52426"}],"wp:term":[{"taxonomy":"category","embeddable":true,"href":"https:\/\/justicapotiguar.com.br\/index.php\/wp-json\/wp\/v2\/categories?post=52426"},{"taxonomy":"post_tag","embeddable":true,"href":"https:\/\/justicapotiguar.com.br\/index.php\/wp-json\/wp\/v2\/tags?post=52426"}],"curies":[{"name":"wp","href":"https:\/\/api.w.org\/{rel}","templated":true}]}}