{"id":52413,"date":"2026-03-21T08:29:39","date_gmt":"2026-03-21T11:29:39","guid":{"rendered":"https:\/\/justicapotiguar.com.br\/?p=52413"},"modified":"2026-03-21T08:38:56","modified_gmt":"2026-03-21T11:38:56","slug":"desinteresse-da-vitima-afasta-indenizacao-por-violencia-domestica","status":"publish","type":"post","link":"https:\/\/justicapotiguar.com.br\/index.php\/2026\/03\/21\/desinteresse-da-vitima-afasta-indenizacao-por-violencia-domestica\/","title":{"rendered":"V\u00edtima pode abrir m\u00e3o de indeniza\u00e7\u00e3o por danos morais mesmo com pedido do MP"},"content":{"rendered":"\n<figure class=\"wp-block-image size-large\"><img loading=\"lazy\" width=\"1024\" height=\"613\" src=\"https:\/\/justicapotiguar.com.br\/wp-content\/uploads\/2026\/03\/Dinheiro-2-1024x613.jpg\" alt=\"\" class=\"wp-image-52418\" srcset=\"https:\/\/justicapotiguar.com.br\/wp-content\/uploads\/2026\/03\/Dinheiro-2-1024x613.jpg 1024w, https:\/\/justicapotiguar.com.br\/wp-content\/uploads\/2026\/03\/Dinheiro-2-300x179.jpg 300w, https:\/\/justicapotiguar.com.br\/wp-content\/uploads\/2026\/03\/Dinheiro-2-768x459.jpg 768w, https:\/\/justicapotiguar.com.br\/wp-content\/uploads\/2026\/03\/Dinheiro-2.jpg 1170w\" sizes=\"(max-width: 1024px) 100vw, 1024px\" \/><\/figure>\n\n\n\n<p>A manifesta\u00e7\u00e3o expressa de desinteresse da v\u00edtima pela indeniza\u00e7\u00e3o por danos morais afasta a obriga\u00e7\u00e3o de repara\u00e7\u00e3o m\u00ednima, ainda que o Minist\u00e9rio P\u00fablico tenha feito esse pedido em ju\u00edzo.<\/p>\n\n\n\n<p>A conclus\u00e3o \u00e9 da 6\u00ba Turma do Superior Tribunal de Justi\u00e7a, que rejeitou um recurso especial do Minist\u00e9rio P\u00fablico do Distrito Federal em um caso de viol\u00eancia dom\u00e9stica contra a mulher.<\/p>\n\n\n\n<p>O r\u00e9u foi condenado \u00e0 pena de 20 dias de pris\u00e3o em regime inicial semiaberto com fixa\u00e7\u00e3o de indeniza\u00e7\u00e3o m\u00ednima por danos morais no valor de R$ 500, apesar do desinteresse da v\u00edtima expresso em ju\u00edzo.<\/p>\n\n\n\n<p>A possibilidade da indeniza\u00e7\u00e3o est\u00e1 prevista no artigo 387, IV, do C\u00f3digo de Processo Penal. O Tribunal de Justi\u00e7a do Distrito Federal afastou a condena\u00e7\u00e3o, por causa da falta de interesse da v\u00edtima. Essa posi\u00e7\u00e3o foi mantida pelo STJ.<\/p>\n\n\n\n<p>Relator do recurso especial, o ministro Carlos Brand\u00e3o destacou que a 3\u00aa Se\u00e7\u00e3o do STJ tem tese vinculante indicando que a prova do dano moral \u00e9 dispens\u00e1vel nos casos de viol\u00eancia contra a mulher.<\/p><div class=\"oftey69ee54076922f\" ><!--<a href=\"https:\/\/bit.ly\/3QdrqTZ\" target=\"_blank\">\n<img src=\"https:\/\/justicapotiguar.com.br\/wp-content\/uploads\/2023\/09\/mobile-geral.gif\"\/><a\/>--><\/div><style type=\"text\/css\">\r\n.oftey69ee54076922f {\r\ntext-align: center;\r\n}\r\n@media screen and (min-width: 1201px) {\r\n.oftey69ee54076922f {\r\ndisplay: none;\r\n}\r\n}\r\n@media screen and (min-width: 993px) and (max-width: 1200px) {\r\n.oftey69ee54076922f {\r\ndisplay: none;\r\n}\r\n}\r\n@media screen and (min-width: 769px) and (max-width: 992px) {\r\n.oftey69ee54076922f {\r\ndisplay: none;\r\n}\r\n}\r\n@media screen and (min-width: 768px) and (max-width: 768px) {\r\n.oftey69ee54076922f {\r\ndisplay: block;\r\n}\r\n}\r\n@media screen and (max-width: 767px) {\r\n.oftey69ee54076922f {\r\ndisplay: block;\r\n}\r\n}\r\n<\/style>\r\n<div class=\"unlux69ee540769214\" ><!--<a href=\"https:\/\/bit.ly\/3QdrqTZ\" target=\"_blank\">\n<img src=\"https:\/\/justicapotiguar.com.br\/wp-content\/uploads\/2023\/09\/desktop-geral.gif\"\/><a\/>--><\/div><style type=\"text\/css\">\r\n.unlux69ee540769214 {\r\ntext-align: center;\nmargin-bottom: 1em;\r\n}\r\n@media screen and (min-width: 1201px) {\r\n.unlux69ee540769214 {\r\ndisplay: block;\r\n}\r\n}\r\n@media screen and (min-width: 993px) and (max-width: 1200px) {\r\n.unlux69ee540769214 {\r\ndisplay: block;\r\n}\r\n}\r\n@media screen and (min-width: 769px) and (max-width: 992px) {\r\n.unlux69ee540769214 {\r\ndisplay: block;\r\n}\r\n}\r\n@media screen and (min-width: 768px) and (max-width: 768px) {\r\n.unlux69ee540769214 {\r\ndisplay: none;\r\n}\r\n}\r\n@media screen and (max-width: 767px) {\r\n.unlux69ee540769214 {\r\ndisplay: none;\r\n}\r\n}\r\n<\/style>\r\n\n\n\n\n<p>Ainda assim, trata-se de verba de natureza c\u00edvel e dispon\u00edvel. Quando o MP faz o pedido da indeniza\u00e7\u00e3o, atua como substituto processual, pleiteando esse direito em nome alheio. Isso faz com que o desinteresse da v\u00edtima afete a pretens\u00e3o.<\/p>\n\n\n\n<p>\u201cDemonstrando a v\u00edtima seu desinteresse a percep\u00e7\u00e3o de qualquer valor indenizat\u00f3rio, deve prevalecer sua manifesta\u00e7\u00e3o em detrimento da postula\u00e7\u00e3o ministerial, que \u2014 nesse ponto \u2014 n\u00e3o \u00e9 o titular da pretens\u00e3o\u201d, disse o relator.<\/p>\n\n\n\n<p>\u201cTal conclus\u00e3o, ao fim e ao cabo, legitima a op\u00e7\u00e3o da v\u00edtima que, at\u00e9 por motivos de foro \u00edntimo, pode n\u00e3o se sentir confort\u00e1vel na percep\u00e7\u00e3o de quantias reparat\u00f3rias de seu sofrimento\u201d, acrescentou.<\/p>\n\n\n\n<p><strong>REsp 2.225.085<\/strong><br><br><em>Fonte: Conjur<\/em><\/p>\n","protected":false},"excerpt":{"rendered":"<p>A conclus\u00e3o \u00e9 da 6\u00ba Turma do Superior Tribunal de Justi\u00e7a, que rejeitou um recurso especial do Minist\u00e9rio P\u00fablico do Distrito Federal em um caso de viol\u00eancia dom\u00e9stica contra a mulher.<br \/><a class=\"more-link\" href=\"https:\/\/justicapotiguar.com.br\/index.php\/2026\/03\/21\/desinteresse-da-vitima-afasta-indenizacao-por-violencia-domestica\/\">Mais&#8230;<\/a><\/p>\n","protected":false},"author":8,"featured_media":0,"comment_status":"open","ping_status":"open","sticky":false,"template":"","format":"standard","meta":[],"categories":[3],"tags":[],"_links":{"self":[{"href":"https:\/\/justicapotiguar.com.br\/index.php\/wp-json\/wp\/v2\/posts\/52413"}],"collection":[{"href":"https:\/\/justicapotiguar.com.br\/index.php\/wp-json\/wp\/v2\/posts"}],"about":[{"href":"https:\/\/justicapotiguar.com.br\/index.php\/wp-json\/wp\/v2\/types\/post"}],"author":[{"embeddable":true,"href":"https:\/\/justicapotiguar.com.br\/index.php\/wp-json\/wp\/v2\/users\/8"}],"replies":[{"embeddable":true,"href":"https:\/\/justicapotiguar.com.br\/index.php\/wp-json\/wp\/v2\/comments?post=52413"}],"version-history":[{"count":3,"href":"https:\/\/justicapotiguar.com.br\/index.php\/wp-json\/wp\/v2\/posts\/52413\/revisions"}],"predecessor-version":[{"id":52419,"href":"https:\/\/justicapotiguar.com.br\/index.php\/wp-json\/wp\/v2\/posts\/52413\/revisions\/52419"}],"wp:attachment":[{"href":"https:\/\/justicapotiguar.com.br\/index.php\/wp-json\/wp\/v2\/media?parent=52413"}],"wp:term":[{"taxonomy":"category","embeddable":true,"href":"https:\/\/justicapotiguar.com.br\/index.php\/wp-json\/wp\/v2\/categories?post=52413"},{"taxonomy":"post_tag","embeddable":true,"href":"https:\/\/justicapotiguar.com.br\/index.php\/wp-json\/wp\/v2\/tags?post=52413"}],"curies":[{"name":"wp","href":"https:\/\/api.w.org\/{rel}","templated":true}]}}