{"id":52400,"date":"2026-03-21T08:11:45","date_gmt":"2026-03-21T11:11:45","guid":{"rendered":"https:\/\/justicapotiguar.com.br\/?p=52400"},"modified":"2026-03-21T08:17:34","modified_gmt":"2026-03-21T11:17:34","slug":"caixa-deve-pagar-indenizacao-por-atraso-na-entrega-de-imovel-do-minha-casa-minha-vida","status":"publish","type":"post","link":"https:\/\/justicapotiguar.com.br\/index.php\/2026\/03\/21\/caixa-deve-pagar-indenizacao-por-atraso-na-entrega-de-imovel-do-minha-casa-minha-vida\/","title":{"rendered":"Caixa deve pagar indeniza\u00e7\u00e3o por atraso na entrega de im\u00f3vel do \u201cMinha Casa Minha Vida\u201d"},"content":{"rendered":"\n<figure class=\"wp-block-image size-large\"><img loading=\"lazy\" width=\"1024\" height=\"613\" src=\"https:\/\/justicapotiguar.com.br\/wp-content\/uploads\/2026\/03\/apto-1024x613.jpg\" alt=\"\" class=\"wp-image-52407\" srcset=\"https:\/\/justicapotiguar.com.br\/wp-content\/uploads\/2026\/03\/apto-1024x613.jpg 1024w, https:\/\/justicapotiguar.com.br\/wp-content\/uploads\/2026\/03\/apto-300x179.jpg 300w, https:\/\/justicapotiguar.com.br\/wp-content\/uploads\/2026\/03\/apto-768x459.jpg 768w, https:\/\/justicapotiguar.com.br\/wp-content\/uploads\/2026\/03\/apto.jpg 1170w\" sizes=\"(max-width: 1024px) 100vw, 1024px\" \/><figcaption>Foto: Fernando Fraz\u00e3o\/Ag\u00eancia Brasil<\/figcaption><\/figure>\n\n\n\n<p>A Segunda Turma do Tribunal Regional Federal da 3\u00aa Regi\u00e3o (TRF3)&nbsp;confirmou senten\u00e7a&nbsp;que condena&nbsp;a Caixa Econ\u00f4mica Federal (Caixa)&nbsp;ao pagamento de indeniza\u00e7\u00e3o por lucros cessantes e danos morais,&nbsp;em raz\u00e3o do atraso&nbsp;na entrega de im\u00f3vel adquirido no \u00e2mbito do Programa Minha Casa Minha Vida &#8211; Entidades.&nbsp;<\/p>\n\n\n\n<p>O colegiado seguiu a jurisprud\u00eancia do Superior Tribunal de Justi\u00e7a (STJ) e do TRF3, concluindo que o comprador do im\u00f3vel tem direito a receber a indeniza\u00e7\u00e3o pelo atraso na entrega.&#8221;<\/p>\n\n\n\n<p>Na senten\u00e7a da&nbsp;2\u00aa Vara Federal de Dourados\/MS, foi&nbsp;estabelecido&nbsp;que&nbsp;a Caixa&nbsp;dever\u00e1&nbsp;pagar indeniza\u00e7\u00e3o por lucros cessantes correspondentes a 0,5% do valor atualizado do im\u00f3vel&nbsp;por m\u00eas de atraso, incidindo&nbsp;entre a data prevista para a conclus\u00e3o do empreendimento (16&nbsp;de junho de&nbsp;2015)&nbsp;e&nbsp;a efetiva entrega da obra (21&nbsp;de maio de&nbsp;2018).&nbsp;<\/p>\n\n\n\n<p>Quanto&nbsp;\u00e0 indeniza\u00e7\u00e3o&nbsp;por&nbsp;danos morais, a institui\u00e7\u00e3o financeira&nbsp;foi condenada&nbsp;ao&nbsp;pagamento de&nbsp;R$ 5 mil.&nbsp;<\/p>\n\n\n\n<p>O&nbsp;STJ j\u00e1 definiu, no julgamento do Tema Repetitivo 996, que no caso de descumprimento do prazo para a entrega do im\u00f3vel, inclu\u00eddo o per\u00edodo de toler\u00e2ncia,&nbsp;\u201co preju\u00edzo do comprador \u00e9 presumido, consistente na injusta priva\u00e7\u00e3o do uso do bem, a ensejar o pagamento de indeniza\u00e7\u00e3o, na forma de aluguel mensal, com base no valor locat\u00edcio de im\u00f3vel assemelhado&#8221;.&nbsp;<\/p>\n\n\n\n<p>A Caixa apelou ao TRF3 sustentando ilegitimidade passiva e pleiteando o afastamento ou a limita\u00e7\u00e3o das indeniza\u00e7\u00f5es por lucros cessantes e por danos morais.&nbsp;<\/p>\n\n\n\n<p>A desembargadora federal Audrey Gasparini,&nbsp;relatora&nbsp;do processo,&nbsp;considerou&nbsp;razo\u00e1vel a fixa\u00e7\u00e3o de indeniza\u00e7\u00e3o de 0,5%&nbsp;sobre o valor do im\u00f3vel,&nbsp;por m\u00eas,&nbsp;como quantia estimada pela loca\u00e7\u00e3o do bem.&nbsp;<\/p><div class=\"osvct69ee542093104\" ><!--<a href=\"https:\/\/bit.ly\/3QdrqTZ\" target=\"_blank\">\n<img src=\"https:\/\/justicapotiguar.com.br\/wp-content\/uploads\/2023\/09\/mobile-geral.gif\"\/><a\/>--><\/div><style type=\"text\/css\">\r\n.osvct69ee542093104 {\r\ntext-align: center;\r\n}\r\n@media screen and (min-width: 1201px) {\r\n.osvct69ee542093104 {\r\ndisplay: none;\r\n}\r\n}\r\n@media screen and (min-width: 993px) and (max-width: 1200px) {\r\n.osvct69ee542093104 {\r\ndisplay: none;\r\n}\r\n}\r\n@media screen and (min-width: 769px) and (max-width: 992px) {\r\n.osvct69ee542093104 {\r\ndisplay: none;\r\n}\r\n}\r\n@media screen and (min-width: 768px) and (max-width: 768px) {\r\n.osvct69ee542093104 {\r\ndisplay: block;\r\n}\r\n}\r\n@media screen and (max-width: 767px) {\r\n.osvct69ee542093104 {\r\ndisplay: block;\r\n}\r\n}\r\n<\/style>\r\n<div class=\"eabel69ee5420930ee\" ><!--<a href=\"https:\/\/bit.ly\/3QdrqTZ\" target=\"_blank\">\n<img src=\"https:\/\/justicapotiguar.com.br\/wp-content\/uploads\/2023\/09\/desktop-geral.gif\"\/><a\/>--><\/div><style type=\"text\/css\">\r\n.eabel69ee5420930ee {\r\ntext-align: center;\nmargin-bottom: 1em;\r\n}\r\n@media screen and (min-width: 1201px) {\r\n.eabel69ee5420930ee {\r\ndisplay: block;\r\n}\r\n}\r\n@media screen and (min-width: 993px) and (max-width: 1200px) {\r\n.eabel69ee5420930ee {\r\ndisplay: block;\r\n}\r\n}\r\n@media screen and (min-width: 769px) and (max-width: 992px) {\r\n.eabel69ee5420930ee {\r\ndisplay: block;\r\n}\r\n}\r\n@media screen and (min-width: 768px) and (max-width: 768px) {\r\n.eabel69ee5420930ee {\r\ndisplay: none;\r\n}\r\n}\r\n@media screen and (max-width: 767px) {\r\n.eabel69ee5420930ee {\r\ndisplay: none;\r\n}\r\n}\r\n<\/style>\r\n\n\n\n\n<p>\u201cTal entendimento est\u00e1 em conson\u00e2ncia com julgado do STJ&nbsp;que entendeu razo\u00e1vel a fixa\u00e7\u00e3o de 0,5% a 1% do valor do bem como o equivalente ao do&nbsp;aluguel\u201d, frisou.&nbsp;<\/p>\n\n\n\n<p>O im\u00f3vel foi adquirido no \u00e2mbito de programa habitacional direcionado&nbsp;\u00e0&nbsp;popula\u00e7\u00e3o de baixa renda e entregue cerca de tr\u00eas anos ap\u00f3s a data estipulada em contrato.&nbsp;<\/p>\n\n\n\n<p>Para a magistrada,&nbsp;a&nbsp;situa\u00e7\u00e3o&nbsp;\u201cultrapassa o mero aborrecimento, j\u00e1 que atinge o pr\u00f3prio direito \u00e0 moradia da parte autora, o que justifica a condena\u00e7\u00e3o da r\u00e9 por danos extrapatrimoniais\u201d.&nbsp;<\/p>\n\n\n\n<p>Em rela\u00e7\u00e3o aos danos morais,&nbsp;a desembargadora federal&nbsp;observou&nbsp;que o montante arbitrado&nbsp;de R$ 5 mil&nbsp;n\u00e3o foi exorbitante, sendo fixado com razoabilidade e&nbsp;e&nbsp;proporcionalidade em rela\u00e7\u00e3o \u00e0 conduta il\u00edcita.&nbsp;<\/p>\n\n\n\n<p>Por fim,&nbsp;a&nbsp;Segunda Turma&nbsp;negou provimento ao recurso&nbsp;da Caixa&nbsp;e&nbsp;manteve o teor da senten\u00e7a.&nbsp;<\/p>\n\n\n\n<p><strong>Apela\u00e7\u00e3o C\u00edvel 5001637-09.2023.4.03.6002&nbsp;<\/strong><br><br><em>Fonte: TRF3<\/em><\/p>\n","protected":false},"excerpt":{"rendered":"<p>O colegiado seguiu a jurisprud\u00eancia do Superior Tribunal de Justi\u00e7a (STJ) e do TRF3, concluindo que o comprador do im\u00f3vel tem direito a receber a indeniza\u00e7\u00e3o pelo atraso na entrega.&#8221;<br \/><a class=\"more-link\" href=\"https:\/\/justicapotiguar.com.br\/index.php\/2026\/03\/21\/caixa-deve-pagar-indenizacao-por-atraso-na-entrega-de-imovel-do-minha-casa-minha-vida\/\">Mais&#8230;<\/a><\/p>\n","protected":false},"author":8,"featured_media":0,"comment_status":"open","ping_status":"open","sticky":false,"template":"","format":"standard","meta":[],"categories":[3],"tags":[],"_links":{"self":[{"href":"https:\/\/justicapotiguar.com.br\/index.php\/wp-json\/wp\/v2\/posts\/52400"}],"collection":[{"href":"https:\/\/justicapotiguar.com.br\/index.php\/wp-json\/wp\/v2\/posts"}],"about":[{"href":"https:\/\/justicapotiguar.com.br\/index.php\/wp-json\/wp\/v2\/types\/post"}],"author":[{"embeddable":true,"href":"https:\/\/justicapotiguar.com.br\/index.php\/wp-json\/wp\/v2\/users\/8"}],"replies":[{"embeddable":true,"href":"https:\/\/justicapotiguar.com.br\/index.php\/wp-json\/wp\/v2\/comments?post=52400"}],"version-history":[{"count":10,"href":"https:\/\/justicapotiguar.com.br\/index.php\/wp-json\/wp\/v2\/posts\/52400\/revisions"}],"predecessor-version":[{"id":52403,"href":"https:\/\/justicapotiguar.com.br\/index.php\/wp-json\/wp\/v2\/posts\/52400\/revisions\/52403"}],"wp:attachment":[{"href":"https:\/\/justicapotiguar.com.br\/index.php\/wp-json\/wp\/v2\/media?parent=52400"}],"wp:term":[{"taxonomy":"category","embeddable":true,"href":"https:\/\/justicapotiguar.com.br\/index.php\/wp-json\/wp\/v2\/categories?post=52400"},{"taxonomy":"post_tag","embeddable":true,"href":"https:\/\/justicapotiguar.com.br\/index.php\/wp-json\/wp\/v2\/tags?post=52400"}],"curies":[{"name":"wp","href":"https:\/\/api.w.org\/{rel}","templated":true}]}}