{"id":52385,"date":"2026-03-20T09:48:56","date_gmt":"2026-03-20T12:48:56","guid":{"rendered":"https:\/\/justicapotiguar.com.br\/?p=52385"},"modified":"2026-03-20T09:49:30","modified_gmt":"2026-03-20T12:49:30","slug":"mprn-aplica-punicao-de-suspensao-de-5-jogos-a-torcida-organizada-do-abc-apos-atos-de-violencia","status":"publish","type":"post","link":"https:\/\/justicapotiguar.com.br\/index.php\/2026\/03\/20\/mprn-aplica-punicao-de-suspensao-de-5-jogos-a-torcida-organizada-do-abc-apos-atos-de-violencia\/","title":{"rendered":"MPRN aplica puni\u00e7\u00e3o de suspens\u00e3o de 5 jogos a torcida organizada do ABC ap\u00f3s atos de viol\u00eancia"},"content":{"rendered":"\n<figure class=\"wp-block-image size-large\"><img loading=\"lazy\" width=\"933\" height=\"622\" src=\"https:\/\/justicapotiguar.com.br\/wp-content\/uploads\/2026\/03\/ABC.jpg\" alt=\"\" class=\"wp-image-52386\" srcset=\"https:\/\/justicapotiguar.com.br\/wp-content\/uploads\/2026\/03\/ABC.jpg 933w, https:\/\/justicapotiguar.com.br\/wp-content\/uploads\/2026\/03\/ABC-300x200.jpg 300w, https:\/\/justicapotiguar.com.br\/wp-content\/uploads\/2026\/03\/ABC-768x512.jpg 768w\" sizes=\"(max-width: 933px) 100vw, 933px\" \/><figcaption>Foto: Reprodu\u00e7\u00e3o<\/figcaption><\/figure>\n\n\n\n<p>O Minist\u00e9rio P\u00fablico do Rio Grande do Norte (MPRN) suspendeu por cinco jogos a participa\u00e7\u00e3o da torcida organizada Garra Alvinegra em jogos oficiais do ABC FC. A medida acolhe representa\u00e7\u00e3o do Comando Geral da Pol\u00edcia Militar e decorre de atos criminosos praticados por integrantes da agremia\u00e7\u00e3o na quarta-feira (18), ap\u00f3s a partida entre Am\u00e9rica e ABC pela final do Campeonato Potiguar de Futebol. A restri\u00e7\u00e3o possui validade imediata para as pr\u00f3ximas partidas oficiais, inclusive o segundo jogo da final, marcada para a tarde deste s\u00e1bado (21), na Arena das Dunas.<\/p>\n\n\n\n<p>A san\u00e7\u00e3o pro\u00edbe a entrada de integrantes com qualquer vestimenta ou acess\u00f3rio que fa\u00e7a alus\u00e3o \u00e0 torcida. Est\u00e3o vetados objetos como bandeiras, faixas e instrumentos musicais em pra\u00e7as esportivas. A Federa\u00e7\u00e3o de Futebol do RN foi notificada para elaborar o ato normativo disciplinar.<\/p>\n\n\n\n<p>Segundo relatado pelo Comando Geral da PMRN, os torcedores atacaram e depredaram um ve\u00edculo de transporte por aplicativo nas proximidades da Arena das Dunas. O ataque teria acontecido porque os agressores acreditavam que os ocupantes eram membros de uma torcida rival.<\/p><div class=\"tusec69ee538c84fca\" ><!--<a href=\"https:\/\/bit.ly\/3QdrqTZ\" target=\"_blank\">\n<img src=\"https:\/\/justicapotiguar.com.br\/wp-content\/uploads\/2023\/09\/mobile-geral.gif\"\/><a\/>--><\/div><style type=\"text\/css\">\r\n.tusec69ee538c84fca {\r\ntext-align: center;\r\n}\r\n@media screen and (min-width: 1201px) {\r\n.tusec69ee538c84fca {\r\ndisplay: none;\r\n}\r\n}\r\n@media screen and (min-width: 993px) and (max-width: 1200px) {\r\n.tusec69ee538c84fca {\r\ndisplay: none;\r\n}\r\n}\r\n@media screen and (min-width: 769px) and (max-width: 992px) {\r\n.tusec69ee538c84fca {\r\ndisplay: none;\r\n}\r\n}\r\n@media screen and (min-width: 768px) and (max-width: 768px) {\r\n.tusec69ee538c84fca {\r\ndisplay: block;\r\n}\r\n}\r\n@media screen and (max-width: 767px) {\r\n.tusec69ee538c84fca {\r\ndisplay: block;\r\n}\r\n}\r\n<\/style>\r\n<div class=\"takdc69ee538c84faa\" ><!--<a href=\"https:\/\/bit.ly\/3QdrqTZ\" target=\"_blank\">\n<img src=\"https:\/\/justicapotiguar.com.br\/wp-content\/uploads\/2023\/09\/desktop-geral.gif\"\/><a\/>--><\/div><style type=\"text\/css\">\r\n.takdc69ee538c84faa {\r\ntext-align: center;\nmargin-bottom: 1em;\r\n}\r\n@media screen and (min-width: 1201px) {\r\n.takdc69ee538c84faa {\r\ndisplay: block;\r\n}\r\n}\r\n@media screen and (min-width: 993px) and (max-width: 1200px) {\r\n.takdc69ee538c84faa {\r\ndisplay: block;\r\n}\r\n}\r\n@media screen and (min-width: 769px) and (max-width: 992px) {\r\n.takdc69ee538c84faa {\r\ndisplay: block;\r\n}\r\n}\r\n@media screen and (min-width: 768px) and (max-width: 768px) {\r\n.takdc69ee538c84faa {\r\ndisplay: none;\r\n}\r\n}\r\n@media screen and (max-width: 767px) {\r\n.takdc69ee538c84faa {\r\ndisplay: none;\r\n}\r\n}\r\n<\/style>\r\n\n\n\n\n<p>A Pol\u00edcia Militar interveio no local e realizou a pris\u00e3o de torcedores que vestiam a camisa da agremia\u00e7\u00e3o. O parecer do MPRN destaca que as imagens analisadas comprovam a viol\u00eancia contra o patrim\u00f4nio alheio.Al\u00e9m disso, houve registros de ocorr\u00eancias semelhantes na Avenida Prudente de Morais.<\/p>\n\n\n\n<p>A decis\u00e3o do MPRN fundamenta-se no Termo de Ajustamento de Conduta (TAC) das Torcidas, do qual a torcida \u00e9 signat\u00e1ria. Portanto, a organiza\u00e7\u00e3o deve seguir as normas de conduta estabelecidas no acordo administrativo. O documento tamb\u00e9m cita a Lei Geral do Esporte, conforme a Lei n\u00ba 14.597\/2023.<br><br><em>Fonte: MPRN<\/em><\/p>\n","protected":false},"excerpt":{"rendered":"<p>A decis\u00e3o do MPRN fundamenta-se no Termo de Ajustamento de Conduta (TAC) das Torcidas, do qual a torcida \u00e9 signat\u00e1ria. <br \/><a class=\"more-link\" href=\"https:\/\/justicapotiguar.com.br\/index.php\/2026\/03\/20\/mprn-aplica-punicao-de-suspensao-de-5-jogos-a-torcida-organizada-do-abc-apos-atos-de-violencia\/\">Mais&#8230;<\/a><\/p>\n","protected":false},"author":8,"featured_media":0,"comment_status":"open","ping_status":"open","sticky":false,"template":"","format":"standard","meta":[],"categories":[3],"tags":[],"_links":{"self":[{"href":"https:\/\/justicapotiguar.com.br\/index.php\/wp-json\/wp\/v2\/posts\/52385"}],"collection":[{"href":"https:\/\/justicapotiguar.com.br\/index.php\/wp-json\/wp\/v2\/posts"}],"about":[{"href":"https:\/\/justicapotiguar.com.br\/index.php\/wp-json\/wp\/v2\/types\/post"}],"author":[{"embeddable":true,"href":"https:\/\/justicapotiguar.com.br\/index.php\/wp-json\/wp\/v2\/users\/8"}],"replies":[{"embeddable":true,"href":"https:\/\/justicapotiguar.com.br\/index.php\/wp-json\/wp\/v2\/comments?post=52385"}],"version-history":[{"count":3,"href":"https:\/\/justicapotiguar.com.br\/index.php\/wp-json\/wp\/v2\/posts\/52385\/revisions"}],"predecessor-version":[{"id":52389,"href":"https:\/\/justicapotiguar.com.br\/index.php\/wp-json\/wp\/v2\/posts\/52385\/revisions\/52389"}],"wp:attachment":[{"href":"https:\/\/justicapotiguar.com.br\/index.php\/wp-json\/wp\/v2\/media?parent=52385"}],"wp:term":[{"taxonomy":"category","embeddable":true,"href":"https:\/\/justicapotiguar.com.br\/index.php\/wp-json\/wp\/v2\/categories?post=52385"},{"taxonomy":"post_tag","embeddable":true,"href":"https:\/\/justicapotiguar.com.br\/index.php\/wp-json\/wp\/v2\/tags?post=52385"}],"curies":[{"name":"wp","href":"https:\/\/api.w.org\/{rel}","templated":true}]}}