{"id":52372,"date":"2026-03-19T17:32:00","date_gmt":"2026-03-19T20:32:00","guid":{"rendered":"https:\/\/justicapotiguar.com.br\/?p=52372"},"modified":"2026-03-19T17:35:44","modified_gmt":"2026-03-19T20:35:44","slug":"tce-suspende-concessoes-na-via-costeira-e-determina-ao-governo-do-estado-priorizar-licitacao","status":"publish","type":"post","link":"https:\/\/justicapotiguar.com.br\/index.php\/2026\/03\/19\/tce-suspende-concessoes-na-via-costeira-e-determina-ao-governo-do-estado-priorizar-licitacao\/","title":{"rendered":"TCE suspende concess\u00f5es na Via Costeira e determina ao Governo do Estado priorizar licita\u00e7\u00e3o"},"content":{"rendered":"\n<figure class=\"wp-block-image size-large\"><img loading=\"lazy\" width=\"768\" height=\"432\" src=\"https:\/\/justicapotiguar.com.br\/wp-content\/uploads\/2026\/03\/tce.jpg\" alt=\"\" class=\"wp-image-52374\" srcset=\"https:\/\/justicapotiguar.com.br\/wp-content\/uploads\/2026\/03\/tce.jpg 768w, https:\/\/justicapotiguar.com.br\/wp-content\/uploads\/2026\/03\/tce-300x169.jpg 300w\" sizes=\"(max-width: 768px) 100vw, 768px\" \/><figcaption>Foto: Reprodu\u00e7\u00e3o<\/figcaption><\/figure>\n\n\n\n<p>O Tribunal de Contas do Estado (TCE\/RN) suspendeu, em medida cautelar, atos administrativos do Governo do Estado que concederam novos prazos a concession\u00e1rias de terrenos na Via Costeira. A decis\u00e3o atinge \u00e1reas cedidas \u00e0 iniciativa privada para constru\u00e7\u00e3o de hot\u00e9is e outros empreendimentos, cujas obriga\u00e7\u00f5es n\u00e3o foram cumpridas, e determina \u00e0 Datanorte priorizar licita\u00e7\u00e3o em nova modelagem de uso dos terrenos.<\/p>\n\n\n\n<p>Em 2024, o Estado celebrou termos aditivos para redefinir esses prazos. No entanto, de acordo com uma auditoria realizada pelo TCE, as obriga\u00e7\u00f5es n\u00e3o foram cumpridas pelas empresas beneficiadas, o que ensejou a decis\u00e3o proferida em julgamento do Tribunal Pleno na sess\u00e3o desta quarta-feira (18). Segundo os termos do voto, relatado pelo conselheiro Ant\u00f4nio Ed Souza Santana, foram apontados ind\u00edcios de irregularidades na manuten\u00e7\u00e3o de concess\u00f5es com prazos sucessivamente ampliados, mesmo diante do descumprimento das obriga\u00e7\u00f5es.<\/p>\n\n\n\n<p>As concess\u00f5es de uso de terrenos na Via Costeira tiveram origem nas d\u00e9cadas de 1980 e 1990, quando o Estado transferiu \u00e1reas \u00e0 iniciativa privada com prazos definidos para in\u00edcio das obras e funcionamento de empreendimentos tur\u00edsticos. Esses prazos n\u00e3o foram cumpridos e, ao longo dos anos, foram sendo sucessivamente alterados por mudan\u00e7as na legisla\u00e7\u00e3o, tentativas de reprograma\u00e7\u00e3o e medidas administrativas.<\/p>\n\n\n\n<p>Ao todo, o processo envolve sete contratos de concess\u00e3o vinculados a diferentes empresas. Mais recentemente, em 2024, o Estado firmou novos termos aditivos com a fixa\u00e7\u00e3o de prazos atualizados, novamente sem que houvesse a efetiva implanta\u00e7\u00e3o dos empreendimentos previstos.<\/p><div class=\"hraml69ee5425cd302\" ><!--<a href=\"https:\/\/bit.ly\/3QdrqTZ\" target=\"_blank\">\n<img src=\"https:\/\/justicapotiguar.com.br\/wp-content\/uploads\/2023\/09\/mobile-geral.gif\"\/><a\/>--><\/div><style type=\"text\/css\">\r\n.hraml69ee5425cd302 {\r\ntext-align: center;\r\n}\r\n@media screen and (min-width: 1201px) {\r\n.hraml69ee5425cd302 {\r\ndisplay: none;\r\n}\r\n}\r\n@media screen and (min-width: 993px) and (max-width: 1200px) {\r\n.hraml69ee5425cd302 {\r\ndisplay: none;\r\n}\r\n}\r\n@media screen and (min-width: 769px) and (max-width: 992px) {\r\n.hraml69ee5425cd302 {\r\ndisplay: none;\r\n}\r\n}\r\n@media screen and (min-width: 768px) and (max-width: 768px) {\r\n.hraml69ee5425cd302 {\r\ndisplay: block;\r\n}\r\n}\r\n@media screen and (max-width: 767px) {\r\n.hraml69ee5425cd302 {\r\ndisplay: block;\r\n}\r\n}\r\n<\/style>\r\n<div class=\"uyqmm69ee5425cd2ed\" ><!--<a href=\"https:\/\/bit.ly\/3QdrqTZ\" target=\"_blank\">\n<img src=\"https:\/\/justicapotiguar.com.br\/wp-content\/uploads\/2023\/09\/desktop-geral.gif\"\/><a\/>--><\/div><style type=\"text\/css\">\r\n.uyqmm69ee5425cd2ed {\r\ntext-align: center;\nmargin-bottom: 1em;\r\n}\r\n@media screen and (min-width: 1201px) {\r\n.uyqmm69ee5425cd2ed {\r\ndisplay: block;\r\n}\r\n}\r\n@media screen and (min-width: 993px) and (max-width: 1200px) {\r\n.uyqmm69ee5425cd2ed {\r\ndisplay: block;\r\n}\r\n}\r\n@media screen and (min-width: 769px) and (max-width: 992px) {\r\n.uyqmm69ee5425cd2ed {\r\ndisplay: block;\r\n}\r\n}\r\n@media screen and (min-width: 768px) and (max-width: 768px) {\r\n.uyqmm69ee5425cd2ed {\r\ndisplay: none;\r\n}\r\n}\r\n@media screen and (max-width: 767px) {\r\n.uyqmm69ee5425cd2ed {\r\ndisplay: none;\r\n}\r\n}\r\n<\/style>\r\n\n\n\n\n<p>An\u00e1lise preliminar da Diretoria de Controle Externo de Contas de Gest\u00e3o e Despesa P\u00fablica (DCD) identificou um cen\u00e1rio de descumprimento dos contratos ao longo de d\u00e9cadas, marcado pela n\u00e3o execu\u00e7\u00e3o dos projetos originalmente previstos. Tamb\u00e9m foram identificados ind\u00edcios de fragilidade t\u00e9cnico-financeira das concession\u00e1rias, poss\u00edveis irregularidades societ\u00e1rias, d\u00favidas quanto \u00e0 regularidade dominial de parte das \u00e1reas e elementos que sugerem desvio de finalidade na utiliza\u00e7\u00e3o dos im\u00f3veis p\u00fablicos.<\/p>\n\n\n\n<p>Com isso, foi determinada a suspens\u00e3o dos efeitos de atos administrativos recentes relacionados \u00e0s concess\u00f5es, bem como a absten\u00e7\u00e3o, por parte do Estado, de praticar novos atos que impliquem a implanta\u00e7\u00e3o, modifica\u00e7\u00e3o ou amplia\u00e7\u00e3o de empreendimentos nas \u00e1reas em an\u00e1lise, at\u00e9 ulterior delibera\u00e7\u00e3o da Corte.<\/p>\n\n\n\n<p>Al\u00e9m das medidas suspensivas, o Tribunal determinou \u00e0 Datanorte a apresenta\u00e7\u00e3o, no prazo de 90 dias \u00fateis, de um Plano de A\u00e7\u00e3o Estrat\u00e9gico e de Destina\u00e7\u00e3o Imobili\u00e1ria para as \u00e1reas envolvidas. O documento dever\u00e1 contemplar diretrizes para a regulariza\u00e7\u00e3o da situa\u00e7\u00e3o dos im\u00f3veis, avalia\u00e7\u00e3o individualizada das concess\u00f5es, defini\u00e7\u00e3o de alternativas para sua adequada destina\u00e7\u00e3o, inclusive com cronograma para a implementa\u00e7\u00e3o das medidas necess\u00e1rias, voltadas \u00e0 transpar\u00eancia, efici\u00eancia e alinhamento com o interesse p\u00fablico.<br><br><em>Fonte: TCE\/RN<\/em><\/p>\n","protected":false},"excerpt":{"rendered":"<p>Em 2024, o Estado firmou novos termos aditivos com a fixa\u00e7\u00e3o de prazos atualizados, novamente sem que houvesse a efetiva implanta\u00e7\u00e3o dos empreendimentos previstos.<br \/><a class=\"more-link\" href=\"https:\/\/justicapotiguar.com.br\/index.php\/2026\/03\/19\/tce-suspende-concessoes-na-via-costeira-e-determina-ao-governo-do-estado-priorizar-licitacao\/\">Mais&#8230;<\/a><\/p>\n","protected":false},"author":8,"featured_media":0,"comment_status":"open","ping_status":"open","sticky":false,"template":"","format":"standard","meta":[],"categories":[3],"tags":[],"_links":{"self":[{"href":"https:\/\/justicapotiguar.com.br\/index.php\/wp-json\/wp\/v2\/posts\/52372"}],"collection":[{"href":"https:\/\/justicapotiguar.com.br\/index.php\/wp-json\/wp\/v2\/posts"}],"about":[{"href":"https:\/\/justicapotiguar.com.br\/index.php\/wp-json\/wp\/v2\/types\/post"}],"author":[{"embeddable":true,"href":"https:\/\/justicapotiguar.com.br\/index.php\/wp-json\/wp\/v2\/users\/8"}],"replies":[{"embeddable":true,"href":"https:\/\/justicapotiguar.com.br\/index.php\/wp-json\/wp\/v2\/comments?post=52372"}],"version-history":[{"count":3,"href":"https:\/\/justicapotiguar.com.br\/index.php\/wp-json\/wp\/v2\/posts\/52372\/revisions"}],"predecessor-version":[{"id":52377,"href":"https:\/\/justicapotiguar.com.br\/index.php\/wp-json\/wp\/v2\/posts\/52372\/revisions\/52377"}],"wp:attachment":[{"href":"https:\/\/justicapotiguar.com.br\/index.php\/wp-json\/wp\/v2\/media?parent=52372"}],"wp:term":[{"taxonomy":"category","embeddable":true,"href":"https:\/\/justicapotiguar.com.br\/index.php\/wp-json\/wp\/v2\/categories?post=52372"},{"taxonomy":"post_tag","embeddable":true,"href":"https:\/\/justicapotiguar.com.br\/index.php\/wp-json\/wp\/v2\/tags?post=52372"}],"curies":[{"name":"wp","href":"https:\/\/api.w.org\/{rel}","templated":true}]}}