{"id":52366,"date":"2026-03-19T17:20:10","date_gmt":"2026-03-19T20:20:10","guid":{"rendered":"https:\/\/justicapotiguar.com.br\/?p=52366"},"modified":"2026-03-20T09:45:27","modified_gmt":"2026-03-20T12:45:27","slug":"segunda-turma-aplica-tese-do-stf-e-reconhece-incidencia-de-contribuicao-patronal-sobre-terco-de-ferias","status":"publish","type":"post","link":"https:\/\/justicapotiguar.com.br\/index.php\/2026\/03\/19\/segunda-turma-aplica-tese-do-stf-e-reconhece-incidencia-de-contribuicao-patronal-sobre-terco-de-ferias\/","title":{"rendered":"STJ aplica tese do STF e reconhece incid\u00eancia de contribui\u00e7\u00e3o patronal sobre ter\u00e7o de f\u00e9rias"},"content":{"rendered":"\n<figure class=\"wp-block-image size-large\"><img loading=\"lazy\" width=\"708\" height=\"472\" src=\"https:\/\/justicapotiguar.com.br\/wp-content\/uploads\/2026\/03\/2a-turma-do-STJ.jpg\" alt=\"\" class=\"wp-image-52370\" srcset=\"https:\/\/justicapotiguar.com.br\/wp-content\/uploads\/2026\/03\/2a-turma-do-STJ.jpg 708w, https:\/\/justicapotiguar.com.br\/wp-content\/uploads\/2026\/03\/2a-turma-do-STJ-300x200.jpg 300w\" sizes=\"(max-width: 708px) 100vw, 708px\" \/><figcaption>Foto: Lucas Pricken\/STJ<\/figcaption><\/figure>\n\n\n\n<p>Em raz\u00e3o de julgamento do Supremo Tribunal Federal (STF) em regime de repercuss\u00e3o geral (Tema 985), a Segunda Turma do Superior Tribunal de Justi\u00e7a (STJ) readequou seu entendimento para reconhecer a incid\u00eancia da contribui\u00e7\u00e3o previdenci\u00e1ria patronal sobre o ter\u00e7o constitucional de f\u00e9rias gozadas, atribuindo natureza remunerat\u00f3ria \u00e0 verba para fins de custeio da previd\u00eancia social.<\/p>\n\n\n\n<p>No exerc\u00edcio do ju\u00edzo de retrata\u00e7\u00e3o, o colegiado decidiu que uma empresa deve responder pela contribui\u00e7\u00e3o patronal.<\/p>\n\n\n\n<p>O caso havia sido julgado pelo STJ \u00e0 luz da jurisprud\u00eancia ent\u00e3o dominante no tribunal, que previa a n\u00e3o incid\u00eancia da contribui\u00e7\u00e3o patronal sobre o adicional de f\u00e9rias, diante do reconhecimento de sua natureza indenizat\u00f3ria. Anteriormente, a mesma posi\u00e7\u00e3o foi adotada em ac\u00f3rd\u00e3o do Tribunal Regional Federal da 4\u00aa Regi\u00e3o (TRF4).<\/p>\n\n\n\n<p>A decis\u00e3o favor\u00e1vel \u00e0 empresa no STJ levou a Fazenda P\u00fablica a interpor recurso extraordin\u00e1rio, cujo processamento foi suspenso at\u00e9 o julgamento do Tema 985, que veio a estabelecer a tese relativa \u00e0 incid\u00eancia da contribui\u00e7\u00e3o previdenci\u00e1ria patronal sobre o ter\u00e7o de f\u00e9rias.<\/p><div class=\"cmbfh69ee5425ac6c6\" ><!--<a href=\"https:\/\/bit.ly\/3QdrqTZ\" target=\"_blank\">\n<img src=\"https:\/\/justicapotiguar.com.br\/wp-content\/uploads\/2023\/09\/mobile-geral.gif\"\/><a\/>--><\/div><style type=\"text\/css\">\r\n.cmbfh69ee5425ac6c6 {\r\ntext-align: center;\r\n}\r\n@media screen and (min-width: 1201px) {\r\n.cmbfh69ee5425ac6c6 {\r\ndisplay: none;\r\n}\r\n}\r\n@media screen and (min-width: 993px) and (max-width: 1200px) {\r\n.cmbfh69ee5425ac6c6 {\r\ndisplay: none;\r\n}\r\n}\r\n@media screen and (min-width: 769px) and (max-width: 992px) {\r\n.cmbfh69ee5425ac6c6 {\r\ndisplay: none;\r\n}\r\n}\r\n@media screen and (min-width: 768px) and (max-width: 768px) {\r\n.cmbfh69ee5425ac6c6 {\r\ndisplay: block;\r\n}\r\n}\r\n@media screen and (max-width: 767px) {\r\n.cmbfh69ee5425ac6c6 {\r\ndisplay: block;\r\n}\r\n}\r\n<\/style>\r\n<div class=\"klrag69ee5425ac6ab\" ><!--<a href=\"https:\/\/bit.ly\/3QdrqTZ\" target=\"_blank\">\n<img src=\"https:\/\/justicapotiguar.com.br\/wp-content\/uploads\/2023\/09\/desktop-geral.gif\"\/><a\/>--><\/div><style type=\"text\/css\">\r\n.klrag69ee5425ac6ab {\r\ntext-align: center;\nmargin-bottom: 1em;\r\n}\r\n@media screen and (min-width: 1201px) {\r\n.klrag69ee5425ac6ab {\r\ndisplay: block;\r\n}\r\n}\r\n@media screen and (min-width: 993px) and (max-width: 1200px) {\r\n.klrag69ee5425ac6ab {\r\ndisplay: block;\r\n}\r\n}\r\n@media screen and (min-width: 769px) and (max-width: 992px) {\r\n.klrag69ee5425ac6ab {\r\ndisplay: block;\r\n}\r\n}\r\n@media screen and (min-width: 768px) and (max-width: 768px) {\r\n.klrag69ee5425ac6ab {\r\ndisplay: none;\r\n}\r\n}\r\n@media screen and (max-width: 767px) {\r\n.klrag69ee5425ac6ab {\r\ndisplay: none;\r\n}\r\n}\r\n<\/style>\r\n\n\n\n\n<p>Segundo a relatora do processo, ministra Maria Thereza de Assis Moura, como o STF reconheceu a constitucionalidade da cobran\u00e7a da contribui\u00e7\u00e3o patronal sobre o ter\u00e7o de f\u00e9rias em julgamento com repercuss\u00e3o geral, a Segunda Turma deve rever sua posi\u00e7\u00e3o anterior, que havia afastado a incid\u00eancia. Segundo ela, o ju\u00edzo de retrata\u00e7\u00e3o est\u00e1 previsto no artigo 1.030, II, do C\u00f3digo de Processo Civil (CPC) e deve ser exercido quando houver diverg\u00eancia entre a decis\u00e3o tomada por um tribunal e o entendimento vinculante fixado pelo STF ou pelo STJ.<\/p>\n\n\n\n<p>A ministra destacou ainda que o STF modulou os efeitos da decis\u00e3o para que a nova tese valesse a partir de 15 de setembro de 2020, data da publica\u00e7\u00e3o da ata do julgamento, preservadas as contribui\u00e7\u00f5es j\u00e1 pagas e n\u00e3o contestadas at\u00e9 ent\u00e3o. De acordo com a relatora, o julgamento inicial do STJ, ao dar ganho de causa \u00e0 empresa, antecipou-se de forma contr\u00e1ria ao que viria a ser o entendimento constitucional vinculante.<\/p>\n\n\n\n<p>&#8220;Assim, imp\u00f5e-se a retrata\u00e7\u00e3o para reconhecer a legalidade da incid\u00eancia da contribui\u00e7\u00e3o previdenci\u00e1ria a cargo do empregador sobre o ter\u00e7o constitucional de f\u00e9rias gozadas, devendo a Fazenda Nacional aplicar o entendimento do Tema 985, respeitada a modula\u00e7\u00e3o de efeitos&#8221;, concluiu Maria Thereza de Assis Moura.<\/p>\n\n\n\n<p><em>Fonte: STJ<\/em><\/p>\n","protected":false},"excerpt":{"rendered":"<p> De acordo com a relatora, o julgamento inicial do STJ, ao dar ganho de causa \u00e0 empresa, antecipou-se de forma contr\u00e1ria ao que viria a ser o entendimento constitucional vinculante.<br \/><a class=\"more-link\" href=\"https:\/\/justicapotiguar.com.br\/index.php\/2026\/03\/19\/segunda-turma-aplica-tese-do-stf-e-reconhece-incidencia-de-contribuicao-patronal-sobre-terco-de-ferias\/\">Mais&#8230;<\/a><\/p>\n","protected":false},"author":8,"featured_media":0,"comment_status":"open","ping_status":"open","sticky":false,"template":"","format":"standard","meta":[],"categories":[3],"tags":[],"_links":{"self":[{"href":"https:\/\/justicapotiguar.com.br\/index.php\/wp-json\/wp\/v2\/posts\/52366"}],"collection":[{"href":"https:\/\/justicapotiguar.com.br\/index.php\/wp-json\/wp\/v2\/posts"}],"about":[{"href":"https:\/\/justicapotiguar.com.br\/index.php\/wp-json\/wp\/v2\/types\/post"}],"author":[{"embeddable":true,"href":"https:\/\/justicapotiguar.com.br\/index.php\/wp-json\/wp\/v2\/users\/8"}],"replies":[{"embeddable":true,"href":"https:\/\/justicapotiguar.com.br\/index.php\/wp-json\/wp\/v2\/comments?post=52366"}],"version-history":[{"count":5,"href":"https:\/\/justicapotiguar.com.br\/index.php\/wp-json\/wp\/v2\/posts\/52366\/revisions"}],"predecessor-version":[{"id":52384,"href":"https:\/\/justicapotiguar.com.br\/index.php\/wp-json\/wp\/v2\/posts\/52366\/revisions\/52384"}],"wp:attachment":[{"href":"https:\/\/justicapotiguar.com.br\/index.php\/wp-json\/wp\/v2\/media?parent=52366"}],"wp:term":[{"taxonomy":"category","embeddable":true,"href":"https:\/\/justicapotiguar.com.br\/index.php\/wp-json\/wp\/v2\/categories?post=52366"},{"taxonomy":"post_tag","embeddable":true,"href":"https:\/\/justicapotiguar.com.br\/index.php\/wp-json\/wp\/v2\/tags?post=52366"}],"curies":[{"name":"wp","href":"https:\/\/api.w.org\/{rel}","templated":true}]}}