{"id":52359,"date":"2026-03-19T17:00:34","date_gmt":"2026-03-19T20:00:34","guid":{"rendered":"https:\/\/justicapotiguar.com.br\/?p=52359"},"modified":"2026-03-19T17:03:58","modified_gmt":"2026-03-19T20:03:58","slug":"stf-vai-discutir-se-constrangimento-da-vitima-em-audiencia-de-processo-por-estupro-tem-repercussao-geral","status":"publish","type":"post","link":"https:\/\/justicapotiguar.com.br\/index.php\/2026\/03\/19\/stf-vai-discutir-se-constrangimento-da-vitima-em-audiencia-de-processo-por-estupro-tem-repercussao-geral\/","title":{"rendered":"STF vai discutir se constrangimento da v\u00edtima em audi\u00eancia de processo por estupro tem repercuss\u00e3o geral"},"content":{"rendered":"\n<figure class=\"wp-block-image size-large\"><img loading=\"lazy\" width=\"800\" height=\"534\" src=\"https:\/\/justicapotiguar.com.br\/wp-content\/uploads\/2026\/03\/STF-2.jpg\" alt=\"\" class=\"wp-image-52363\" srcset=\"https:\/\/justicapotiguar.com.br\/wp-content\/uploads\/2026\/03\/STF-2.jpg 800w, https:\/\/justicapotiguar.com.br\/wp-content\/uploads\/2026\/03\/STF-2-300x200.jpg 300w, https:\/\/justicapotiguar.com.br\/wp-content\/uploads\/2026\/03\/STF-2-768x513.jpg 768w\" sizes=\"(max-width: 800px) 100vw, 800px\" \/><figcaption>Foto: Antonio Augusto\/STF<\/figcaption><\/figure>\n\n\n\n<p>O Supremo Tribunal Federal (STF) come\u00e7a a julgar, nesta sexta-feira (20), se a quest\u00e3o discutida no Recurso Extraordin\u00e1rio com Agravo (ARE) 1541125 tem repercuss\u00e3o geral. No recurso, M.B.F. narra que, na audi\u00eancia em que foi ouvida como v\u00edtima em um processo por estupro, sofreu sarcasmo, ironia, ofensas, humilha\u00e7\u00f5es e insinua\u00e7\u00f5es sexuais \u201cdo mais baixo n\u00edvel\u201d por parte do advogado de defesa do acusado. Ela argumenta que a situa\u00e7\u00e3o ocorreu sem a interven\u00e7\u00e3o do juiz, do promotor de justi\u00e7a e do defensor p\u00fablico, o que violaria o princ\u00edpio constitucional da dignidade humana. Por isso, pede a anula\u00e7\u00e3o da senten\u00e7a que absolveu o acusado. O relator do recurso \u00e9 o ministro Alexandre de Moraes.<\/p>\n\n\n\n<p>Nessa fase preliminar, o Tribunal ir\u00e1 examinar, em delibera\u00e7\u00e3o do Plen\u00e1rio Virtual que se encerra em 27\/3, se o caso atende aos crit\u00e9rios da repercuss\u00e3o geral, ou seja, se apresenta quest\u00f5es relevantes do ponto de vista social, pol\u00edtico, econ\u00f4mico ou jur\u00eddico e se a controv\u00e9rsia ultrapassa os interesses das partes envolvidas. Se a repercuss\u00e3o geral for reconhecida, o m\u00e9rito do recurso ir\u00e1 a julgamento pelo Plen\u00e1rio, em data a ser marcada, e o Tribunal fixar\u00e1 uma tese que dever\u00e1 ser seguida em causas semelhantes nas outras inst\u00e2ncias da Justi\u00e7a.<\/p>\n\n\n\n<p>No processo, A.C.A. foi acusado de ter drogado e estuprado M.B.F., em 2018. No recurso ao STF, ela sustenta que foi \u201chumilhada e achincalhada pelo advogado de defesa\u201d, com a complac\u00eancia do juiz, do promotor de Justi\u00e7a e do defensor p\u00fablico, e que \u201cchegou a implorar ao juiz por respeito, sem sucesso\u201d.<\/p><div class=\"hqwkb69ee542092876\" ><!--<a href=\"https:\/\/bit.ly\/3QdrqTZ\" target=\"_blank\">\n<img src=\"https:\/\/justicapotiguar.com.br\/wp-content\/uploads\/2023\/09\/mobile-geral.gif\"\/><a\/>--><\/div><style type=\"text\/css\">\r\n.hqwkb69ee542092876 {\r\ntext-align: center;\r\n}\r\n@media screen and (min-width: 1201px) {\r\n.hqwkb69ee542092876 {\r\ndisplay: none;\r\n}\r\n}\r\n@media screen and (min-width: 993px) and (max-width: 1200px) {\r\n.hqwkb69ee542092876 {\r\ndisplay: none;\r\n}\r\n}\r\n@media screen and (min-width: 769px) and (max-width: 992px) {\r\n.hqwkb69ee542092876 {\r\ndisplay: none;\r\n}\r\n}\r\n@media screen and (min-width: 768px) and (max-width: 768px) {\r\n.hqwkb69ee542092876 {\r\ndisplay: block;\r\n}\r\n}\r\n@media screen and (max-width: 767px) {\r\n.hqwkb69ee542092876 {\r\ndisplay: block;\r\n}\r\n}\r\n<\/style>\r\n<div class=\"hzjit69ee542092862\" ><!--<a href=\"https:\/\/bit.ly\/3QdrqTZ\" target=\"_blank\">\n<img src=\"https:\/\/justicapotiguar.com.br\/wp-content\/uploads\/2023\/09\/desktop-geral.gif\"\/><a\/>--><\/div><style type=\"text\/css\">\r\n.hzjit69ee542092862 {\r\ntext-align: center;\nmargin-bottom: 1em;\r\n}\r\n@media screen and (min-width: 1201px) {\r\n.hzjit69ee542092862 {\r\ndisplay: block;\r\n}\r\n}\r\n@media screen and (min-width: 993px) and (max-width: 1200px) {\r\n.hzjit69ee542092862 {\r\ndisplay: block;\r\n}\r\n}\r\n@media screen and (min-width: 769px) and (max-width: 992px) {\r\n.hzjit69ee542092862 {\r\ndisplay: block;\r\n}\r\n}\r\n@media screen and (min-width: 768px) and (max-width: 768px) {\r\n.hzjit69ee542092862 {\r\ndisplay: none;\r\n}\r\n}\r\n@media screen and (max-width: 767px) {\r\n.hzjit69ee542092862 {\r\ndisplay: none;\r\n}\r\n}\r\n<\/style>\r\n\n\n\n\n<p>Segundo a autora do recurso, o laudo pericial confirmou a ocorr\u00eancia de rela\u00e7\u00e3o sexual, a perda da virgindade da v\u00edtima e a presen\u00e7a de material gen\u00e9tico do acusado em suas roupas \u00edntimas. Sustenta, ainda, que testemunhas e o pr\u00f3prio promotor de Justi\u00e7a \u2013 que se manifestou pela absolvi\u00e7\u00e3o do r\u00e9u \u2013 corroboraram a tese de que ela se encontrava em estado de vulnerabilidade.<\/p>\n\n\n\n<p>O acusado foi absolvido por insufici\u00eancia de provas em primeira inst\u00e2ncia, e o Tribunal de Justi\u00e7a de Santa Catarina (TJ-SC), ao julgar o recurso, manteve a senten\u00e7a.<\/p>\n\n\n\n<p>No recurso extraordin\u00e1rio ao Supremo, ela argumenta que a viola\u00e7\u00e3o da dignidade humana contamina a rela\u00e7\u00e3o processual em todos os seus termos. Aponta, ainda, viola\u00e7\u00e3o ao devido processo legal pelo fato de que seu depoimento, embora corroborado por outros elementos de prova, teria sido \u201ccompletamente ignorado\u201d nos recursos apresentados ao TJ-SC.<br><br><em>Fonte: STF<\/em><\/p>\n","protected":false},"excerpt":{"rendered":"<p>Segundo a autora do recurso, o laudo pericial confirmou a ocorr\u00eancia de rela\u00e7\u00e3o sexual, a perda da virgindade da v\u00edtima e a presen\u00e7a de material gen\u00e9tico do acusado em suas roupas \u00edntimas. <br \/><a class=\"more-link\" href=\"https:\/\/justicapotiguar.com.br\/index.php\/2026\/03\/19\/stf-vai-discutir-se-constrangimento-da-vitima-em-audiencia-de-processo-por-estupro-tem-repercussao-geral\/\">Mais&#8230;<\/a><\/p>\n","protected":false},"author":8,"featured_media":0,"comment_status":"open","ping_status":"open","sticky":false,"template":"","format":"standard","meta":[],"categories":[3],"tags":[],"_links":{"self":[{"href":"https:\/\/justicapotiguar.com.br\/index.php\/wp-json\/wp\/v2\/posts\/52359"}],"collection":[{"href":"https:\/\/justicapotiguar.com.br\/index.php\/wp-json\/wp\/v2\/posts"}],"about":[{"href":"https:\/\/justicapotiguar.com.br\/index.php\/wp-json\/wp\/v2\/types\/post"}],"author":[{"embeddable":true,"href":"https:\/\/justicapotiguar.com.br\/index.php\/wp-json\/wp\/v2\/users\/8"}],"replies":[{"embeddable":true,"href":"https:\/\/justicapotiguar.com.br\/index.php\/wp-json\/wp\/v2\/comments?post=52359"}],"version-history":[{"count":4,"href":"https:\/\/justicapotiguar.com.br\/index.php\/wp-json\/wp\/v2\/posts\/52359\/revisions"}],"predecessor-version":[{"id":52364,"href":"https:\/\/justicapotiguar.com.br\/index.php\/wp-json\/wp\/v2\/posts\/52359\/revisions\/52364"}],"wp:attachment":[{"href":"https:\/\/justicapotiguar.com.br\/index.php\/wp-json\/wp\/v2\/media?parent=52359"}],"wp:term":[{"taxonomy":"category","embeddable":true,"href":"https:\/\/justicapotiguar.com.br\/index.php\/wp-json\/wp\/v2\/categories?post=52359"},{"taxonomy":"post_tag","embeddable":true,"href":"https:\/\/justicapotiguar.com.br\/index.php\/wp-json\/wp\/v2\/tags?post=52359"}],"curies":[{"name":"wp","href":"https:\/\/api.w.org\/{rel}","templated":true}]}}