{"id":52346,"date":"2026-03-19T16:14:50","date_gmt":"2026-03-19T19:14:50","guid":{"rendered":"https:\/\/justicapotiguar.com.br\/?p=52346"},"modified":"2026-03-19T17:06:06","modified_gmt":"2026-03-19T20:06:06","slug":"tjrn-recebe-magistradas-da-paraiba-em-permutas-interestaduais-autorizadas-pelo-cnj","status":"publish","type":"post","link":"https:\/\/justicapotiguar.com.br\/index.php\/2026\/03\/19\/tjrn-recebe-magistradas-da-paraiba-em-permutas-interestaduais-autorizadas-pelo-cnj\/","title":{"rendered":"TJRN recebe magistradas da Para\u00edba em permutas interestaduais autorizadas pelo Conselho Nacional de Justi\u00e7a"},"content":{"rendered":"\n<figure class=\"wp-block-image size-large\"><img loading=\"lazy\" width=\"1024\" height=\"683\" src=\"https:\/\/justicapotiguar.com.br\/wp-content\/uploads\/2026\/03\/TJRN1-1.jpg\" alt=\"\" class=\"wp-image-52347\" srcset=\"https:\/\/justicapotiguar.com.br\/wp-content\/uploads\/2026\/03\/TJRN1-1.jpg 1024w, https:\/\/justicapotiguar.com.br\/wp-content\/uploads\/2026\/03\/TJRN1-1-300x200.jpg 300w, https:\/\/justicapotiguar.com.br\/wp-content\/uploads\/2026\/03\/TJRN1-1-768x512.jpg 768w\" sizes=\"(max-width: 1024px) 100vw, 1024px\" \/><figcaption>Fotos: Divulga\u00e7\u00e3o<\/figcaption><\/figure>\n\n\n\n<p>O Tribunal de Justi\u00e7a do Rio Grande do Norte (TJRN) passa a contar com duas novas magistradas em sua composi\u00e7\u00e3o ap\u00f3s a formaliza\u00e7\u00e3o de permutas interestaduais com o Tribunal de Justi\u00e7a da Para\u00edba (TJPB). As mudan\u00e7as foram oficializadas por meio das Portarias n\u00ba 342 e n\u00ba 343, publicadas em 17 de mar\u00e7o de 2026, com base na Resolu\u00e7\u00e3o n\u00ba 603\/2024 do Conselho Nacional de Justi\u00e7a (CNJ).<\/p>\n\n\n\n<p>Os atos foram formalizados pelo Presidente do TJRN, desembargador Ibanez Monteiro, na presen\u00e7a da secret\u00e1ria de Gest\u00e3o de Pessoas, Kl\u00edcia Maia. Participaram ainda os desembargadores Ricardo Proc\u00f3pio, Claudio Santos, Glauber R\u00eago, Sandra Elali, o juiz Arthur Bonif\u00e1cio, presidente da Associa\u00e7\u00e3o dos Magistrados do RN, ju\u00edzes, servidores e familiares dos empossados.<\/p>\n\n\n\n<figure class=\"wp-block-image size-large\"><img loading=\"lazy\" width=\"1024\" height=\"683\" src=\"https:\/\/justicapotiguar.com.br\/wp-content\/uploads\/2026\/03\/TJRN2-1-1024x683.jpg\" alt=\"\" class=\"wp-image-52348\" srcset=\"https:\/\/justicapotiguar.com.br\/wp-content\/uploads\/2026\/03\/TJRN2-1-1024x683.jpg 1024w, https:\/\/justicapotiguar.com.br\/wp-content\/uploads\/2026\/03\/TJRN2-1-300x200.jpg 300w, https:\/\/justicapotiguar.com.br\/wp-content\/uploads\/2026\/03\/TJRN2-1-768x512.jpg 768w, https:\/\/justicapotiguar.com.br\/wp-content\/uploads\/2026\/03\/TJRN2-1-1536x1024.jpg 1536w, https:\/\/justicapotiguar.com.br\/wp-content\/uploads\/2026\/03\/TJRN2-1.jpg 2048w\" sizes=\"(max-width: 1024px) 100vw, 1024px\" \/><\/figure>\n\n\n\n<p>A ju\u00edza Clara de Faria Queiroz, at\u00e9 ent\u00e3o titular da 3\u00aa Vara Mista da Comarca de Mamanguape (PB), passa a assumir a 2\u00ba Vara da Comarca de Ass\u00fa no Rio Grande do Norte. A ju\u00edza Daniella Para\u00edso Guedes Pereira, titular da 3\u00aa Vara C\u00edvel da Comarca de Natal, passa a integrar o quadro do Poder Judici\u00e1rio do Estado da Para\u00edba.<\/p>\n\n\n\n<p>J\u00e1 na segunda permuta, a ju\u00edza Brunna Melga\u00e7o Alves, tamb\u00e9m com atua\u00e7\u00e3o na Comarca de Mamanguape (PB), ir\u00e1 atuar na 2\u00aa Vara da Comarcar de Macau\/RN. Em contrapartida, o juiz Renan Brand\u00e3o de Mendon\u00e7a, titular da 1\u00aa Vara da Comarca de Santa Cruz, assume suas fun\u00e7\u00f5es no Judici\u00e1rio Paraibano.<\/p>\n\n\n\n<figure class=\"wp-block-image size-large\"><img loading=\"lazy\" width=\"1024\" height=\"683\" src=\"https:\/\/justicapotiguar.com.br\/wp-content\/uploads\/2026\/03\/TJRN4.jpg\" alt=\"\" class=\"wp-image-52350\" srcset=\"https:\/\/justicapotiguar.com.br\/wp-content\/uploads\/2026\/03\/TJRN4.jpg 1024w, https:\/\/justicapotiguar.com.br\/wp-content\/uploads\/2026\/03\/TJRN4-300x200.jpg 300w, https:\/\/justicapotiguar.com.br\/wp-content\/uploads\/2026\/03\/TJRN4-768x512.jpg 768w\" sizes=\"(max-width: 1024px) 100vw, 1024px\" \/><\/figure>\n\n\n\n<p>Segundo o presidente do TJRN, desembargador Ibanez Monteiro, esta \u00e9 s\u00e9tima permuta interestadual conclu\u00edda na atual gest\u00e3o, o que representa um avan\u00e7o tanto na gest\u00e3o quanto na qualidade de vida dos magistrados.<\/p><div class=\"njkmc69ee3f85a4b4f\" ><!--<a href=\"https:\/\/bit.ly\/3QdrqTZ\" target=\"_blank\">\n<img src=\"https:\/\/justicapotiguar.com.br\/wp-content\/uploads\/2023\/09\/mobile-geral.gif\"\/><a\/>--><\/div><style type=\"text\/css\">\r\n.njkmc69ee3f85a4b4f {\r\ntext-align: center;\r\n}\r\n@media screen and (min-width: 1201px) {\r\n.njkmc69ee3f85a4b4f {\r\ndisplay: none;\r\n}\r\n}\r\n@media screen and (min-width: 993px) and (max-width: 1200px) {\r\n.njkmc69ee3f85a4b4f {\r\ndisplay: none;\r\n}\r\n}\r\n@media screen and (min-width: 769px) and (max-width: 992px) {\r\n.njkmc69ee3f85a4b4f {\r\ndisplay: none;\r\n}\r\n}\r\n@media screen and (min-width: 768px) and (max-width: 768px) {\r\n.njkmc69ee3f85a4b4f {\r\ndisplay: block;\r\n}\r\n}\r\n@media screen and (max-width: 767px) {\r\n.njkmc69ee3f85a4b4f {\r\ndisplay: block;\r\n}\r\n}\r\n<\/style>\r\n<div class=\"jpnne69ee3f85a4b32\" ><!--<a href=\"https:\/\/bit.ly\/3QdrqTZ\" target=\"_blank\">\n<img src=\"https:\/\/justicapotiguar.com.br\/wp-content\/uploads\/2023\/09\/desktop-geral.gif\"\/><a\/>--><\/div><style type=\"text\/css\">\r\n.jpnne69ee3f85a4b32 {\r\ntext-align: center;\nmargin-bottom: 1em;\r\n}\r\n@media screen and (min-width: 1201px) {\r\n.jpnne69ee3f85a4b32 {\r\ndisplay: block;\r\n}\r\n}\r\n@media screen and (min-width: 993px) and (max-width: 1200px) {\r\n.jpnne69ee3f85a4b32 {\r\ndisplay: block;\r\n}\r\n}\r\n@media screen and (min-width: 769px) and (max-width: 992px) {\r\n.jpnne69ee3f85a4b32 {\r\ndisplay: block;\r\n}\r\n}\r\n@media screen and (min-width: 768px) and (max-width: 768px) {\r\n.jpnne69ee3f85a4b32 {\r\ndisplay: none;\r\n}\r\n}\r\n@media screen and (max-width: 767px) {\r\n.jpnne69ee3f85a4b32 {\r\ndisplay: none;\r\n}\r\n}\r\n<\/style>\r\n\n\n\n\n<p>\u201cReconhecemos que essa possibilidade de permuta acomoda melhor o juiz que tem sua base familiar em outro estado, permitindo que ele se concentre mais e produza com maior efici\u00eancia. Al\u00e9m disso, os colegas que chegam de outros Tribunais trazem experi\u00eancias, metodologias e formas de organiza\u00e7\u00e3o do trabalho que enriquecem e aperfei\u00e7oam a atua\u00e7\u00e3o do Judici\u00e1rio\u201d, destacou.<\/p>\n\n\n\n<p>O presidente destacou ainda a relevante contribui\u00e7\u00e3o dos magistrados Daniella Para\u00edso Guedes e Renan Brand\u00e3o de Mendon\u00e7a, que tiveram atua\u00e7\u00e3o marcada pelo compromisso com a presta\u00e7\u00e3o jurisdicional e pelo atendimento \u00e0 sociedade potiguar ao longo dos anos.<\/p>\n\n\n\n<figure class=\"wp-block-image size-large\"><img loading=\"lazy\" width=\"1024\" height=\"683\" src=\"https:\/\/justicapotiguar.com.br\/wp-content\/uploads\/2026\/03\/TJRN3-1024x683.jpg\" alt=\"\" class=\"wp-image-52349\" srcset=\"https:\/\/justicapotiguar.com.br\/wp-content\/uploads\/2026\/03\/TJRN3-1024x683.jpg 1024w, https:\/\/justicapotiguar.com.br\/wp-content\/uploads\/2026\/03\/TJRN3-300x200.jpg 300w, https:\/\/justicapotiguar.com.br\/wp-content\/uploads\/2026\/03\/TJRN3-768x512.jpg 768w, https:\/\/justicapotiguar.com.br\/wp-content\/uploads\/2026\/03\/TJRN3-1536x1024.jpg 1536w, https:\/\/justicapotiguar.com.br\/wp-content\/uploads\/2026\/03\/TJRN3.jpg 2048w\" sizes=\"(max-width: 1024px) 100vw, 1024px\" \/><\/figure>\n\n\n\n<p>\u201cAp\u00f3s 24 anos de servi\u00e7o prestado \u00e0 Para\u00edba, volto para casa trazendo na bagagem toda essa experi\u00eancia, com mais maturidade e a certeza de que a pr\u00e1tica da Justi\u00e7a se faz no dia a dia, com simplicidade, retid\u00e3o, car\u00e1ter e comprometimento. Minha base familiar est\u00e1 aqui, e o desejo de retornar sempre falou mais alto\u201d, afirmou.<\/p>\n\n\n\n<p>A magistrada tamb\u00e9m ressaltou a experi\u00eancia acumulada na gest\u00e3o processual. \u201cTrago a viv\u00eancia de trabalhar com cumprimento de metas e redu\u00e7\u00e3o de acervo processual, mas, acima de tudo, com humanidade.\u201d<\/p>\n\n\n\n<figure class=\"wp-block-image size-large\"><img loading=\"lazy\" width=\"1024\" height=\"683\" src=\"https:\/\/justicapotiguar.com.br\/wp-content\/uploads\/2026\/03\/TJRN5-1024x683.jpg\" alt=\"\" class=\"wp-image-52355\" srcset=\"https:\/\/justicapotiguar.com.br\/wp-content\/uploads\/2026\/03\/TJRN5-1024x683.jpg 1024w, https:\/\/justicapotiguar.com.br\/wp-content\/uploads\/2026\/03\/TJRN5-300x200.jpg 300w, https:\/\/justicapotiguar.com.br\/wp-content\/uploads\/2026\/03\/TJRN5-768x512.jpg 768w, https:\/\/justicapotiguar.com.br\/wp-content\/uploads\/2026\/03\/TJRN5-1536x1024.jpg 1536w, https:\/\/justicapotiguar.com.br\/wp-content\/uploads\/2026\/03\/TJRN5.jpg 2048w\" sizes=\"(max-width: 1024px) 100vw, 1024px\" \/><\/figure>\n\n\n\n<p>A ju\u00edza Brunna Melga\u00e7o Alves \u00e9 casada com o juiz de direito Diego Dantas, da Comarca de Extremoz. A magistrada chega ao TJRN ap\u00f3s quase uma d\u00e9cada atuando na Para\u00edba, per\u00edodo marcado pelo trabalho em comarcas do interior.<br><br><em>Fonte: TJRN<\/em><\/p>\n","protected":false},"excerpt":{"rendered":"<p>Segundo o presidente do TJRN, desembargador Ibanez Monteiro, esta \u00e9 s\u00e9tima permuta interestadual conclu\u00edda na atual gest\u00e3o.<br \/><a class=\"more-link\" href=\"https:\/\/justicapotiguar.com.br\/index.php\/2026\/03\/19\/tjrn-recebe-magistradas-da-paraiba-em-permutas-interestaduais-autorizadas-pelo-cnj\/\">Mais&#8230;<\/a><\/p>\n","protected":false},"author":8,"featured_media":0,"comment_status":"open","ping_status":"open","sticky":false,"template":"","format":"standard","meta":[],"categories":[3],"tags":[],"_links":{"self":[{"href":"https:\/\/justicapotiguar.com.br\/index.php\/wp-json\/wp\/v2\/posts\/52346"}],"collection":[{"href":"https:\/\/justicapotiguar.com.br\/index.php\/wp-json\/wp\/v2\/posts"}],"about":[{"href":"https:\/\/justicapotiguar.com.br\/index.php\/wp-json\/wp\/v2\/types\/post"}],"author":[{"embeddable":true,"href":"https:\/\/justicapotiguar.com.br\/index.php\/wp-json\/wp\/v2\/users\/8"}],"replies":[{"embeddable":true,"href":"https:\/\/justicapotiguar.com.br\/index.php\/wp-json\/wp\/v2\/comments?post=52346"}],"version-history":[{"count":7,"href":"https:\/\/justicapotiguar.com.br\/index.php\/wp-json\/wp\/v2\/posts\/52346\/revisions"}],"predecessor-version":[{"id":52365,"href":"https:\/\/justicapotiguar.com.br\/index.php\/wp-json\/wp\/v2\/posts\/52346\/revisions\/52365"}],"wp:attachment":[{"href":"https:\/\/justicapotiguar.com.br\/index.php\/wp-json\/wp\/v2\/media?parent=52346"}],"wp:term":[{"taxonomy":"category","embeddable":true,"href":"https:\/\/justicapotiguar.com.br\/index.php\/wp-json\/wp\/v2\/categories?post=52346"},{"taxonomy":"post_tag","embeddable":true,"href":"https:\/\/justicapotiguar.com.br\/index.php\/wp-json\/wp\/v2\/tags?post=52346"}],"curies":[{"name":"wp","href":"https:\/\/api.w.org\/{rel}","templated":true}]}}