{"id":52313,"date":"2026-03-18T20:17:13","date_gmt":"2026-03-18T23:17:13","guid":{"rendered":"https:\/\/justicapotiguar.com.br\/?p=52313"},"modified":"2026-03-18T20:21:33","modified_gmt":"2026-03-18T23:21:33","slug":"defesa-de-daniel-vorcaro-sinaliza-interesse-em-acordo-de-delacao-premiada","status":"publish","type":"post","link":"https:\/\/justicapotiguar.com.br\/index.php\/2026\/03\/18\/defesa-de-daniel-vorcaro-sinaliza-interesse-em-acordo-de-delacao-premiada\/","title":{"rendered":"Defesa de Daniel Vorcaro sinaliza interesse em acordo de dela\u00e7\u00e3o premiada"},"content":{"rendered":"\n<figure class=\"wp-block-image size-large is-resized\"><img loading=\"lazy\" src=\"https:\/\/justicapotiguar.com.br\/wp-content\/uploads\/2026\/03\/vorcaro_.jpg\" alt=\"\" class=\"wp-image-52316\" width=\"800\" height=\"450\" srcset=\"https:\/\/justicapotiguar.com.br\/wp-content\/uploads\/2026\/03\/vorcaro_.jpg 800w, https:\/\/justicapotiguar.com.br\/wp-content\/uploads\/2026\/03\/vorcaro_-300x169.jpg 300w, https:\/\/justicapotiguar.com.br\/wp-content\/uploads\/2026\/03\/vorcaro_-768x432.jpg 768w\" sizes=\"(max-width: 800px) 100vw, 800px\" \/><figcaption>Foto: Reprodu\u00e7\u00e3o\/PF<\/figcaption><\/figure>\n\n\n\n<p>A defesa de Daniel Vorcaro, representada pelo advogado Jos\u00e9 Lu\u00eds Oliveira Lima, formalizou junto \u00e0 Pol\u00edcia Federal (PF) o interesse do empres\u00e1rio em realizar um acordo de dela\u00e7\u00e3o premiada. A iniciativa ocorre ap\u00f3s a decreta\u00e7\u00e3o da pris\u00e3o de Vorcaro na \u00faltima semana, no contexto das investiga\u00e7\u00f5es sobre fraudes financeiras no Banco Master.<\/p>\n\n\n\n<p>De acordo com informa\u00e7\u00f5es obtidas pela TV Globo, os defensores indicaram aos investigadores que Vorcaro se compromete a fornecer informa\u00e7\u00f5es completas sobre o caso. Paralelamente \u00e0 interlocu\u00e7\u00e3o com a PF, a defesa reuniu-se com o ministro Andr\u00e9 Mendon\u00e7a, relator do processo no Supremo Tribunal Federal (STF), para tratar dos desdobramentos jur\u00eddicos e da viabilidade do instrumento de colabora\u00e7\u00e3o.<\/p>\n\n\n\n<p>Nesta quarta-feira (18), o ministro Andr\u00e9 Mendon\u00e7a determinou a prorroga\u00e7\u00e3o do inqu\u00e9rito por mais 60 dias, atendendo a uma solicita\u00e7\u00e3o da Pol\u00edcia Federal. O prazo adicional visa permitir a continuidade de dilig\u00eancias consideradas essenciais para o esclarecimento dos fatos.<\/p>\n\n\n\n<p>Os investigadores da Opera\u00e7\u00e3o Compliance Zero trabalham na an\u00e1lise de um volume de dados coletados em fases anteriores. Ao todo, mais de 100 aparelhos celulares foram apreendidos, sendo oito pertencentes a Daniel Vorcaro. O material periciado inclui documentos, computadores e dispositivos m\u00f3veis vinculados \u00e0 c\u00fapula da institui\u00e7\u00e3o financeira.<\/p><div class=\"emwjk69ee3bb735e7b\" ><!--<a href=\"https:\/\/bit.ly\/3QdrqTZ\" target=\"_blank\">\n<img src=\"https:\/\/justicapotiguar.com.br\/wp-content\/uploads\/2023\/09\/mobile-geral.gif\"\/><a\/>--><\/div><style type=\"text\/css\">\r\n.emwjk69ee3bb735e7b {\r\ntext-align: center;\r\n}\r\n@media screen and (min-width: 1201px) {\r\n.emwjk69ee3bb735e7b {\r\ndisplay: none;\r\n}\r\n}\r\n@media screen and (min-width: 993px) and (max-width: 1200px) {\r\n.emwjk69ee3bb735e7b {\r\ndisplay: none;\r\n}\r\n}\r\n@media screen and (min-width: 769px) and (max-width: 992px) {\r\n.emwjk69ee3bb735e7b {\r\ndisplay: none;\r\n}\r\n}\r\n@media screen and (min-width: 768px) and (max-width: 768px) {\r\n.emwjk69ee3bb735e7b {\r\ndisplay: block;\r\n}\r\n}\r\n@media screen and (max-width: 767px) {\r\n.emwjk69ee3bb735e7b {\r\ndisplay: block;\r\n}\r\n}\r\n<\/style>\r\n<div class=\"qqooy69ee3bb735e66\" ><!--<a href=\"https:\/\/bit.ly\/3QdrqTZ\" target=\"_blank\">\n<img src=\"https:\/\/justicapotiguar.com.br\/wp-content\/uploads\/2023\/09\/desktop-geral.gif\"\/><a\/>--><\/div><style type=\"text\/css\">\r\n.qqooy69ee3bb735e66 {\r\ntext-align: center;\nmargin-bottom: 1em;\r\n}\r\n@media screen and (min-width: 1201px) {\r\n.qqooy69ee3bb735e66 {\r\ndisplay: block;\r\n}\r\n}\r\n@media screen and (min-width: 993px) and (max-width: 1200px) {\r\n.qqooy69ee3bb735e66 {\r\ndisplay: block;\r\n}\r\n}\r\n@media screen and (min-width: 769px) and (max-width: 992px) {\r\n.qqooy69ee3bb735e66 {\r\ndisplay: block;\r\n}\r\n}\r\n@media screen and (min-width: 768px) and (max-width: 768px) {\r\n.qqooy69ee3bb735e66 {\r\ndisplay: none;\r\n}\r\n}\r\n@media screen and (max-width: 767px) {\r\n.qqooy69ee3bb735e66 {\r\ndisplay: none;\r\n}\r\n}\r\n<\/style>\r\n\n\n\n\n<p>As investiga\u00e7\u00f5es apuram a exist\u00eancia de um esquema de fraudes financeiras, fabrica\u00e7\u00e3o de carteiras de cr\u00e9dito inexistentes e desvio de recursos para patrim\u00f4nios pessoais. As estimativas indicam que os preju\u00edzos aos cofres podem ultrapassar R$ 12 bilh\u00f5es.<\/p>\n\n\n\n<p>Com a manuten\u00e7\u00e3o das pris\u00f5es e o bloqueio de at\u00e9 R$ 22 bilh\u00f5es em bens determinado pelo STF, o grupo investigado poder\u00e1 responder por crimes de gest\u00e3o temer\u00e1ria, lavagem de dinheiro, corrup\u00e7\u00e3o ativa e passiva, al\u00e9m de obstru\u00e7\u00e3o de justi\u00e7a. Uma eventual homologa\u00e7\u00e3o da dela\u00e7\u00e3o premiada de Vorcaro poder\u00e1 introduzir novos elementos probat\u00f3rios ao inqu\u00e9rito.<\/p>\n\n\n\n<p><em>Fonte: Portal Terra<\/em><\/p>\n","protected":false},"excerpt":{"rendered":"<p>De acordo com informa\u00e7\u00f5es obtidas pela TV Globo, os defensores indicaram aos investigadores que Vorcaro se compromete a fornecer informa\u00e7\u00f5es completas sobre o caso. <br \/><a class=\"more-link\" href=\"https:\/\/justicapotiguar.com.br\/index.php\/2026\/03\/18\/defesa-de-daniel-vorcaro-sinaliza-interesse-em-acordo-de-delacao-premiada\/\">Mais&#8230;<\/a><\/p>\n","protected":false},"author":8,"featured_media":0,"comment_status":"open","ping_status":"open","sticky":false,"template":"","format":"standard","meta":[],"categories":[3],"tags":[],"_links":{"self":[{"href":"https:\/\/justicapotiguar.com.br\/index.php\/wp-json\/wp\/v2\/posts\/52313"}],"collection":[{"href":"https:\/\/justicapotiguar.com.br\/index.php\/wp-json\/wp\/v2\/posts"}],"about":[{"href":"https:\/\/justicapotiguar.com.br\/index.php\/wp-json\/wp\/v2\/types\/post"}],"author":[{"embeddable":true,"href":"https:\/\/justicapotiguar.com.br\/index.php\/wp-json\/wp\/v2\/users\/8"}],"replies":[{"embeddable":true,"href":"https:\/\/justicapotiguar.com.br\/index.php\/wp-json\/wp\/v2\/comments?post=52313"}],"version-history":[{"count":2,"href":"https:\/\/justicapotiguar.com.br\/index.php\/wp-json\/wp\/v2\/posts\/52313\/revisions"}],"predecessor-version":[{"id":52317,"href":"https:\/\/justicapotiguar.com.br\/index.php\/wp-json\/wp\/v2\/posts\/52313\/revisions\/52317"}],"wp:attachment":[{"href":"https:\/\/justicapotiguar.com.br\/index.php\/wp-json\/wp\/v2\/media?parent=52313"}],"wp:term":[{"taxonomy":"category","embeddable":true,"href":"https:\/\/justicapotiguar.com.br\/index.php\/wp-json\/wp\/v2\/categories?post=52313"},{"taxonomy":"post_tag","embeddable":true,"href":"https:\/\/justicapotiguar.com.br\/index.php\/wp-json\/wp\/v2\/tags?post=52313"}],"curies":[{"name":"wp","href":"https:\/\/api.w.org\/{rel}","templated":true}]}}