{"id":52308,"date":"2026-03-18T19:41:56","date_gmt":"2026-03-18T22:41:56","guid":{"rendered":"https:\/\/justicapotiguar.com.br\/?p=52308"},"modified":"2026-03-18T19:47:45","modified_gmt":"2026-03-18T22:47:45","slug":"guarda-compartilhada-de-animais-de-estimacao-segue-para-o-plenario-do-senado","status":"publish","type":"post","link":"https:\/\/justicapotiguar.com.br\/index.php\/2026\/03\/18\/guarda-compartilhada-de-animais-de-estimacao-segue-para-o-plenario-do-senado\/","title":{"rendered":"Guarda compartilhada de animais de estima\u00e7\u00e3o segue para o Plen\u00e1rio do Senado"},"content":{"rendered":"\n<figure class=\"wp-block-image size-large\"><img loading=\"lazy\" width=\"1024\" height=\"1024\" src=\"https:\/\/justicapotiguar.com.br\/wp-content\/uploads\/2026\/03\/casal-1024x1024.jpg\" alt=\"\" class=\"wp-image-52311\" srcset=\"https:\/\/justicapotiguar.com.br\/wp-content\/uploads\/2026\/03\/casal-1024x1024.jpg 1024w, https:\/\/justicapotiguar.com.br\/wp-content\/uploads\/2026\/03\/casal-300x300.jpg 300w, https:\/\/justicapotiguar.com.br\/wp-content\/uploads\/2026\/03\/casal-150x150.jpg 150w, https:\/\/justicapotiguar.com.br\/wp-content\/uploads\/2026\/03\/casal-768x768.jpg 768w, https:\/\/justicapotiguar.com.br\/wp-content\/uploads\/2026\/03\/casal-1536x1536.jpg 1536w, https:\/\/justicapotiguar.com.br\/wp-content\/uploads\/2026\/03\/casal-2048x2048.jpg 2048w\" sizes=\"(max-width: 1024px) 100vw, 1024px\" \/><figcaption>Fonte: Freepik<\/figcaption><\/figure>\n\n\n\n<p>Casais respons\u00e1veis por animal de estima\u00e7\u00e3o que se separarem poder\u00e3o ter a guarda compartilhada do pet regulamentada em lei, conforme projeto aprovado pela Comiss\u00e3o de Constitui\u00e7\u00e3o e Justi\u00e7a (CCJ) nesta quarta-feira (18).<\/p>\n\n\n\n<p>O PL 941\/2024 prev\u00ea que, se o casal n\u00e3o chegar a um acordo sobre a guarda do animal, caber\u00e1 ao juiz definir um compartilhamento equilibrado da conviv\u00eancia e das despesas. Para isso, o animal deve ser &#8220;de propriedade comum&#8221;, ou seja, ter convivido a maior parte de sua vida com o casal.<\/p>\n\n\n\n<p>A proposta, da deputada Laura Carneiro (PSD-RJ), recebeu voto favor\u00e1vel do senador Veneziano Vital do R\u00eago (MDB-PB) e segue para vota\u00e7\u00e3o no Plen\u00e1rio do Senado em car\u00e1ter de urg\u00eancia.<\/p>\n\n\n\n<p>A decis\u00e3o do juiz vai considerar fatores como ambiente adequado, condi\u00e7\u00f5es de trato, zelo, sustento e disponibilidade de tempo. As despesas com alimenta\u00e7\u00e3o e higiene ser\u00e3o de responsabilidade de quem estiver com o pet, enquanto outras despesas de manuten\u00e7\u00e3o, como consultas veterin\u00e1rias, interna\u00e7\u00f5es e medicamentos, ser\u00e3o divididas igualmente entre o casal.<\/p>\n\n\n\n<p>No entanto, a proposta pro\u00edbe a guarda compartilhada em casos de hist\u00f3rico ou risco de viol\u00eancia dom\u00e9stica ou familiar, bem como de maus-tratos ao animal. Nessas situa\u00e7\u00f5es, a posse e a propriedade ser\u00e3o transferidas para a outra parte e o agressor n\u00e3o ter\u00e1 direito \u00e0 indeniza\u00e7\u00e3o, al\u00e9m de responder por d\u00e9bitos pendentes at\u00e9 a extin\u00e7\u00e3o da guarda.<\/p><div class=\"khofq69ee3b9f8ac69\" ><!--<a href=\"https:\/\/bit.ly\/3QdrqTZ\" target=\"_blank\">\n<img src=\"https:\/\/justicapotiguar.com.br\/wp-content\/uploads\/2023\/09\/mobile-geral.gif\"\/><a\/>--><\/div><style type=\"text\/css\">\r\n.khofq69ee3b9f8ac69 {\r\ntext-align: center;\r\n}\r\n@media screen and (min-width: 1201px) {\r\n.khofq69ee3b9f8ac69 {\r\ndisplay: none;\r\n}\r\n}\r\n@media screen and (min-width: 993px) and (max-width: 1200px) {\r\n.khofq69ee3b9f8ac69 {\r\ndisplay: none;\r\n}\r\n}\r\n@media screen and (min-width: 769px) and (max-width: 992px) {\r\n.khofq69ee3b9f8ac69 {\r\ndisplay: none;\r\n}\r\n}\r\n@media screen and (min-width: 768px) and (max-width: 768px) {\r\n.khofq69ee3b9f8ac69 {\r\ndisplay: block;\r\n}\r\n}\r\n@media screen and (max-width: 767px) {\r\n.khofq69ee3b9f8ac69 {\r\ndisplay: block;\r\n}\r\n}\r\n<\/style>\r\n<div class=\"krfhe69ee3b9f8ac56\" ><!--<a href=\"https:\/\/bit.ly\/3QdrqTZ\" target=\"_blank\">\n<img src=\"https:\/\/justicapotiguar.com.br\/wp-content\/uploads\/2023\/09\/desktop-geral.gif\"\/><a\/>--><\/div><style type=\"text\/css\">\r\n.krfhe69ee3b9f8ac56 {\r\ntext-align: center;\nmargin-bottom: 1em;\r\n}\r\n@media screen and (min-width: 1201px) {\r\n.krfhe69ee3b9f8ac56 {\r\ndisplay: block;\r\n}\r\n}\r\n@media screen and (min-width: 993px) and (max-width: 1200px) {\r\n.krfhe69ee3b9f8ac56 {\r\ndisplay: block;\r\n}\r\n}\r\n@media screen and (min-width: 769px) and (max-width: 992px) {\r\n.krfhe69ee3b9f8ac56 {\r\ndisplay: block;\r\n}\r\n}\r\n@media screen and (min-width: 768px) and (max-width: 768px) {\r\n.krfhe69ee3b9f8ac56 {\r\ndisplay: none;\r\n}\r\n}\r\n@media screen and (max-width: 767px) {\r\n.krfhe69ee3b9f8ac56 {\r\ndisplay: none;\r\n}\r\n}\r\n<\/style>\r\n\n\n\n\n<p>A proposta tamb\u00e9m prev\u00ea situa\u00e7\u00f5es que levam \u00e0 perda da posse do animal. A primeira ocorre quando a pessoa renuncia \u00e0 guarda compartilhada. Nesse caso, al\u00e9m de perder a posse e a propriedade do pet, ela n\u00e3o ter\u00e1 direito a indeniza\u00e7\u00e3o e continuar\u00e1 respons\u00e1vel pelos d\u00e9bitos pendentes relativos \u00e0 guarda at\u00e9 a data da ren\u00fancia.<\/p>\n\n\n\n<p>A outra situa\u00e7\u00e3o est\u00e1 relacionada ao descumprimento imotivado e repetido dos termos da guarda compartilhada. Nesse caso, a guarda ser\u00e1 extinta e a pessoa perder\u00e1 definitivamente a posse e a propriedade do pet, sem direito \u00e0 indeniza\u00e7\u00e3o. As mesmas medidas ser\u00e3o aplicadas se forem identificados maus-tratos ou viol\u00eancia dom\u00e9stica ou familiar durante a guarda.<\/p>\n\n\n\n<p>Para Veneziano, a proposta n\u00e3o altera a natureza jur\u00eddica do direito de propriedade sobre o animal, restringindo-se a reconhecer que o v\u00ednculo afetivo estabelecido entre as pessoas e o animal de estima\u00e7\u00e3o transcende a mera posse de um objeto inanimado.<\/p>\n\n\n\n<p>\u2014 Ao transpor institutos t\u00edpicos do direito de fam\u00edlia para a regula\u00e7\u00e3o da cust\u00f3dia dos animais de estima\u00e7\u00e3o, evita-se que o animal seja utilizado como instrumento de chantagem emocional ou como forma de prolongamento de conflitos interpessoais \u2014 afirmou o relator.<\/p>\n\n\n\n<p>Ele tamb\u00e9m destacou que os mecanismos de exclus\u00e3o de cust\u00f3dia por viol\u00eancia dom\u00e9stica ou maus-tratos previstos no projeto refor\u00e7am a natureza protetiva da norma, harmonizando o direito civil com o microssistema de prote\u00e7\u00e3o \u00e0 fam\u00edlia e \u00e0 dignidade animal.<br><br><em>Fonte: Ag\u00eancia Senado<\/em><\/p>\n","protected":false},"excerpt":{"rendered":"<p>O PL 941\/2024 prev\u00ea que, se o casal n\u00e3o chegar a um acordo sobre a guarda do animal, caber\u00e1 ao juiz definir um compartilhamento equilibrado da conviv\u00eancia e das despesas. <br \/><a class=\"more-link\" href=\"https:\/\/justicapotiguar.com.br\/index.php\/2026\/03\/18\/guarda-compartilhada-de-animais-de-estimacao-segue-para-o-plenario-do-senado\/\">Mais&#8230;<\/a><\/p>\n","protected":false},"author":8,"featured_media":0,"comment_status":"open","ping_status":"open","sticky":false,"template":"","format":"standard","meta":[],"categories":[3],"tags":[],"_links":{"self":[{"href":"https:\/\/justicapotiguar.com.br\/index.php\/wp-json\/wp\/v2\/posts\/52308"}],"collection":[{"href":"https:\/\/justicapotiguar.com.br\/index.php\/wp-json\/wp\/v2\/posts"}],"about":[{"href":"https:\/\/justicapotiguar.com.br\/index.php\/wp-json\/wp\/v2\/types\/post"}],"author":[{"embeddable":true,"href":"https:\/\/justicapotiguar.com.br\/index.php\/wp-json\/wp\/v2\/users\/8"}],"replies":[{"embeddable":true,"href":"https:\/\/justicapotiguar.com.br\/index.php\/wp-json\/wp\/v2\/comments?post=52308"}],"version-history":[{"count":2,"href":"https:\/\/justicapotiguar.com.br\/index.php\/wp-json\/wp\/v2\/posts\/52308\/revisions"}],"predecessor-version":[{"id":52312,"href":"https:\/\/justicapotiguar.com.br\/index.php\/wp-json\/wp\/v2\/posts\/52308\/revisions\/52312"}],"wp:attachment":[{"href":"https:\/\/justicapotiguar.com.br\/index.php\/wp-json\/wp\/v2\/media?parent=52308"}],"wp:term":[{"taxonomy":"category","embeddable":true,"href":"https:\/\/justicapotiguar.com.br\/index.php\/wp-json\/wp\/v2\/categories?post=52308"},{"taxonomy":"post_tag","embeddable":true,"href":"https:\/\/justicapotiguar.com.br\/index.php\/wp-json\/wp\/v2\/tags?post=52308"}],"curies":[{"name":"wp","href":"https:\/\/api.w.org\/{rel}","templated":true}]}}