{"id":52302,"date":"2026-03-18T14:32:17","date_gmt":"2026-03-18T17:32:17","guid":{"rendered":"https:\/\/justicapotiguar.com.br\/?p=52302"},"modified":"2026-03-18T14:33:26","modified_gmt":"2026-03-18T17:33:26","slug":"nao-ha-justica-sem-humanidade-afirma-desembargador-amaury-moura-sobrinho","status":"publish","type":"post","link":"https:\/\/justicapotiguar.com.br\/index.php\/2026\/03\/18\/nao-ha-justica-sem-humanidade-afirma-desembargador-amaury-moura-sobrinho\/","title":{"rendered":"Desembargador Amaury Moura Sobrinho \u00e9 homenageado por 30 anos de atua\u00e7\u00e3o no TJRN"},"content":{"rendered":"\n<figure class=\"wp-block-image size-large\"><img loading=\"lazy\" width=\"1024\" height=\"768\" src=\"https:\/\/justicapotiguar.com.br\/wp-content\/uploads\/2026\/03\/TJRN1.jpg\" alt=\"\" class=\"wp-image-52303\" srcset=\"https:\/\/justicapotiguar.com.br\/wp-content\/uploads\/2026\/03\/TJRN1.jpg 1024w, https:\/\/justicapotiguar.com.br\/wp-content\/uploads\/2026\/03\/TJRN1-300x225.jpg 300w, https:\/\/justicapotiguar.com.br\/wp-content\/uploads\/2026\/03\/TJRN1-768x576.jpg 768w\" sizes=\"(max-width: 1024px) 100vw, 1024px\" \/><figcaption>Fotos: Divulga\u00e7\u00e3o\/TJRN<\/figcaption><\/figure>\n\n\n\n<p>Da primeira at\u00e9 a mais recente decis\u00e3o no Tribunal de Justi\u00e7a do Rio Grande do Norte se contabilizam 30 anos de atividade judicial, fun\u00e7\u00e3o iniciada em 15 de mar\u00e7o de 1996. Esse \u00e9 o marco atingido pelo Decano da Corte potiguar, desembargador Amaury Moura Sobrinho. Na manh\u00e3 desta quarta-feira (18\/3), o magistrado recebeu uma homenagem dos servidores e colaboradores do seu gabinete, os quais ressaltaram qualidades como \u201cserenidade e saber jur\u00eddico\u201d.<\/p>\n\n\n\n<p>\u201cO desembargador oportuniza aos servidores que trabalham com ele essa tranquilidade e capacidade de discernimento e serenidade nos julgamentos. Na condu\u00e7\u00e3o das presid\u00eancias de C\u00e2maras, por exemplo, ele sempre oferece um norte \u00e0s decis\u00f5es\u201d, comenta o servidor Tales Medeiros, que integra a assessoria do gabinete, cujo pensamento foi refor\u00e7ado pelos demais servidores, que se revezaram em discursos de agradecimento.<\/p>\n\n\n\n<p>Na reflex\u00e3o que faz sobre o tempo decorrido e as evolu\u00e7\u00f5es observadas no Judici\u00e1rio estadual, o desembargador afirma que \u201cmais do que avan\u00e7os tecnol\u00f3gicos ou administrativos, pude ver uma linha comum nesta Casa de Justi\u00e7a: o compromisso com a causa do jurisdicionado, que procurou com muita serenidade, distribuir justi\u00e7a, ao mesmo tempo em que conseguiu acompanhar o desenvolvimento e as demandas da sociedade com novas ferramentas e mais acesso\u201d, avalia Amaury Moura.<\/p>\n\n\n\n<p>Os servidores entregaram ao magistrado uma placa de reconhecimento e agradecimento pelos 30 anos como desembargador do TJRN, al\u00e9m de uma obra de arte do escultor potiguar Dem\u00e9trius Coelho.<\/p>\n\n\n\n<p>\u201cFica minha gratid\u00e3o \u00e0 dedica\u00e7\u00e3o de todos que trabalham, neste gabinete, como se fossem um s\u00f3 corpo e que, desta forma, geram uma das maiores produtividades do TJRN, a qual \u00e9 um m\u00e9rito de todos, n\u00e3o apenas meu\u201d, destacou o decano do TJRN, o qual ressaltou uma esp\u00e9cie de \u2018mantra\u2019 jur\u00eddico que afirma ter buscado manter nas \u00faltimas tr\u00eas d\u00e9cadas.<\/p>\n\n\n\n<p>\u201cN\u00e3o h\u00e1 justi\u00e7a sem humanidade. Tratar a todos com igualdade e respeito que todos merecem. Precisamos manter o esfor\u00e7o em praticar a melhor justi\u00e7a, a melhor que pudermos, com nossas limita\u00e7\u00f5es de ser humano, oferecer\u201d, comenta o desembargador, em tom emocionado durante a homenagem.<\/p>\n\n\n\n<p>O desembargador Amaury Moura Sobrinho tamb\u00e9m foi homenageado durante a sess\u00e3o, da ter\u00e7a-feira (17\/3), da 3\u00aa C\u00e2mara C\u00edvel do TJRN, da qual \u00e9 presidente. A homenagem, marcada por muita emo\u00e7\u00e3o, contou com a presen\u00e7a dos desembargadores Am\u00edlcar Maia e Jo\u00e3o Rebou\u00e7as, da ju\u00edza convocada \u00c9rika Paiva, da Procuradora de Justi\u00e7a do Minist\u00e9rio P\u00fablico do RN, Carla Amico, al\u00e9m de servidores, advogados e do filho, Djanirito de Souza Moura Neto.<\/p><div class=\"ftnup69ee3b90b5fad\" ><!--<a href=\"https:\/\/bit.ly\/3QdrqTZ\" target=\"_blank\">\n<img src=\"https:\/\/justicapotiguar.com.br\/wp-content\/uploads\/2023\/09\/mobile-geral.gif\"\/><a\/>--><\/div><style type=\"text\/css\">\r\n.ftnup69ee3b90b5fad {\r\ntext-align: center;\r\n}\r\n@media screen and (min-width: 1201px) {\r\n.ftnup69ee3b90b5fad {\r\ndisplay: none;\r\n}\r\n}\r\n@media screen and (min-width: 993px) and (max-width: 1200px) {\r\n.ftnup69ee3b90b5fad {\r\ndisplay: none;\r\n}\r\n}\r\n@media screen and (min-width: 769px) and (max-width: 992px) {\r\n.ftnup69ee3b90b5fad {\r\ndisplay: none;\r\n}\r\n}\r\n@media screen and (min-width: 768px) and (max-width: 768px) {\r\n.ftnup69ee3b90b5fad {\r\ndisplay: block;\r\n}\r\n}\r\n@media screen and (max-width: 767px) {\r\n.ftnup69ee3b90b5fad {\r\ndisplay: block;\r\n}\r\n}\r\n<\/style>\r\n<div class=\"cgnst69ee3b90b5f97\" ><!--<a href=\"https:\/\/bit.ly\/3QdrqTZ\" target=\"_blank\">\n<img src=\"https:\/\/justicapotiguar.com.br\/wp-content\/uploads\/2023\/09\/desktop-geral.gif\"\/><a\/>--><\/div><style type=\"text\/css\">\r\n.cgnst69ee3b90b5f97 {\r\ntext-align: center;\nmargin-bottom: 1em;\r\n}\r\n@media screen and (min-width: 1201px) {\r\n.cgnst69ee3b90b5f97 {\r\ndisplay: block;\r\n}\r\n}\r\n@media screen and (min-width: 993px) and (max-width: 1200px) {\r\n.cgnst69ee3b90b5f97 {\r\ndisplay: block;\r\n}\r\n}\r\n@media screen and (min-width: 769px) and (max-width: 992px) {\r\n.cgnst69ee3b90b5f97 {\r\ndisplay: block;\r\n}\r\n}\r\n@media screen and (min-width: 768px) and (max-width: 768px) {\r\n.cgnst69ee3b90b5f97 {\r\ndisplay: none;\r\n}\r\n}\r\n@media screen and (max-width: 767px) {\r\n.cgnst69ee3b90b5f97 {\r\ndisplay: none;\r\n}\r\n}\r\n<\/style>\r\n\n\n\n\n<figure class=\"wp-block-image size-large\"><img loading=\"lazy\" width=\"1024\" height=\"576\" src=\"https:\/\/justicapotiguar.com.br\/wp-content\/uploads\/2026\/03\/TJRN2.jpg\" alt=\"\" class=\"wp-image-52304\" srcset=\"https:\/\/justicapotiguar.com.br\/wp-content\/uploads\/2026\/03\/TJRN2.jpg 1024w, https:\/\/justicapotiguar.com.br\/wp-content\/uploads\/2026\/03\/TJRN2-300x169.jpg 300w, https:\/\/justicapotiguar.com.br\/wp-content\/uploads\/2026\/03\/TJRN2-768x432.jpg 768w\" sizes=\"(max-width: 1024px) 100vw, 1024px\" \/><\/figure>\n\n\n\n<p>Durante a sess\u00e3o, o desembargador Jo\u00e3o Rebou\u00e7as leu refer\u00eancia honor\u00edfica, escrita por servidores do gabinete do homenageado. No discurso, foi destacada sua reputa\u00e7\u00e3o, marcada pela \u201cfidalguia do trato, retid\u00e3o de car\u00e1ter, serenidade no julgamento e pela absoluta fidelidade aos princ\u00edpios da Justi\u00e7a e da legalidade\u201d.<\/p>\n\n\n\n<p>Ainda conforme a carta, ao alcan\u00e7ar 30 anos de carreira, \u201co desembargador Amaury Moura Sobrinho atinge uma marca que transcende o tempo cronol\u00f3gico e se projeta como verdadeiro s\u00edmbolo de dedica\u00e7\u00e3o \u00e0 causa do direito e respeito \u00e0 humanidade. \u00c9 uma trajet\u00f3ria que honra a magistratura potiguar\u201d.<\/p>\n\n\n\n<p>Em seguida, o servidor Roosewelt Muniz Marinho refor\u00e7ou o conte\u00fado da homenagem, destacando que \u201co documento buscou externar o sentimento que a equipe possui pelo senhor, n\u00e3o poder\u00edamos deixar passar esse momento\u201d.<\/p>\n\n\n\n<p>O desembargador Am\u00edlcar Maia destacou a \u201cseguran\u00e7a de estar presente na C\u00e2mara com a presen\u00e7a de vossa excel\u00eancia\u201d. O desembargador, que tamb\u00e9m \u00e9 diretor da Esmarn, pontuou que esse sentimento \u00e9 partilhado por todos que convivem com o desembargador Amaury.<br>Os elogios foram refor\u00e7ados pela ju\u00edza convocada \u00c9rika Paiva, que salientou o reconhecimento e as homenagens como aspectos positivos de uma boa lideran\u00e7a.<\/p>\n\n\n\n<p>\u201cSer l\u00edder, ser admirado e ser respeitado pelos liderados \u00e9 um grande presente para qualquer profissional que dirige uma equipe. \u00c9 algo bonito de ser ver, mas n\u00e3o dif\u00edcil de entender. No in\u00edcio de minha carreira, eu passei a admirar a prud\u00eancia, o esp\u00edrito mediador e conciliador do senhor\u201d, afirmou.<\/p>\n\n\n\n<p>Emocionado, o desembargador Amaury Moura expressou estar \u201cextremamente gratificado e emocionado\u201d. O homenageado tamb\u00e9m ressaltou a rela\u00e7\u00e3o que possui com os servidores de seu gabinete, bem como com os demais desembargadores, magistrados e membros do Minist\u00e9rio P\u00fablico do RN.<br><br><em>Fonte: TJRN<\/em><\/p>\n","protected":false},"excerpt":{"rendered":"<p>Na manh\u00e3 desta quarta-feira (18\/3), o magistrado recebeu uma homenagem dos servidores e colaboradores do seu gabinete, os quais ressaltaram qualidades como \u201cserenidade e saber jur\u00eddico\u201d.<br \/><a class=\"more-link\" href=\"https:\/\/justicapotiguar.com.br\/index.php\/2026\/03\/18\/nao-ha-justica-sem-humanidade-afirma-desembargador-amaury-moura-sobrinho\/\">Mais&#8230;<\/a><\/p>\n","protected":false},"author":8,"featured_media":0,"comment_status":"open","ping_status":"open","sticky":false,"template":"","format":"standard","meta":[],"categories":[3],"tags":[],"_links":{"self":[{"href":"https:\/\/justicapotiguar.com.br\/index.php\/wp-json\/wp\/v2\/posts\/52302"}],"collection":[{"href":"https:\/\/justicapotiguar.com.br\/index.php\/wp-json\/wp\/v2\/posts"}],"about":[{"href":"https:\/\/justicapotiguar.com.br\/index.php\/wp-json\/wp\/v2\/types\/post"}],"author":[{"embeddable":true,"href":"https:\/\/justicapotiguar.com.br\/index.php\/wp-json\/wp\/v2\/users\/8"}],"replies":[{"embeddable":true,"href":"https:\/\/justicapotiguar.com.br\/index.php\/wp-json\/wp\/v2\/comments?post=52302"}],"version-history":[{"count":3,"href":"https:\/\/justicapotiguar.com.br\/index.php\/wp-json\/wp\/v2\/posts\/52302\/revisions"}],"predecessor-version":[{"id":52307,"href":"https:\/\/justicapotiguar.com.br\/index.php\/wp-json\/wp\/v2\/posts\/52302\/revisions\/52307"}],"wp:attachment":[{"href":"https:\/\/justicapotiguar.com.br\/index.php\/wp-json\/wp\/v2\/media?parent=52302"}],"wp:term":[{"taxonomy":"category","embeddable":true,"href":"https:\/\/justicapotiguar.com.br\/index.php\/wp-json\/wp\/v2\/categories?post=52302"},{"taxonomy":"post_tag","embeddable":true,"href":"https:\/\/justicapotiguar.com.br\/index.php\/wp-json\/wp\/v2\/tags?post=52302"}],"curies":[{"name":"wp","href":"https:\/\/api.w.org\/{rel}","templated":true}]}}