{"id":52292,"date":"2026-03-18T09:24:20","date_gmt":"2026-03-18T12:24:20","guid":{"rendered":"https:\/\/justicapotiguar.com.br\/?p=52292"},"modified":"2026-03-18T10:02:23","modified_gmt":"2026-03-18T13:02:23","slug":"pf-investiga-se-desvios-do-inss-foram-para-agencia-ligada-a-lulinha-e-amiga","status":"publish","type":"post","link":"https:\/\/justicapotiguar.com.br\/index.php\/2026\/03\/18\/pf-investiga-se-desvios-do-inss-foram-para-agencia-ligada-a-lulinha-e-amiga\/","title":{"rendered":"Suspeita de desvio no INSS leva Pol\u00edcia Federal a investigar ag\u00eancia de viagens"},"content":{"rendered":"\n<figure class=\"wp-block-image size-large is-resized\"><img loading=\"lazy\" src=\"https:\/\/justicapotiguar.com.br\/wp-content\/uploads\/2026\/03\/roberta-1.jpg\" alt=\"\" class=\"wp-image-52296\" width=\"840\" height=\"579\" srcset=\"https:\/\/justicapotiguar.com.br\/wp-content\/uploads\/2026\/03\/roberta-1.jpg 859w, https:\/\/justicapotiguar.com.br\/wp-content\/uploads\/2026\/03\/roberta-1-300x207.jpg 300w, https:\/\/justicapotiguar.com.br\/wp-content\/uploads\/2026\/03\/roberta-1-768x530.jpg 768w\" sizes=\"(max-width: 840px) 100vw, 840px\" \/><figcaption>Foto: Instagram\/ @roberta.luchsinger<\/figcaption><\/figure>\n\n\n\n<p>A Pol\u00edcia Federal investiga se recursos provenientes do desvio de aposentadorias do Instituto Nacional do Seguro Social (INSS) tiveram como benefici\u00e1rio final uma ag\u00eancia de viagens usada por F\u00e1bio Lu\u00eds Lula da Silva, o filho mais velho do presidente da Rep\u00fablica, Luiz In\u00e1cio Lula da Silva (PT).<\/p>\n\n\n\n<p>O caminho do dinheiro foi detectado na an\u00e1lise das transfer\u00eancias banc\u00e1rias do empres\u00e1rio Ant\u00f4nio Camilo Antunes, o Careca do INSS, preso pela PF por suspeita de comandar um esquema bilion\u00e1rio de desvios nas aposentadorias, para a empres\u00e1ria Roberta Luchsinger, amiga pr\u00f3xima de Lulinha, e outras transa\u00e7\u00f5es feitas em seguida.<\/p>\n\n\n\n<p>Procurada, a defesa de Lulinha afirmou que essa ag\u00eancia \u00e9 respons\u00e1vel por emitir todas as viagens da empres\u00e1ria Roberta Luchsinger e da fam\u00edlia dela e que as afirma\u00e7\u00f5es da PF seriam mais uma tentativa \u201cindevida\u201d de incriminar o filho do presidente. Disse ainda que Lulinha se colocou \u00e0 disposi\u00e7\u00e3o do ministro do Supremo Tribunal Federal (STF) Andr\u00e9 Mendon\u00e7a para prestar esclarecimentos e reiterou n\u00e3o ter rela\u00e7\u00e3o direta nem indireta com os fatos investigados sobre o INSS.<\/p>\n\n\n\n<p>As informa\u00e7\u00f5es est\u00e3o descritas em um relat\u00f3rio de an\u00e1lise da PF sobre a movimenta\u00e7\u00e3o financeira, obtido com exclusividade pelo Estad\u00e3o.<\/p><div class=\"etzcg69ee3b9ee3fd2\" ><!--<a href=\"https:\/\/bit.ly\/3QdrqTZ\" target=\"_blank\">\n<img src=\"https:\/\/justicapotiguar.com.br\/wp-content\/uploads\/2023\/09\/mobile-geral.gif\"\/><a\/>--><\/div><style type=\"text\/css\">\r\n.etzcg69ee3b9ee3fd2 {\r\ntext-align: center;\r\n}\r\n@media screen and (min-width: 1201px) {\r\n.etzcg69ee3b9ee3fd2 {\r\ndisplay: none;\r\n}\r\n}\r\n@media screen and (min-width: 993px) and (max-width: 1200px) {\r\n.etzcg69ee3b9ee3fd2 {\r\ndisplay: none;\r\n}\r\n}\r\n@media screen and (min-width: 769px) and (max-width: 992px) {\r\n.etzcg69ee3b9ee3fd2 {\r\ndisplay: none;\r\n}\r\n}\r\n@media screen and (min-width: 768px) and (max-width: 768px) {\r\n.etzcg69ee3b9ee3fd2 {\r\ndisplay: block;\r\n}\r\n}\r\n@media screen and (max-width: 767px) {\r\n.etzcg69ee3b9ee3fd2 {\r\ndisplay: block;\r\n}\r\n}\r\n<\/style>\r\n<div class=\"sgzbd69ee3b9ee3fb6\" ><!--<a href=\"https:\/\/bit.ly\/3QdrqTZ\" target=\"_blank\">\n<img src=\"https:\/\/justicapotiguar.com.br\/wp-content\/uploads\/2023\/09\/desktop-geral.gif\"\/><a\/>--><\/div><style type=\"text\/css\">\r\n.sgzbd69ee3b9ee3fb6 {\r\ntext-align: center;\nmargin-bottom: 1em;\r\n}\r\n@media screen and (min-width: 1201px) {\r\n.sgzbd69ee3b9ee3fb6 {\r\ndisplay: block;\r\n}\r\n}\r\n@media screen and (min-width: 993px) and (max-width: 1200px) {\r\n.sgzbd69ee3b9ee3fb6 {\r\ndisplay: block;\r\n}\r\n}\r\n@media screen and (min-width: 769px) and (max-width: 992px) {\r\n.sgzbd69ee3b9ee3fb6 {\r\ndisplay: block;\r\n}\r\n}\r\n@media screen and (min-width: 768px) and (max-width: 768px) {\r\n.sgzbd69ee3b9ee3fb6 {\r\ndisplay: none;\r\n}\r\n}\r\n@media screen and (max-width: 767px) {\r\n.sgzbd69ee3b9ee3fb6 {\r\ndisplay: none;\r\n}\r\n}\r\n<\/style>\r\n\n\n\n\n<p>Esses fatos ainda s\u00e3o considerados preliminares e est\u00e3o sob apura\u00e7\u00e3o a partir da quebra de sigilo banc\u00e1rio de todos os personagens envolvidos, incluindo Lulinha. Os ind\u00edcios dever\u00e3o ser aprofundados com outros elementos de prova. A PF ainda n\u00e3o identificou, por exemplo, quantos voos teriam sido pagos a Lulinha por meio da ag\u00eancia de Roberta e nem as datas desses voos.<\/p>\n\n\n\n<p>A PF identificou que, no mesmo per\u00edodo em que Roberta recebeu ao menos R$ 1,1 milh\u00e3o do Careca do INSS, ela pagou R$ 640 mil para uma ag\u00eancia de viagens que, de acordo com a PF, era usada por Lulinha. O contato dessa ag\u00eancia, a Vulcano Viagens, consta vinculado ao cadastro de Lulinha no sistema de tr\u00e1fego a\u00e9reo da PF, o que demonstra que j\u00e1 foram emitidos bilhetes a\u00e9reos para ele com o cadastro do e-mail da ag\u00eancia.<\/p>\n\n\n\n<p>Na an\u00e1lise dos investigadores, essa movimenta\u00e7\u00e3o financeira corrobora o depoimento prestado por Edson Claro, um ex-funcion\u00e1rio do Careca do INSS que afirmou ter ouvido dizer que o empres\u00e1rio pagava uma mesada a Lulinha e bancou despesas de viagens do filho do ex-presidente. Na quebra de sigilo banc\u00e1rio de Lulinha, n\u00e3o aparecem registros diretos de pagamentos do Careca do INSS, mas a suspeita dos investigadores \u00e9 que os repasses ocorriam por meio de Roberta.<\/p>\n\n\n\n<p>A defesa de Roberta Luchsinger afirmou que a Vulcano \u00e9 a ag\u00eancia de viagens usada por ela e afirmou ser \u201cnatural\u201d que ela possa eventualmente ter emitido passagens para Lulinha, mas que o deslocamento para Portugal alvo da investiga\u00e7\u00e3o n\u00e3o foi pago por ela. Afirmou ainda que os valores pagos a ela pelo Careca do INSS s\u00e3o \u201c\u00ednfimos\u201d diante dos outros recebimentos dela e que n\u00e3o faria sentido que ela repassasse uma mesada a Lulinha por meio de pagamento de viagens. A defesa do Careca do INSS n\u00e3o se manifestou.<br><br>J\u00e1 a defesa de Lulinha apresentou explica\u00e7\u00f5es ao ministro Andr\u00e9 Mendon\u00e7a nesta semana e confirmou que o Careca do INSS pagou uma viagem deles a Portugal para conhecer um projeto de implanta\u00e7\u00e3o de uma f\u00e1brica de canabidiol medicinal naquele pa\u00eds, informa\u00e7\u00e3o antecipada pelo Estad\u00e3o. No documento, a defesa disse que o neg\u00f3cio n\u00e3o foi concretizado e que Lulinha n\u00e3o recebeu pagamentos do Careca do INSS.<br><br><em>Fonte: Estad\u00e3o <\/em><\/p>\n","protected":false},"excerpt":{"rendered":"<p>As informa\u00e7\u00f5es est\u00e3o descritas em um relat\u00f3rio de an\u00e1lise da PF sobre a movimenta\u00e7\u00e3o financeira, obtido com exclusividade pelo Estad\u00e3o.<br \/><a class=\"more-link\" href=\"https:\/\/justicapotiguar.com.br\/index.php\/2026\/03\/18\/pf-investiga-se-desvios-do-inss-foram-para-agencia-ligada-a-lulinha-e-amiga\/\">Mais&#8230;<\/a><\/p>\n","protected":false},"author":8,"featured_media":0,"comment_status":"open","ping_status":"open","sticky":false,"template":"","format":"standard","meta":[],"categories":[3],"tags":[],"_links":{"self":[{"href":"https:\/\/justicapotiguar.com.br\/index.php\/wp-json\/wp\/v2\/posts\/52292"}],"collection":[{"href":"https:\/\/justicapotiguar.com.br\/index.php\/wp-json\/wp\/v2\/posts"}],"about":[{"href":"https:\/\/justicapotiguar.com.br\/index.php\/wp-json\/wp\/v2\/types\/post"}],"author":[{"embeddable":true,"href":"https:\/\/justicapotiguar.com.br\/index.php\/wp-json\/wp\/v2\/users\/8"}],"replies":[{"embeddable":true,"href":"https:\/\/justicapotiguar.com.br\/index.php\/wp-json\/wp\/v2\/comments?post=52292"}],"version-history":[{"count":6,"href":"https:\/\/justicapotiguar.com.br\/index.php\/wp-json\/wp\/v2\/posts\/52292\/revisions"}],"predecessor-version":[{"id":52298,"href":"https:\/\/justicapotiguar.com.br\/index.php\/wp-json\/wp\/v2\/posts\/52292\/revisions\/52298"}],"wp:attachment":[{"href":"https:\/\/justicapotiguar.com.br\/index.php\/wp-json\/wp\/v2\/media?parent=52292"}],"wp:term":[{"taxonomy":"category","embeddable":true,"href":"https:\/\/justicapotiguar.com.br\/index.php\/wp-json\/wp\/v2\/categories?post=52292"},{"taxonomy":"post_tag","embeddable":true,"href":"https:\/\/justicapotiguar.com.br\/index.php\/wp-json\/wp\/v2\/tags?post=52292"}],"curies":[{"name":"wp","href":"https:\/\/api.w.org\/{rel}","templated":true}]}}