{"id":52287,"date":"2026-03-18T08:52:51","date_gmt":"2026-03-18T11:52:51","guid":{"rendered":"https:\/\/justicapotiguar.com.br\/?p=52287"},"modified":"2026-03-18T09:16:13","modified_gmt":"2026-03-18T12:16:13","slug":"cnj-resiste-a-acabar-com-aposentadoria-remunerada-para-punir-magistrados","status":"publish","type":"post","link":"https:\/\/justicapotiguar.com.br\/index.php\/2026\/03\/18\/cnj-resiste-a-acabar-com-aposentadoria-remunerada-para-punir-magistrados\/","title":{"rendered":"CNJ resiste a acabar com aposentadoria remunerada para punir magistrados"},"content":{"rendered":"\n<figure class=\"wp-block-image size-large\"><img loading=\"lazy\" width=\"799\" height=\"533\" src=\"https:\/\/justicapotiguar.com.br\/wp-content\/uploads\/2026\/03\/CNJ-2.jpg\" alt=\"\" class=\"wp-image-52289\" srcset=\"https:\/\/justicapotiguar.com.br\/wp-content\/uploads\/2026\/03\/CNJ-2.jpg 799w, https:\/\/justicapotiguar.com.br\/wp-content\/uploads\/2026\/03\/CNJ-2-300x200.jpg 300w, https:\/\/justicapotiguar.com.br\/wp-content\/uploads\/2026\/03\/CNJ-2-768x512.jpg 768w\" sizes=\"(max-width: 799px) 100vw, 799px\" \/><figcaption>Foto: Ana Ara\u00fajo\/CNJ<\/figcaption><\/figure>\n\n\n\n<p>O CNJ (Conselho Nacional de Justi\u00e7a) vai esperar o plen\u00e1rio do Supremo Tribunal Federal decidir sobre a suspens\u00e3o da aposentadoria compuls\u00f3ria antes de aplicar as novas regras. Os conselheiros entendem que a decis\u00e3o do ministro Fl\u00e1vio Dino, que acabou com a puni\u00e7\u00e3o para infra\u00e7\u00f5es graves de magistrados, carece de esclarecimentos sobre como ser\u00e1 a aplica\u00e7\u00e3o da nova regra.<\/p>\n\n\n\n<p>Dino assegurou a um dos conselheiros que, caso seja apresentado um recurso contra a sua decis\u00e3o, ele levar\u00e1 o caso para que o plen\u00e1rio decida de forma colegiada sobre as regras v\u00e1lidas para punir ju\u00edzes infratores.<\/p>\n\n\n\n<p>Na 2\u00aa feira (16.mar.2026), o ministro determinou a retirada da aposentadoria compuls\u00f3ria do rol de puni\u00e7\u00f5es para ju\u00edzes alvos de processos administrativos. O ministro entendeu que a Reforma da Previd\u00eancia, Emenda Constitucional 103\/2019, estabelece apenas a remo\u00e7\u00e3o do cargo como puni\u00e7\u00e3o mais grave.<\/p><div class=\"dgcaz69ee3d7cd6012\" ><!--<a href=\"https:\/\/bit.ly\/3QdrqTZ\" target=\"_blank\">\n<img src=\"https:\/\/justicapotiguar.com.br\/wp-content\/uploads\/2023\/09\/mobile-geral.gif\"\/><a\/>--><\/div><style type=\"text\/css\">\r\n.dgcaz69ee3d7cd6012 {\r\ntext-align: center;\r\n}\r\n@media screen and (min-width: 1201px) {\r\n.dgcaz69ee3d7cd6012 {\r\ndisplay: none;\r\n}\r\n}\r\n@media screen and (min-width: 993px) and (max-width: 1200px) {\r\n.dgcaz69ee3d7cd6012 {\r\ndisplay: none;\r\n}\r\n}\r\n@media screen and (min-width: 769px) and (max-width: 992px) {\r\n.dgcaz69ee3d7cd6012 {\r\ndisplay: none;\r\n}\r\n}\r\n@media screen and (min-width: 768px) and (max-width: 768px) {\r\n.dgcaz69ee3d7cd6012 {\r\ndisplay: block;\r\n}\r\n}\r\n@media screen and (max-width: 767px) {\r\n.dgcaz69ee3d7cd6012 {\r\ndisplay: block;\r\n}\r\n}\r\n<\/style>\r\n<div class=\"uqfkb69ee3d7cd5fff\" ><!--<a href=\"https:\/\/bit.ly\/3QdrqTZ\" target=\"_blank\">\n<img src=\"https:\/\/justicapotiguar.com.br\/wp-content\/uploads\/2023\/09\/desktop-geral.gif\"\/><a\/>--><\/div><style type=\"text\/css\">\r\n.uqfkb69ee3d7cd5fff {\r\ntext-align: center;\nmargin-bottom: 1em;\r\n}\r\n@media screen and (min-width: 1201px) {\r\n.uqfkb69ee3d7cd5fff {\r\ndisplay: block;\r\n}\r\n}\r\n@media screen and (min-width: 993px) and (max-width: 1200px) {\r\n.uqfkb69ee3d7cd5fff {\r\ndisplay: block;\r\n}\r\n}\r\n@media screen and (min-width: 769px) and (max-width: 992px) {\r\n.uqfkb69ee3d7cd5fff {\r\ndisplay: block;\r\n}\r\n}\r\n@media screen and (min-width: 768px) and (max-width: 768px) {\r\n.uqfkb69ee3d7cd5fff {\r\ndisplay: none;\r\n}\r\n}\r\n@media screen and (max-width: 767px) {\r\n.uqfkb69ee3d7cd5fff {\r\ndisplay: none;\r\n}\r\n}\r\n<\/style>\r\n\n\n\n\n<p>\u201cEm face da mudan\u00e7a constitucional e \u00e0 luz do princ\u00edpio da moralidade, infra\u00e7\u00f5es graves de magistrados devem ser punidas com a perda do cargo, com rito adequado ao princ\u00edpio da razo\u00e1vel dura\u00e7\u00e3o do processo, mediante atua\u00e7\u00e3o do Conselho Nacional de Justi\u00e7a e do Supremo Tribunal Federal\u201d, declarou.<\/p>\n\n\n\n<p>Dino julgou uma a\u00e7\u00e3o de um juiz que pedia a revis\u00e3o de decis\u00e3o do CNJ que o aposentou compulsoriamente. O ministro, contudo, entendendo que cabe ao STF apenas revisar as decis\u00f5es do \u00f3rg\u00e3o de correi\u00e7\u00e3o, n\u00e3o apenas afastou a aposentadoria compuls\u00f3ria no caso concreto como ampliou a regra para todo o Judici\u00e1rio. O CNJ foi notificado sobre a determina\u00e7\u00e3o.<\/p>\n\n\n\n<p><em>Fonte: Poder360<\/em><\/p>\n","protected":false},"excerpt":{"rendered":"<p>Dino assegurou a um dos conselheiros que, caso seja apresentado um recurso contra a sua decis\u00e3o, ele levar\u00e1 o caso para que o plen\u00e1rio decida de forma colegiada sobre as regras.<br \/><a class=\"more-link\" href=\"https:\/\/justicapotiguar.com.br\/index.php\/2026\/03\/18\/cnj-resiste-a-acabar-com-aposentadoria-remunerada-para-punir-magistrados\/\">Mais&#8230;<\/a><\/p>\n","protected":false},"author":8,"featured_media":0,"comment_status":"open","ping_status":"open","sticky":false,"template":"","format":"standard","meta":[],"categories":[3],"tags":[],"_links":{"self":[{"href":"https:\/\/justicapotiguar.com.br\/index.php\/wp-json\/wp\/v2\/posts\/52287"}],"collection":[{"href":"https:\/\/justicapotiguar.com.br\/index.php\/wp-json\/wp\/v2\/posts"}],"about":[{"href":"https:\/\/justicapotiguar.com.br\/index.php\/wp-json\/wp\/v2\/types\/post"}],"author":[{"embeddable":true,"href":"https:\/\/justicapotiguar.com.br\/index.php\/wp-json\/wp\/v2\/users\/8"}],"replies":[{"embeddable":true,"href":"https:\/\/justicapotiguar.com.br\/index.php\/wp-json\/wp\/v2\/comments?post=52287"}],"version-history":[{"count":3,"href":"https:\/\/justicapotiguar.com.br\/index.php\/wp-json\/wp\/v2\/posts\/52287\/revisions"}],"predecessor-version":[{"id":52291,"href":"https:\/\/justicapotiguar.com.br\/index.php\/wp-json\/wp\/v2\/posts\/52287\/revisions\/52291"}],"wp:attachment":[{"href":"https:\/\/justicapotiguar.com.br\/index.php\/wp-json\/wp\/v2\/media?parent=52287"}],"wp:term":[{"taxonomy":"category","embeddable":true,"href":"https:\/\/justicapotiguar.com.br\/index.php\/wp-json\/wp\/v2\/categories?post=52287"},{"taxonomy":"post_tag","embeddable":true,"href":"https:\/\/justicapotiguar.com.br\/index.php\/wp-json\/wp\/v2\/tags?post=52287"}],"curies":[{"name":"wp","href":"https:\/\/api.w.org\/{rel}","templated":true}]}}