{"id":52271,"date":"2026-03-17T19:52:41","date_gmt":"2026-03-17T22:52:41","guid":{"rendered":"https:\/\/justicapotiguar.com.br\/?p=52271"},"modified":"2026-03-17T20:59:36","modified_gmt":"2026-03-17T23:59:36","slug":"caso-zaira-pm-foi-promovido-recebeu-quase-r-600-mil-em-salarios-durante-a-prisao","status":"publish","type":"post","link":"https:\/\/justicapotiguar.com.br\/index.php\/2026\/03\/17\/caso-zaira-pm-foi-promovido-recebeu-quase-r-600-mil-em-salarios-durante-a-prisao\/","title":{"rendered":"Caso Zaira: PM foi promovido e recebeu quase R$ 600 mil em sal\u00e1rios durante a pris\u00e3o"},"content":{"rendered":"\n<figure class=\"wp-block-image size-large\"><img loading=\"lazy\" width=\"680\" height=\"384\" src=\"https:\/\/justicapotiguar.com.br\/wp-content\/uploads\/2026\/03\/caso-zaira.jpg\" alt=\"\" class=\"wp-image-52272\" srcset=\"https:\/\/justicapotiguar.com.br\/wp-content\/uploads\/2026\/03\/caso-zaira.jpg 680w, https:\/\/justicapotiguar.com.br\/wp-content\/uploads\/2026\/03\/caso-zaira-300x169.jpg 300w\" sizes=\"(max-width: 680px) 100vw, 680px\" \/><figcaption>Fotos: Reprodu\u00e7\u00e3o<\/figcaption><\/figure>\n\n\n\n<p>O sargento da Pol\u00edcia Militar Pedro In\u00e1cio Ara\u00fajo de Maria, condenado pela morte da estudante Zaira Cruz, de 22 anos, foi promovido duas vezes e continuou recebendo sal\u00e1rios durante cerca de sete anos em que esteve preso sob cust\u00f3dia da corpora\u00e7\u00e3o no Rio Grande do Norte.<\/p>\n\n\n\n<p>Nesse per\u00edodo, a remunera\u00e7\u00e3o mais que dobrou: passou de pouco mais de R$ 4 mil, em mar\u00e7o de 2019, para mais de R$ 10,6 mil em fevereiro deste ano, segundo o Portal da Transpar\u00eancia. Considerando 13 sal\u00e1rios por ano, ele recebeu quase R$ 600 mil brutos no per\u00edodo.<\/p>\n\n\n\n<p>Preso em 2019 como cabo, foi promovido a terceiro e depois a segundo sargento enquanto aguardava julgamento.<br><br>Segundo o comandante-geral da PM, coronel Alarico Azevedo, as promo\u00e7\u00f5es ocorreram porque n\u00e3o havia condena\u00e7\u00e3o definitiva. \u201cA legisla\u00e7\u00e3o militar permite promo\u00e7\u00e3o mesmo sem tr\u00e2nsito em julgado\u201d, explicou.<\/p><div class=\"xdkct69ee3d7cd6a46\" ><!--<a href=\"https:\/\/bit.ly\/3QdrqTZ\" target=\"_blank\">\n<img src=\"https:\/\/justicapotiguar.com.br\/wp-content\/uploads\/2023\/09\/mobile-geral.gif\"\/><a\/>--><\/div><style type=\"text\/css\">\r\n.xdkct69ee3d7cd6a46 {\r\ntext-align: center;\r\n}\r\n@media screen and (min-width: 1201px) {\r\n.xdkct69ee3d7cd6a46 {\r\ndisplay: none;\r\n}\r\n}\r\n@media screen and (min-width: 993px) and (max-width: 1200px) {\r\n.xdkct69ee3d7cd6a46 {\r\ndisplay: none;\r\n}\r\n}\r\n@media screen and (min-width: 769px) and (max-width: 992px) {\r\n.xdkct69ee3d7cd6a46 {\r\ndisplay: none;\r\n}\r\n}\r\n@media screen and (min-width: 768px) and (max-width: 768px) {\r\n.xdkct69ee3d7cd6a46 {\r\ndisplay: block;\r\n}\r\n}\r\n@media screen and (max-width: 767px) {\r\n.xdkct69ee3d7cd6a46 {\r\ndisplay: block;\r\n}\r\n}\r\n<\/style>\r\n<div class=\"bgnuz69ee3d7cd6a32\" ><!--<a href=\"https:\/\/bit.ly\/3QdrqTZ\" target=\"_blank\">\n<img src=\"https:\/\/justicapotiguar.com.br\/wp-content\/uploads\/2023\/09\/desktop-geral.gif\"\/><a\/>--><\/div><style type=\"text\/css\">\r\n.bgnuz69ee3d7cd6a32 {\r\ntext-align: center;\nmargin-bottom: 1em;\r\n}\r\n@media screen and (min-width: 1201px) {\r\n.bgnuz69ee3d7cd6a32 {\r\ndisplay: block;\r\n}\r\n}\r\n@media screen and (min-width: 993px) and (max-width: 1200px) {\r\n.bgnuz69ee3d7cd6a32 {\r\ndisplay: block;\r\n}\r\n}\r\n@media screen and (min-width: 769px) and (max-width: 992px) {\r\n.bgnuz69ee3d7cd6a32 {\r\ndisplay: block;\r\n}\r\n}\r\n@media screen and (min-width: 768px) and (max-width: 768px) {\r\n.bgnuz69ee3d7cd6a32 {\r\ndisplay: none;\r\n}\r\n}\r\n@media screen and (max-width: 767px) {\r\n.bgnuz69ee3d7cd6a32 {\r\ndisplay: none;\r\n}\r\n}\r\n<\/style>\r\n\n\n\n\n<p>Durante todo esse tempo, ele permaneceu vinculado \u00e0 corpora\u00e7\u00e3o e sob cust\u00f3dia da pr\u00f3pria PM.<\/p>\n\n\n\n<p>Pedro In\u00e1cio foi condenado em dezembro de 2025 a 20 anos de pris\u00e3o por estuprar e matar a jovem Zaira Cruz durante o Carnaval de 2019, em Caic\u00f3. Segundo a investiga\u00e7\u00e3o, ele mantinha um relacionamento com a v\u00edtima, a estuprou duas vezes e a matou por estrangulamento.<\/p>\n\n\n\n<p>Nesta semana, a Justi\u00e7a autorizou a progress\u00e3o para o regime semiaberto, com uso de tornozeleira eletr\u00f4nica e restri\u00e7\u00f5es de hor\u00e1rio.  <br><br><em>Com informa\u00e7\u00f5es do portal g1<\/em><\/p>\n","protected":false},"excerpt":{"rendered":"<p>Segundo o comandante-geral da PM, coronel Alarico Azevedo, as promo\u00e7\u00f5es ocorreram porque n\u00e3o havia condena\u00e7\u00e3o definitiva. <br \/><a class=\"more-link\" href=\"https:\/\/justicapotiguar.com.br\/index.php\/2026\/03\/17\/caso-zaira-pm-foi-promovido-recebeu-quase-r-600-mil-em-salarios-durante-a-prisao\/\">Mais&#8230;<\/a><\/p>\n","protected":false},"author":8,"featured_media":0,"comment_status":"open","ping_status":"open","sticky":false,"template":"","format":"standard","meta":[],"categories":[3],"tags":[],"_links":{"self":[{"href":"https:\/\/justicapotiguar.com.br\/index.php\/wp-json\/wp\/v2\/posts\/52271"}],"collection":[{"href":"https:\/\/justicapotiguar.com.br\/index.php\/wp-json\/wp\/v2\/posts"}],"about":[{"href":"https:\/\/justicapotiguar.com.br\/index.php\/wp-json\/wp\/v2\/types\/post"}],"author":[{"embeddable":true,"href":"https:\/\/justicapotiguar.com.br\/index.php\/wp-json\/wp\/v2\/users\/8"}],"replies":[{"embeddable":true,"href":"https:\/\/justicapotiguar.com.br\/index.php\/wp-json\/wp\/v2\/comments?post=52271"}],"version-history":[{"count":4,"href":"https:\/\/justicapotiguar.com.br\/index.php\/wp-json\/wp\/v2\/posts\/52271\/revisions"}],"predecessor-version":[{"id":52276,"href":"https:\/\/justicapotiguar.com.br\/index.php\/wp-json\/wp\/v2\/posts\/52271\/revisions\/52276"}],"wp:attachment":[{"href":"https:\/\/justicapotiguar.com.br\/index.php\/wp-json\/wp\/v2\/media?parent=52271"}],"wp:term":[{"taxonomy":"category","embeddable":true,"href":"https:\/\/justicapotiguar.com.br\/index.php\/wp-json\/wp\/v2\/categories?post=52271"},{"taxonomy":"post_tag","embeddable":true,"href":"https:\/\/justicapotiguar.com.br\/index.php\/wp-json\/wp\/v2\/tags?post=52271"}],"curies":[{"name":"wp","href":"https:\/\/api.w.org\/{rel}","templated":true}]}}