{"id":52266,"date":"2026-03-17T16:51:06","date_gmt":"2026-03-17T19:51:06","guid":{"rendered":"https:\/\/justicapotiguar.com.br\/?p=52266"},"modified":"2026-03-17T16:56:49","modified_gmt":"2026-03-17T19:56:49","slug":"reviravolta-em-mais-uma-acao-o-tre-rn-reverte-cassacao-do-prefeito-felipe-menezes-de-lajes","status":"publish","type":"post","link":"https:\/\/justicapotiguar.com.br\/index.php\/2026\/03\/17\/reviravolta-em-mais-uma-acao-o-tre-rn-reverte-cassacao-do-prefeito-felipe-menezes-de-lajes\/","title":{"rendered":"Reviravolta: Em mais uma a\u00e7\u00e3o, o TRE\/RN reverte cassa\u00e7\u00e3o do prefeito Felipe Menezes, de Lajes"},"content":{"rendered":"\n<figure class=\"wp-block-image size-large\"><img loading=\"lazy\" width=\"1024\" height=\"1024\" src=\"https:\/\/justicapotiguar.com.br\/wp-content\/uploads\/2026\/03\/425541929_18322377604140022_3754184853358881451_n-1024x1024.jpg\" alt=\"\" class=\"wp-image-52267\" srcset=\"https:\/\/justicapotiguar.com.br\/wp-content\/uploads\/2026\/03\/425541929_18322377604140022_3754184853358881451_n-1024x1024.jpg 1024w, https:\/\/justicapotiguar.com.br\/wp-content\/uploads\/2026\/03\/425541929_18322377604140022_3754184853358881451_n-300x300.jpg 300w, https:\/\/justicapotiguar.com.br\/wp-content\/uploads\/2026\/03\/425541929_18322377604140022_3754184853358881451_n-150x150.jpg 150w, https:\/\/justicapotiguar.com.br\/wp-content\/uploads\/2026\/03\/425541929_18322377604140022_3754184853358881451_n-768x768.jpg 768w, https:\/\/justicapotiguar.com.br\/wp-content\/uploads\/2026\/03\/425541929_18322377604140022_3754184853358881451_n.jpg 1440w\" sizes=\"(max-width: 1024px) 100vw, 1024px\" \/><figcaption>Foto: Divulga\u00e7\u00e3o<\/figcaption><\/figure>\n\n\n\n<p>O Tribunal Regional Eleitoral do Rio Grande do Norte (TRE\/RN) proferiu decis\u00e3o que reforma a senten\u00e7a de primeira inst\u00e2ncia e afasta a cassa\u00e7\u00e3o do mandato e a declara\u00e7\u00e3o de inelegibilidade do prefeito de Lajes, Felipe Menezes. A reviravolta ocorre em segunda a\u00e7\u00e3o de cassa\u00e7\u00e3o julgada pela Corte Eleitoral.<\/p>\n\n\n\n<p>Em ambas as A\u00e7\u00f5es de Investiga\u00e7\u00e3o Judicial Eleitoral (AIJE), foi examinada a pr\u00e1tica de abuso de poder pol\u00edtico, decorrente do uso da m\u00e1quina p\u00fablica em prol da candidatura. No primeiro julgamento, a Corte Eleitoral potiguar afastou a ocorr\u00eancia de abuso de poder em raz\u00e3o da aus\u00eancia de comprova\u00e7\u00e3o do desvio de finalidade nas nomea\u00e7\u00f5es de cargos comissionados e de servidores tempor\u00e1rios vinculados ao Munic\u00edpio de Lajes\/RN. J\u00e1 na segunda AIJE, o Tribunal reconheceu a inexist\u00eancia de instrumentaliza\u00e7\u00e3o eleitoreira na execu\u00e7\u00e3o de programas sociais no curso do ano eleitoral de 2024.<\/p><div class=\"rvfph69ee3db0a34f8\" ><!--<a href=\"https:\/\/bit.ly\/3QdrqTZ\" target=\"_blank\">\n<img src=\"https:\/\/justicapotiguar.com.br\/wp-content\/uploads\/2023\/09\/mobile-geral.gif\"\/><a\/>--><\/div><style type=\"text\/css\">\r\n.rvfph69ee3db0a34f8 {\r\ntext-align: center;\r\n}\r\n@media screen and (min-width: 1201px) {\r\n.rvfph69ee3db0a34f8 {\r\ndisplay: none;\r\n}\r\n}\r\n@media screen and (min-width: 993px) and (max-width: 1200px) {\r\n.rvfph69ee3db0a34f8 {\r\ndisplay: none;\r\n}\r\n}\r\n@media screen and (min-width: 769px) and (max-width: 992px) {\r\n.rvfph69ee3db0a34f8 {\r\ndisplay: none;\r\n}\r\n}\r\n@media screen and (min-width: 768px) and (max-width: 768px) {\r\n.rvfph69ee3db0a34f8 {\r\ndisplay: block;\r\n}\r\n}\r\n@media screen and (max-width: 767px) {\r\n.rvfph69ee3db0a34f8 {\r\ndisplay: block;\r\n}\r\n}\r\n<\/style>\r\n<div class=\"mswnu69ee3db0a34e4\" ><!--<a href=\"https:\/\/bit.ly\/3QdrqTZ\" target=\"_blank\">\n<img src=\"https:\/\/justicapotiguar.com.br\/wp-content\/uploads\/2023\/09\/desktop-geral.gif\"\/><a\/>--><\/div><style type=\"text\/css\">\r\n.mswnu69ee3db0a34e4 {\r\ntext-align: center;\nmargin-bottom: 1em;\r\n}\r\n@media screen and (min-width: 1201px) {\r\n.mswnu69ee3db0a34e4 {\r\ndisplay: block;\r\n}\r\n}\r\n@media screen and (min-width: 993px) and (max-width: 1200px) {\r\n.mswnu69ee3db0a34e4 {\r\ndisplay: block;\r\n}\r\n}\r\n@media screen and (min-width: 769px) and (max-width: 992px) {\r\n.mswnu69ee3db0a34e4 {\r\ndisplay: block;\r\n}\r\n}\r\n@media screen and (min-width: 768px) and (max-width: 768px) {\r\n.mswnu69ee3db0a34e4 {\r\ndisplay: none;\r\n}\r\n}\r\n@media screen and (max-width: 767px) {\r\n.mswnu69ee3db0a34e4 {\r\ndisplay: none;\r\n}\r\n}\r\n<\/style>\r\n\n\n\n\n<p>Com as decis\u00f5es, foram afastadas as san\u00e7\u00f5es anteriormente impostas, restabelecendo-se a regularidade do mandato e a elegibilidade do gestor.<\/p>\n\n\n\n<p>A defesa do gestor, no Tribunal Regional Eleitoral do Rio Grande do Norte, foi realizada pelos advogados Dr. Artur Carvalho e Dr. Marcus Felipe Barros.<\/p>\n","protected":false},"excerpt":{"rendered":"<p>A defesa do gestor, no Tribunal Regional Eleitoral do Rio Grande do Norte, foi realizada pelos advogados Dr. Artur Carvalho e Dr. Marcus Felipe Barros.<br \/><a class=\"more-link\" href=\"https:\/\/justicapotiguar.com.br\/index.php\/2026\/03\/17\/reviravolta-em-mais-uma-acao-o-tre-rn-reverte-cassacao-do-prefeito-felipe-menezes-de-lajes\/\">Mais&#8230;<\/a><\/p>\n","protected":false},"author":8,"featured_media":0,"comment_status":"open","ping_status":"open","sticky":false,"template":"","format":"standard","meta":[],"categories":[3],"tags":[],"_links":{"self":[{"href":"https:\/\/justicapotiguar.com.br\/index.php\/wp-json\/wp\/v2\/posts\/52266"}],"collection":[{"href":"https:\/\/justicapotiguar.com.br\/index.php\/wp-json\/wp\/v2\/posts"}],"about":[{"href":"https:\/\/justicapotiguar.com.br\/index.php\/wp-json\/wp\/v2\/types\/post"}],"author":[{"embeddable":true,"href":"https:\/\/justicapotiguar.com.br\/index.php\/wp-json\/wp\/v2\/users\/8"}],"replies":[{"embeddable":true,"href":"https:\/\/justicapotiguar.com.br\/index.php\/wp-json\/wp\/v2\/comments?post=52266"}],"version-history":[{"count":2,"href":"https:\/\/justicapotiguar.com.br\/index.php\/wp-json\/wp\/v2\/posts\/52266\/revisions"}],"predecessor-version":[{"id":52269,"href":"https:\/\/justicapotiguar.com.br\/index.php\/wp-json\/wp\/v2\/posts\/52266\/revisions\/52269"}],"wp:attachment":[{"href":"https:\/\/justicapotiguar.com.br\/index.php\/wp-json\/wp\/v2\/media?parent=52266"}],"wp:term":[{"taxonomy":"category","embeddable":true,"href":"https:\/\/justicapotiguar.com.br\/index.php\/wp-json\/wp\/v2\/categories?post=52266"},{"taxonomy":"post_tag","embeddable":true,"href":"https:\/\/justicapotiguar.com.br\/index.php\/wp-json\/wp\/v2\/tags?post=52266"}],"curies":[{"name":"wp","href":"https:\/\/api.w.org\/{rel}","templated":true}]}}