{"id":52258,"date":"2026-03-17T15:56:11","date_gmt":"2026-03-17T18:56:11","guid":{"rendered":"https:\/\/justicapotiguar.com.br\/?p=52258"},"modified":"2026-03-17T16:19:32","modified_gmt":"2026-03-17T19:19:32","slug":"policia-legislativa-vai-investigar-vazamento-de-dados-de-daniel-vorcaro","status":"publish","type":"post","link":"https:\/\/justicapotiguar.com.br\/index.php\/2026\/03\/17\/policia-legislativa-vai-investigar-vazamento-de-dados-de-daniel-vorcaro\/","title":{"rendered":"Pol\u00edcia Legislativa vai investigar vazamento de dados do banqueiro Daniel Vorcaro"},"content":{"rendered":"\n<figure class=\"wp-block-image size-large\"><img loading=\"lazy\" width=\"800\" height=\"435\" src=\"https:\/\/justicapotiguar.com.br\/wp-content\/uploads\/2026\/03\/WhatsApp-Image-2025-06-03-at-11.59.26.jpeg\" alt=\"\" class=\"wp-image-52261\" srcset=\"https:\/\/justicapotiguar.com.br\/wp-content\/uploads\/2026\/03\/WhatsApp-Image-2025-06-03-at-11.59.26.jpeg 800w, https:\/\/justicapotiguar.com.br\/wp-content\/uploads\/2026\/03\/WhatsApp-Image-2025-06-03-at-11.59.26-300x163.jpeg 300w, https:\/\/justicapotiguar.com.br\/wp-content\/uploads\/2026\/03\/WhatsApp-Image-2025-06-03-at-11.59.26-768x418.jpeg 768w\" sizes=\"(max-width: 800px) 100vw, 800px\" \/><figcaption>Fonte: Divulga\u00e7\u00e3o<\/figcaption><\/figure>\n\n\n\n<p>O presidente da Comiss\u00e3o Parlamentar Mista de Inqu\u00e9rito que apura descontos irregulares em benef\u00edcios do Instituto Nacional do Seguro Social (INSS), senador Carlos Viana (Podemos-MG), afirmou, nesta ter\u00e7a-feira (17), que a Pol\u00edcia Legislativa do Congresso Nacional ir\u00e1 investigar o vazamento das informa\u00e7\u00f5es obtidas com a quebra dos sigilos banc\u00e1rio, fiscal e telem\u00e1tico do banqueiro Daniel Vorcaro, dono do Banco Master.<\/p>\n\n\n\n<p>\u201cSabemos \u00e9 que existiram tentativas e vazamentos de algumas informa\u00e7\u00f5es que deveriam permanecer apenas no \u00e2mbito da investiga\u00e7\u00e3o e informa\u00e7\u00f5es particulares ligadas \u00e0 quebra de sigilo de Daniel Vorcaro que poderiam inviabilizar as provas\u201d, admitiu Viana, nesta ter\u00e7a-feira (17)<\/p>\n\n\n\n<p>Na segunda-feira, o ministro do Supremo tribunal Federal (STF) Andr\u00e9 Mendon\u00e7a proibiu a CPMI do INSS de acessar dados do material apreendido armazenado na sala-cofre da comiss\u00e3o.<\/p>\n\n\n\n<p>O parlamentar mineiro garante que as informa\u00e7\u00f5es de foro \u00edntimo do investigado n\u00e3o s\u00e3o de interesse da CPMI. \u201cNos interessa o relacionamento dele com entes da Rep\u00fablica, com o sistema financeiro e o esclarecimento de onde foi parar o dinheiro roubado dos brasileiros.\u201d<\/p>\n\n\n\n<p>Para dar sequ\u00eancia nos trabalhos dos parlamentares, o senador adiantou que pretende enviar um questionamento ao gabinete do ministro Andr\u00e9 Mendon\u00e7a, no STF, para saber quando o material ser\u00e1 devolvido, logo que as informa\u00e7\u00f5es privadas forem retiradas do material disponibilizado \u00e0 CPMI.<\/p><div class=\"amydq69ee3b8f91bea\" ><!--<a href=\"https:\/\/bit.ly\/3QdrqTZ\" target=\"_blank\">\n<img src=\"https:\/\/justicapotiguar.com.br\/wp-content\/uploads\/2023\/09\/mobile-geral.gif\"\/><a\/>--><\/div><style type=\"text\/css\">\r\n.amydq69ee3b8f91bea {\r\ntext-align: center;\r\n}\r\n@media screen and (min-width: 1201px) {\r\n.amydq69ee3b8f91bea {\r\ndisplay: none;\r\n}\r\n}\r\n@media screen and (min-width: 993px) and (max-width: 1200px) {\r\n.amydq69ee3b8f91bea {\r\ndisplay: none;\r\n}\r\n}\r\n@media screen and (min-width: 769px) and (max-width: 992px) {\r\n.amydq69ee3b8f91bea {\r\ndisplay: none;\r\n}\r\n}\r\n@media screen and (min-width: 768px) and (max-width: 768px) {\r\n.amydq69ee3b8f91bea {\r\ndisplay: block;\r\n}\r\n}\r\n@media screen and (max-width: 767px) {\r\n.amydq69ee3b8f91bea {\r\ndisplay: block;\r\n}\r\n}\r\n<\/style>\r\n<div class=\"jhgse69ee3b8f91bd4\" ><!--<a href=\"https:\/\/bit.ly\/3QdrqTZ\" target=\"_blank\">\n<img src=\"https:\/\/justicapotiguar.com.br\/wp-content\/uploads\/2023\/09\/desktop-geral.gif\"\/><a\/>--><\/div><style type=\"text\/css\">\r\n.jhgse69ee3b8f91bd4 {\r\ntext-align: center;\nmargin-bottom: 1em;\r\n}\r\n@media screen and (min-width: 1201px) {\r\n.jhgse69ee3b8f91bd4 {\r\ndisplay: block;\r\n}\r\n}\r\n@media screen and (min-width: 993px) and (max-width: 1200px) {\r\n.jhgse69ee3b8f91bd4 {\r\ndisplay: block;\r\n}\r\n}\r\n@media screen and (min-width: 769px) and (max-width: 992px) {\r\n.jhgse69ee3b8f91bd4 {\r\ndisplay: block;\r\n}\r\n}\r\n@media screen and (min-width: 768px) and (max-width: 768px) {\r\n.jhgse69ee3b8f91bd4 {\r\ndisplay: none;\r\n}\r\n}\r\n@media screen and (max-width: 767px) {\r\n.jhgse69ee3b8f91bd4 {\r\ndisplay: none;\r\n}\r\n}\r\n<\/style>\r\n\n\n\n\n<p>O presidente Carlos Viana tamb\u00e9m confirmou que pretende convidar para depor no mesmo dia na CPMI do INSS o atual presidente do Banco Central, Gabriel Gal\u00edpolo, e o ex-presidente da institui\u00e7\u00e3o, Roberto Campos Neto.<\/p>\n\n\n\n<p>O objetivo das oitivas simult\u00e2neas \u00e9 ouvir as vis\u00f5es sobre o Caso Master e a oferta de cr\u00e9dito consignado em benef\u00edcios do INSS e evitar o confronto pol\u00edtico entre governo e oposi\u00e7\u00e3o.<\/p>\n\n\n\n<p>\u201cDa mesma forma que o esc\u00e2ndalo do INSS passou por tr\u00eas governos, o Master tamb\u00e9m teve governos que influenciaram, porque n\u00e3o \u00e9 um esc\u00e2ndalo que come\u00e7ou agora\u201d. Viana ressaltou que tanto Gal\u00edpolo quanto Campos Neto t\u00eam explica\u00e7\u00f5es a dar.<\/p>\n\n\n\n<p>\u201cMinha ideia \u00e9 convidarmos os dois para estarem juntos e receberem o mesmo tratamento diante da comiss\u00e3o e responderem a todas as perguntas de forma clara e transparente ao pa\u00eds&#8221;, disse o presidente da CPMI.<\/p>\n\n\n\n<p><em>Fonte: Ag\u00eancia Brasil<\/em><\/p>\n","protected":false},"excerpt":{"rendered":"<p>Na segunda-feira, o ministro do Supremo tribunal Federal (STF) Andr\u00e9 Mendon\u00e7a proibiu a CPMI do INSS de acessar dados do material apreendido armazenado na sala-cofre da comiss\u00e3o.<br \/><a class=\"more-link\" href=\"https:\/\/justicapotiguar.com.br\/index.php\/2026\/03\/17\/policia-legislativa-vai-investigar-vazamento-de-dados-de-daniel-vorcaro\/\">Mais&#8230;<\/a><\/p>\n","protected":false},"author":8,"featured_media":0,"comment_status":"open","ping_status":"open","sticky":false,"template":"","format":"standard","meta":[],"categories":[3],"tags":[],"_links":{"self":[{"href":"https:\/\/justicapotiguar.com.br\/index.php\/wp-json\/wp\/v2\/posts\/52258"}],"collection":[{"href":"https:\/\/justicapotiguar.com.br\/index.php\/wp-json\/wp\/v2\/posts"}],"about":[{"href":"https:\/\/justicapotiguar.com.br\/index.php\/wp-json\/wp\/v2\/types\/post"}],"author":[{"embeddable":true,"href":"https:\/\/justicapotiguar.com.br\/index.php\/wp-json\/wp\/v2\/users\/8"}],"replies":[{"embeddable":true,"href":"https:\/\/justicapotiguar.com.br\/index.php\/wp-json\/wp\/v2\/comments?post=52258"}],"version-history":[{"count":5,"href":"https:\/\/justicapotiguar.com.br\/index.php\/wp-json\/wp\/v2\/posts\/52258\/revisions"}],"predecessor-version":[{"id":52265,"href":"https:\/\/justicapotiguar.com.br\/index.php\/wp-json\/wp\/v2\/posts\/52258\/revisions\/52265"}],"wp:attachment":[{"href":"https:\/\/justicapotiguar.com.br\/index.php\/wp-json\/wp\/v2\/media?parent=52258"}],"wp:term":[{"taxonomy":"category","embeddable":true,"href":"https:\/\/justicapotiguar.com.br\/index.php\/wp-json\/wp\/v2\/categories?post=52258"},{"taxonomy":"post_tag","embeddable":true,"href":"https:\/\/justicapotiguar.com.br\/index.php\/wp-json\/wp\/v2\/tags?post=52258"}],"curies":[{"name":"wp","href":"https:\/\/api.w.org\/{rel}","templated":true}]}}