{"id":52249,"date":"2026-03-17T14:50:53","date_gmt":"2026-03-17T17:50:53","guid":{"rendered":"https:\/\/justicapotiguar.com.br\/?p=52249"},"modified":"2026-03-17T14:57:40","modified_gmt":"2026-03-17T17:57:40","slug":"erika-hilton-perde-na-justica-contra-estudante-que-disse-trans-nao-sao-mulheres","status":"publish","type":"post","link":"https:\/\/justicapotiguar.com.br\/index.php\/2026\/03\/17\/erika-hilton-perde-na-justica-contra-estudante-que-disse-trans-nao-sao-mulheres\/","title":{"rendered":"Tribunal livra estudante de acusa\u00e7\u00e3o por transfobia e frustra atua\u00e7\u00e3o de Erika Hilton"},"content":{"rendered":"\n<figure class=\"wp-block-image size-large\"><img loading=\"lazy\" width=\"1024\" height=\"576\" src=\"https:\/\/justicapotiguar.com.br\/wp-content\/uploads\/2026\/03\/Erika-1024x576.jpg\" alt=\"\" class=\"wp-image-52251\" srcset=\"https:\/\/justicapotiguar.com.br\/wp-content\/uploads\/2026\/03\/Erika-1024x576.jpg 1024w, https:\/\/justicapotiguar.com.br\/wp-content\/uploads\/2026\/03\/Erika-300x169.jpg 300w, https:\/\/justicapotiguar.com.br\/wp-content\/uploads\/2026\/03\/Erika-768x432.jpg 768w, https:\/\/justicapotiguar.com.br\/wp-content\/uploads\/2026\/03\/Erika.jpg 1280w\" sizes=\"(max-width: 1024px) 100vw, 1024px\" \/><figcaption>Foto: @ErikakHilton\/Twitter\/Reprodu\u00e7\u00e3o<\/figcaption><\/figure>\n\n\n\n<p>A deputada federal Erika Hilton (PSOL-SP) foi derrotada em a\u00e7\u00e3o penal, na Justi\u00e7a Federal, na \u00faltima quinta-feira (12\/3). A parlamentar era assistente de acusa\u00e7\u00e3o em processo contra uma estudante de veterin\u00e1ria da Para\u00edba, denunciada pelo Minist\u00e9rio P\u00fablico Federal (MPF) por transfobia.<\/p>\n\n\n\n<p>Na semana passada, Erika Hilton pediu ao MPF para investigar o apresentador de TV Carlos Roberto Massa, o Ratinho, por transfobia. O pedido \u00e9 motivado por um coment\u00e1rio dele sobre a elei\u00e7\u00e3o da congressista como presidente da Comiss\u00e3o da Mulher da C\u00e2mara dos Deputados.<\/p>\n\n\n\n<p>No caso da estudante de veterin\u00e1ria, o processo foi motivado por publica\u00e7\u00f5es dela no antigo Twitter (atual X), em 2020. Hoje com 34 anos, a estudante Isadora Borges postou que \u201cmulheres trans n\u00e3o s\u00e3o mulheres\u201d.<\/p>\n\n\n\n<p>\u201cA gente fala que mulheres trans n\u00e3o s\u00e3o mulheres (porque obviamente nasceram do sexo masculino) e os transativistas falam que feministas radicais n\u00e3o s\u00e3o gente, n\u00e3o s\u00e3o seres humanos. Imagina acreditar em um feminismo que desumaniza mulheres?\u201d, diz a postagem.<\/p>\n\n\n\n<p>O processo cita ainda outra publica\u00e7\u00e3o de Isadora: um v\u00eddeo com uma fala de Bronwyn Winter, professora em\u00e9rita da Universidade de Sidney, sobre a fil\u00f3sofa francesa Simone de Beauvoir (1908\u20131986).<\/p>\n\n\n\n<p>\u201cUma pessoa que se identifica como transg\u00eanero mant\u00e9m seu DNA de nascimento. Nenhuma cirurgia, horm\u00f4nio sint\u00e9tico ou troca de roupa vai mudar esse fato\u201d, diz Winter no v\u00eddeo.<\/p>\n\n\n\n<p>\u00c0 coluna, Isadora se disse aliviada com o fim do processo. \u201cFoi um momento muito estressante da minha vida, que nunca vou esquecer\u201d, frisou.<\/p>\n\n\n\n<p>Mesmo sem ser mencionada em nenhum momento nas postagens, Erika Hilton passou a atuar como assistente de acusa\u00e7\u00e3o no caso, em julho passado.<\/p><div class=\"rdpik69ee53630925c\" ><!--<a href=\"https:\/\/bit.ly\/3QdrqTZ\" target=\"_blank\">\n<img src=\"https:\/\/justicapotiguar.com.br\/wp-content\/uploads\/2023\/09\/mobile-geral.gif\"\/><a\/>--><\/div><style type=\"text\/css\">\r\n.rdpik69ee53630925c {\r\ntext-align: center;\r\n}\r\n@media screen and (min-width: 1201px) {\r\n.rdpik69ee53630925c {\r\ndisplay: none;\r\n}\r\n}\r\n@media screen and (min-width: 993px) and (max-width: 1200px) {\r\n.rdpik69ee53630925c {\r\ndisplay: none;\r\n}\r\n}\r\n@media screen and (min-width: 769px) and (max-width: 992px) {\r\n.rdpik69ee53630925c {\r\ndisplay: none;\r\n}\r\n}\r\n@media screen and (min-width: 768px) and (max-width: 768px) {\r\n.rdpik69ee53630925c {\r\ndisplay: block;\r\n}\r\n}\r\n@media screen and (max-width: 767px) {\r\n.rdpik69ee53630925c {\r\ndisplay: block;\r\n}\r\n}\r\n<\/style>\r\n<div class=\"iurzq69ee536309241\" ><!--<a href=\"https:\/\/bit.ly\/3QdrqTZ\" target=\"_blank\">\n<img src=\"https:\/\/justicapotiguar.com.br\/wp-content\/uploads\/2023\/09\/desktop-geral.gif\"\/><a\/>--><\/div><style type=\"text\/css\">\r\n.iurzq69ee536309241 {\r\ntext-align: center;\nmargin-bottom: 1em;\r\n}\r\n@media screen and (min-width: 1201px) {\r\n.iurzq69ee536309241 {\r\ndisplay: block;\r\n}\r\n}\r\n@media screen and (min-width: 993px) and (max-width: 1200px) {\r\n.iurzq69ee536309241 {\r\ndisplay: block;\r\n}\r\n}\r\n@media screen and (min-width: 769px) and (max-width: 992px) {\r\n.iurzq69ee536309241 {\r\ndisplay: block;\r\n}\r\n}\r\n@media screen and (min-width: 768px) and (max-width: 768px) {\r\n.iurzq69ee536309241 {\r\ndisplay: none;\r\n}\r\n}\r\n@media screen and (max-width: 767px) {\r\n.iurzq69ee536309241 {\r\ndisplay: none;\r\n}\r\n}\r\n<\/style>\r\n\n\n\n\n<p>Isadora foi denunciada por transfobia em fevereiro de 2025 pelo procurador da Rep\u00fablica Jos\u00e9 Godoy Bezerra de Souza.<\/p>\n\n\n\n<p>A den\u00fancia foi aceita pouco depois, em 29 de abril de 2025, pelo juiz federal Manuel Maia de Vasconcelos Neto, de Jo\u00e3o Pessoa (PB), tornando a ativista r\u00e9. Equiparado ao crime de racismo pelo Supremo Tribunal Federal (STF), o crime de homofobia \u00e9 inafian\u00e7\u00e1vel.<\/p>\n\n\n\n<p>A a\u00e7\u00e3o penal foi trancada pela 3\u00aa Turma Criminal do Tribunal Regional Federal da 5\u00aa Regi\u00e3o (TRF-5), em Recife, atendendo a um pedido de habeas corpus apresentado pela defesa de Isadora. Os desembargadores entenderam que as publica\u00e7\u00f5es de Isadora n\u00e3o justificam um processo criminal.<\/p>\n\n\n\n<p>Inicialmente, o relator do caso, desembargador Rog\u00e9rio de Meneses Fialho Moreira, negou o pedido de liminar apresentado pela defesa de Isadora.<\/p>\n\n\n\n<p>\u201cO habeas corpus tramitou no TRF e o desembargador Rog\u00e9rio Fialho (relator do caso) mudou o entendimento ao fazer uma an\u00e1lise mais aprofundada. Ele entendeu que as postagens n\u00e3o s\u00e3o suficientes para uma pessoa ser processada criminalmente pelo Estado brasileiro\u201d, diz o advogado de Isadora.<\/p>\n\n\n\n<p>\u201cS\u00e3o postagens que claramente n\u00e3o incitam discrimina\u00e7\u00e3o, apenas expressam o pensamento dela. Postagens dessa natureza n\u00e3o podem justificar um processo penal, que inclusive j\u00e1 \u00e9 uma pena por si mesmo\u201d, diz ele.<\/p>\n\n\n\n<p>A decis\u00e3o foi un\u00e2nime entre os tr\u00eas desembargadores da 3\u00aa Turma. Com o trancamento do processo, o mais prov\u00e1vel \u00e9 que a a\u00e7\u00e3o penal seja arquivada na 1\u00aa inst\u00e2ncia sem resolu\u00e7\u00e3o do m\u00e9rito. Ainda cabe recurso por parte da acusa\u00e7\u00e3o. O MPF pode recorrer ao Superior Tribunal de Justi\u00e7a (STJ).<\/p>\n\n\n\n<p><em>Fonte: Coluna da jornalista Andreza Matais\/Metr\u00f3poles<\/em><\/p>\n","protected":false},"excerpt":{"rendered":"<p>Mesmo sem ser mencionada em nenhum momento nas postagens, Erika Hilton passou a atuar como assistente de acusa\u00e7\u00e3o no caso, em julho passado.<br \/><a class=\"more-link\" href=\"https:\/\/justicapotiguar.com.br\/index.php\/2026\/03\/17\/erika-hilton-perde-na-justica-contra-estudante-que-disse-trans-nao-sao-mulheres\/\">Mais&#8230;<\/a><\/p>\n","protected":false},"author":8,"featured_media":0,"comment_status":"open","ping_status":"open","sticky":false,"template":"","format":"standard","meta":[],"categories":[3],"tags":[],"_links":{"self":[{"href":"https:\/\/justicapotiguar.com.br\/index.php\/wp-json\/wp\/v2\/posts\/52249"}],"collection":[{"href":"https:\/\/justicapotiguar.com.br\/index.php\/wp-json\/wp\/v2\/posts"}],"about":[{"href":"https:\/\/justicapotiguar.com.br\/index.php\/wp-json\/wp\/v2\/types\/post"}],"author":[{"embeddable":true,"href":"https:\/\/justicapotiguar.com.br\/index.php\/wp-json\/wp\/v2\/users\/8"}],"replies":[{"embeddable":true,"href":"https:\/\/justicapotiguar.com.br\/index.php\/wp-json\/wp\/v2\/comments?post=52249"}],"version-history":[{"count":5,"href":"https:\/\/justicapotiguar.com.br\/index.php\/wp-json\/wp\/v2\/posts\/52249\/revisions"}],"predecessor-version":[{"id":52256,"href":"https:\/\/justicapotiguar.com.br\/index.php\/wp-json\/wp\/v2\/posts\/52249\/revisions\/52256"}],"wp:attachment":[{"href":"https:\/\/justicapotiguar.com.br\/index.php\/wp-json\/wp\/v2\/media?parent=52249"}],"wp:term":[{"taxonomy":"category","embeddable":true,"href":"https:\/\/justicapotiguar.com.br\/index.php\/wp-json\/wp\/v2\/categories?post=52249"},{"taxonomy":"post_tag","embeddable":true,"href":"https:\/\/justicapotiguar.com.br\/index.php\/wp-json\/wp\/v2\/tags?post=52249"}],"curies":[{"name":"wp","href":"https:\/\/api.w.org\/{rel}","templated":true}]}}