{"id":52230,"date":"2026-03-17T09:15:06","date_gmt":"2026-03-17T12:15:06","guid":{"rendered":"https:\/\/justicapotiguar.com.br\/?p=52230"},"modified":"2026-03-17T09:16:52","modified_gmt":"2026-03-17T12:16:52","slug":"lulinha-admite-ao-stf-que-teve-viagem-a-portugal-bancada-pelo-careca-do-inss","status":"publish","type":"post","link":"https:\/\/justicapotiguar.com.br\/index.php\/2026\/03\/17\/lulinha-admite-ao-stf-que-teve-viagem-a-portugal-bancada-pelo-careca-do-inss\/","title":{"rendered":"Lulinha admite ao STF que teve viagem a Portugal bancada pelo Careca do INSS"},"content":{"rendered":"\n<figure class=\"wp-block-image size-large\"><img loading=\"lazy\" width=\"750\" height=\"500\" src=\"https:\/\/justicapotiguar.com.br\/wp-content\/uploads\/2026\/03\/lulinha-1.jpg\" alt=\"\" class=\"wp-image-52234\" srcset=\"https:\/\/justicapotiguar.com.br\/wp-content\/uploads\/2026\/03\/lulinha-1.jpg 750w, https:\/\/justicapotiguar.com.br\/wp-content\/uploads\/2026\/03\/lulinha-1-300x200.jpg 300w\" sizes=\"(max-width: 750px) 100vw, 750px\" \/><figcaption>Foto: Redes Sociais<\/figcaption><\/figure>\n\n\n\n<p>A defesa de F\u00e1bio Lu\u00eds Lula da Silva, filho mais velho do presidente Luiz In\u00e1cio Lula da Silva, admitiu ao Supremo Tribunal Federal (STF) pela primeira vez que ele teve uma viagem a Portugal bancada pelo empres\u00e1rio Ant\u00f4nio Camilo Antunes, o Careca do INSS, preso sob suspeita de liderar um esquema de desvios em aposentadorias. Ele negou, por\u00e9m, ter firmado qualquer neg\u00f3cio ou recebido valores do empres\u00e1rio.<\/p>\n\n\n\n<p>A confiss\u00e3o de Lulinha havia sido antecipada pelo Estad\u00e3o, mas \u00e9 a primeira vez que sua defesa apresenta formalmente explica\u00e7\u00f5es ao ministro Andr\u00e9 Mendon\u00e7a sobre sua rela\u00e7\u00e3o com o empres\u00e1rio. A peti\u00e7\u00e3o foi apresentada depois das not\u00edcias da quebra do sigilo banc\u00e1rio do empres\u00e1rio e diante do receio de que ele seja alvo de novas medidas da Pol\u00edcia Federal.<\/p>\n\n\n\n<p>Lulinha diz que foi apresentado ao Careca do INSS por meio de sua amiga Roberta Luchsinger em 2024 \u201ccomo um bem-sucedido empres\u00e1rio do mercado farmac\u00eautico\u201d. Lulinha afirma que n\u00e3o tinha conhecimento, na ocasi\u00e3o, da atua\u00e7\u00e3o dele junto ao INSS.<\/p>\n\n\n\n<p>\u201cEra com esse ANT\u00d4NIO CAMILO, suposto empres\u00e1rio de sucesso da \u00e1rea farmac\u00eautica e parceiro comercial de sua amiga, que o peticion\u00e1rio teve rela\u00e7\u00e3o espor\u00e1dica e de natureza social. F\u00c1BIO LU\u00cdS jamais firmou qualquer tipo de rela\u00e7\u00e3o comercial com ANT\u00d4NIO CAMILO, tampouco tinha conhecimento sobre fraudes no INSS ou outras ilegalidades\u201d, afirmou a defesa ao STF.<\/p><div class=\"ewald69ee2887a1ff1\" ><!--<a href=\"https:\/\/bit.ly\/3QdrqTZ\" target=\"_blank\">\n<img src=\"https:\/\/justicapotiguar.com.br\/wp-content\/uploads\/2023\/09\/mobile-geral.gif\"\/><a\/>--><\/div><style type=\"text\/css\">\r\n.ewald69ee2887a1ff1 {\r\ntext-align: center;\r\n}\r\n@media screen and (min-width: 1201px) {\r\n.ewald69ee2887a1ff1 {\r\ndisplay: none;\r\n}\r\n}\r\n@media screen and (min-width: 993px) and (max-width: 1200px) {\r\n.ewald69ee2887a1ff1 {\r\ndisplay: none;\r\n}\r\n}\r\n@media screen and (min-width: 769px) and (max-width: 992px) {\r\n.ewald69ee2887a1ff1 {\r\ndisplay: none;\r\n}\r\n}\r\n@media screen and (min-width: 768px) and (max-width: 768px) {\r\n.ewald69ee2887a1ff1 {\r\ndisplay: block;\r\n}\r\n}\r\n@media screen and (max-width: 767px) {\r\n.ewald69ee2887a1ff1 {\r\ndisplay: block;\r\n}\r\n}\r\n<\/style>\r\n<div class=\"cskmu69ee2887a1fd6\" ><!--<a href=\"https:\/\/bit.ly\/3QdrqTZ\" target=\"_blank\">\n<img src=\"https:\/\/justicapotiguar.com.br\/wp-content\/uploads\/2023\/09\/desktop-geral.gif\"\/><a\/>--><\/div><style type=\"text\/css\">\r\n.cskmu69ee2887a1fd6 {\r\ntext-align: center;\nmargin-bottom: 1em;\r\n}\r\n@media screen and (min-width: 1201px) {\r\n.cskmu69ee2887a1fd6 {\r\ndisplay: block;\r\n}\r\n}\r\n@media screen and (min-width: 993px) and (max-width: 1200px) {\r\n.cskmu69ee2887a1fd6 {\r\ndisplay: block;\r\n}\r\n}\r\n@media screen and (min-width: 769px) and (max-width: 992px) {\r\n.cskmu69ee2887a1fd6 {\r\ndisplay: block;\r\n}\r\n}\r\n@media screen and (min-width: 768px) and (max-width: 768px) {\r\n.cskmu69ee2887a1fd6 {\r\ndisplay: none;\r\n}\r\n}\r\n@media screen and (max-width: 767px) {\r\n.cskmu69ee2887a1fd6 {\r\ndisplay: none;\r\n}\r\n}\r\n<\/style>\r\n\n\n\n\n<p>Na peti\u00e7\u00e3o, Lulinha diz que teve interesse quando o Careca do INSS lhe contou sobre um projeto comercial de produ\u00e7\u00e3o de canabidiol medicinal, porque tem uma sobrinha que faz tratamento m\u00e9dico com a subst\u00e2ncia e enfrentou dificuldades com a qualidade e disponibilidade dos medicamentos.<\/p>\n\n\n\n<p>\u201cNessa mesma conversa, ANT\u00d4NIO CAMILO contou que iria a Portugal para conhecer a produ\u00e7\u00e3o dos medicamentos e convidou o peticion\u00e1rio a acompanh\u00e1-lo sem qualquer compromisso. O convite foi aceito e ANT\u00d4NIO CAMILO levou F\u00c1BIO \u00e0 Portugal em novembro de 2024, arcando com os custos da viagem. F\u00c1BIO LU\u00cdS acompanhou a visita a poss\u00edveis fornecedores e propriedades e essa foi toda a extens\u00e3o da rela\u00e7\u00e3o do peticion\u00e1rio com o projeto. Ele n\u00e3o participou de negocia\u00e7\u00f5es, n\u00e3o investiu trabalho ou valores e tampouco recebeu convite para associa\u00e7\u00e3o, participa\u00e7\u00e3o ou compra de cotas\u201d, diz a peti\u00e7\u00e3o.<\/p>\n\n\n\n<p>A defesa tamb\u00e9m afirma que, se tivesse firmado algum neg\u00f3cio sobre esse tema com o Careca do INSS, o fato n\u00e3o constituiria crime.<\/p>\n\n\n\n<p>\u201cEntendia estar acompanhando um bem-sucedido empres\u00e1rio da \u00e1rea farmac\u00eautica, em uma viagem para conhecer um projeto supostamente leg\u00edtimo. Assim como todos \u00e0 sua volta, F\u00c1BIO entendia o projeto como l\u00edcito e conhecia apenas a figura do \u2018empres\u00e1rio de sucesso ANT\u00d4NIO CAMILO\u2019. Essa imagem p\u00fablica somente veio a se alterar muitos meses ap\u00f3s a viagem a Portugal, com a deflagra\u00e7\u00e3o da Opera\u00e7\u00e3o Sem Desconto em 23\/4\/2025, quando foi amplamente publicizada a poss\u00edvel rela\u00e7\u00e3o de ANT\u00d4NIO CAMILO com as fraudes do INSS\u201d, afirmou a defesa.<br><br><em>Fonte: Estad\u00e3o <\/em><\/p>\n","protected":false},"excerpt":{"rendered":"<p>\u00c9 a primeira vez que sua defesa apresenta formalmente explica\u00e7\u00f5es ao ministro Andr\u00e9 Mendon\u00e7a sobre sua rela\u00e7\u00e3o com o empres\u00e1rio. <br \/><a class=\"more-link\" href=\"https:\/\/justicapotiguar.com.br\/index.php\/2026\/03\/17\/lulinha-admite-ao-stf-que-teve-viagem-a-portugal-bancada-pelo-careca-do-inss\/\">Mais&#8230;<\/a><\/p>\n","protected":false},"author":8,"featured_media":0,"comment_status":"open","ping_status":"open","sticky":false,"template":"","format":"standard","meta":[],"categories":[3],"tags":[],"_links":{"self":[{"href":"https:\/\/justicapotiguar.com.br\/index.php\/wp-json\/wp\/v2\/posts\/52230"}],"collection":[{"href":"https:\/\/justicapotiguar.com.br\/index.php\/wp-json\/wp\/v2\/posts"}],"about":[{"href":"https:\/\/justicapotiguar.com.br\/index.php\/wp-json\/wp\/v2\/types\/post"}],"author":[{"embeddable":true,"href":"https:\/\/justicapotiguar.com.br\/index.php\/wp-json\/wp\/v2\/users\/8"}],"replies":[{"embeddable":true,"href":"https:\/\/justicapotiguar.com.br\/index.php\/wp-json\/wp\/v2\/comments?post=52230"}],"version-history":[{"count":3,"href":"https:\/\/justicapotiguar.com.br\/index.php\/wp-json\/wp\/v2\/posts\/52230\/revisions"}],"predecessor-version":[{"id":52235,"href":"https:\/\/justicapotiguar.com.br\/index.php\/wp-json\/wp\/v2\/posts\/52230\/revisions\/52235"}],"wp:attachment":[{"href":"https:\/\/justicapotiguar.com.br\/index.php\/wp-json\/wp\/v2\/media?parent=52230"}],"wp:term":[{"taxonomy":"category","embeddable":true,"href":"https:\/\/justicapotiguar.com.br\/index.php\/wp-json\/wp\/v2\/categories?post=52230"},{"taxonomy":"post_tag","embeddable":true,"href":"https:\/\/justicapotiguar.com.br\/index.php\/wp-json\/wp\/v2\/tags?post=52230"}],"curies":[{"name":"wp","href":"https:\/\/api.w.org\/{rel}","templated":true}]}}