{"id":52225,"date":"2026-03-17T09:03:56","date_gmt":"2026-03-17T12:03:56","guid":{"rendered":"https:\/\/justicapotiguar.com.br\/?p=52225"},"modified":"2026-03-17T09:05:35","modified_gmt":"2026-03-17T12:05:35","slug":"deputada-do-ceara-e-alvo-de-operacao-da-policia-federal-que-mira-fraudes-no-inss","status":"publish","type":"post","link":"https:\/\/justicapotiguar.com.br\/index.php\/2026\/03\/17\/deputada-do-ceara-e-alvo-de-operacao-da-policia-federal-que-mira-fraudes-no-inss\/","title":{"rendered":"Deputada do Cear\u00e1 \u00e9 alvo de opera\u00e7\u00e3o da Pol\u00edcia Federal que mira fraudes no INSS"},"content":{"rendered":"\n<figure class=\"wp-block-image size-large\"><img loading=\"lazy\" width=\"1000\" height=\"667\" src=\"https:\/\/justicapotiguar.com.br\/wp-content\/uploads\/2026\/03\/deputada.jpg\" alt=\"\" class=\"wp-image-52227\" srcset=\"https:\/\/justicapotiguar.com.br\/wp-content\/uploads\/2026\/03\/deputada.jpg 1000w, https:\/\/justicapotiguar.com.br\/wp-content\/uploads\/2026\/03\/deputada-300x200.jpg 300w, https:\/\/justicapotiguar.com.br\/wp-content\/uploads\/2026\/03\/deputada-768x512.jpg 768w\" sizes=\"(max-width: 1000px) 100vw, 1000px\" \/><figcaption>Foto: Pablo Valadares\/C\u00e2mara dos Deputados<\/figcaption><\/figure>\n\n\n\n<p>A Pol\u00edcia Federal deflagrou, nesta ter\u00e7a-feira (17\/3), mais uma etapa de opera\u00e7\u00e3o voltada \u00e0 investiga\u00e7\u00e3o de um esquema nacional de cobran\u00e7as associativas indevidas aplicadas sobre aposentadorias e pens\u00f5es. A a\u00e7\u00e3o ocorre em parceria com a Controladoria-Geral da Uni\u00e3o (CGU) e tem como foco desarticular pr\u00e1ticas fraudulentas que vinham atingindo benefici\u00e1rios do Instituto Nacional do Seguro Social (INSS).<\/p>\n\n\n\n<p>Entre os alvos est\u00e1 a deputada federal Maria Gorete Pereira (MDB-CE), que foi submetida ao uso de tornozeleira eletr\u00f4nica por determina\u00e7\u00e3o judicial. Tamb\u00e9m \u00e9 alvo da opera\u00e7\u00e3o Cec\u00edlia Rodrigues Mota, ex-presidente de entidades representativas de aposentados, que j\u00e1 prestou depoimento na CPMI do INSS em novembro de 2025, contra quem foram expedidos mandados de pris\u00e3o.<\/p>\n\n\n\n<p>Ao todo, est\u00e3o sendo cumpridos 19 mandados de busca e apreens\u00e3o e dois de pris\u00e3o, al\u00e9m de outras medidas cautelares, no Cear\u00e1 e no Distrito Federal. As ordens judiciais foram autorizadas pelo ministro Andr\u00e9 Mendon\u00e7a, do Supremo Tribunal Federal (STF).<\/p><div class=\"xdtlb69ee2863659dd\" ><!--<a href=\"https:\/\/bit.ly\/3QdrqTZ\" target=\"_blank\">\n<img src=\"https:\/\/justicapotiguar.com.br\/wp-content\/uploads\/2023\/09\/mobile-geral.gif\"\/><a\/>--><\/div><style type=\"text\/css\">\r\n.xdtlb69ee2863659dd {\r\ntext-align: center;\r\n}\r\n@media screen and (min-width: 1201px) {\r\n.xdtlb69ee2863659dd {\r\ndisplay: none;\r\n}\r\n}\r\n@media screen and (min-width: 993px) and (max-width: 1200px) {\r\n.xdtlb69ee2863659dd {\r\ndisplay: none;\r\n}\r\n}\r\n@media screen and (min-width: 769px) and (max-width: 992px) {\r\n.xdtlb69ee2863659dd {\r\ndisplay: none;\r\n}\r\n}\r\n@media screen and (min-width: 768px) and (max-width: 768px) {\r\n.xdtlb69ee2863659dd {\r\ndisplay: block;\r\n}\r\n}\r\n@media screen and (max-width: 767px) {\r\n.xdtlb69ee2863659dd {\r\ndisplay: block;\r\n}\r\n}\r\n<\/style>\r\n<div class=\"wrpnv69ee2863659c7\" ><!--<a href=\"https:\/\/bit.ly\/3QdrqTZ\" target=\"_blank\">\n<img src=\"https:\/\/justicapotiguar.com.br\/wp-content\/uploads\/2023\/09\/desktop-geral.gif\"\/><a\/>--><\/div><style type=\"text\/css\">\r\n.wrpnv69ee2863659c7 {\r\ntext-align: center;\nmargin-bottom: 1em;\r\n}\r\n@media screen and (min-width: 1201px) {\r\n.wrpnv69ee2863659c7 {\r\ndisplay: block;\r\n}\r\n}\r\n@media screen and (min-width: 993px) and (max-width: 1200px) {\r\n.wrpnv69ee2863659c7 {\r\ndisplay: block;\r\n}\r\n}\r\n@media screen and (min-width: 769px) and (max-width: 992px) {\r\n.wrpnv69ee2863659c7 {\r\ndisplay: block;\r\n}\r\n}\r\n@media screen and (min-width: 768px) and (max-width: 768px) {\r\n.wrpnv69ee2863659c7 {\r\ndisplay: none;\r\n}\r\n}\r\n@media screen and (max-width: 767px) {\r\n.wrpnv69ee2863659c7 {\r\ndisplay: none;\r\n}\r\n}\r\n<\/style>\r\n\n\n\n\n<p>Em resposta preliminar, a assessoria da deputada informou ao Correio n\u00e3o ter conhecimento detalhado sobre a opera\u00e7\u00e3o at\u00e9 o momento. \u201cAinda estamos buscando informa\u00e7\u00f5es sobre o ocorrido\u201d, afirmou.<\/p>\n\n\n\n<p>Segundo os investigadores, o grupo \u00e9 suspeito de inserir dados falsos em sistemas oficiais para viabilizar descontos n\u00e3o autorizados diretamente nos benef\u00edcios previdenci\u00e1rios. As apura\u00e7\u00f5es tamb\u00e9m envolvem ind\u00edcios de organiza\u00e7\u00e3o criminosa, estelionato previdenci\u00e1rio e estrat\u00e9gias de oculta\u00e7\u00e3o e dissipa\u00e7\u00e3o de patrim\u00f4nio.<br><br><em>Fonte: Correio Braziliense<\/em><\/p>\n","protected":false},"excerpt":{"rendered":"<p>Entre os alvos est\u00e1 a deputada federal Maria Gorete Pereira (MDB-CE), que foi submetida ao uso de tornozeleira eletr\u00f4nica por determina\u00e7\u00e3o judicial. <br \/><a class=\"more-link\" href=\"https:\/\/justicapotiguar.com.br\/index.php\/2026\/03\/17\/deputada-do-ceara-e-alvo-de-operacao-da-policia-federal-que-mira-fraudes-no-inss\/\">Mais&#8230;<\/a><\/p>\n","protected":false},"author":8,"featured_media":0,"comment_status":"open","ping_status":"open","sticky":false,"template":"","format":"standard","meta":[],"categories":[3],"tags":[],"_links":{"self":[{"href":"https:\/\/justicapotiguar.com.br\/index.php\/wp-json\/wp\/v2\/posts\/52225"}],"collection":[{"href":"https:\/\/justicapotiguar.com.br\/index.php\/wp-json\/wp\/v2\/posts"}],"about":[{"href":"https:\/\/justicapotiguar.com.br\/index.php\/wp-json\/wp\/v2\/types\/post"}],"author":[{"embeddable":true,"href":"https:\/\/justicapotiguar.com.br\/index.php\/wp-json\/wp\/v2\/users\/8"}],"replies":[{"embeddable":true,"href":"https:\/\/justicapotiguar.com.br\/index.php\/wp-json\/wp\/v2\/comments?post=52225"}],"version-history":[{"count":3,"href":"https:\/\/justicapotiguar.com.br\/index.php\/wp-json\/wp\/v2\/posts\/52225\/revisions"}],"predecessor-version":[{"id":52229,"href":"https:\/\/justicapotiguar.com.br\/index.php\/wp-json\/wp\/v2\/posts\/52225\/revisions\/52229"}],"wp:attachment":[{"href":"https:\/\/justicapotiguar.com.br\/index.php\/wp-json\/wp\/v2\/media?parent=52225"}],"wp:term":[{"taxonomy":"category","embeddable":true,"href":"https:\/\/justicapotiguar.com.br\/index.php\/wp-json\/wp\/v2\/categories?post=52225"},{"taxonomy":"post_tag","embeddable":true,"href":"https:\/\/justicapotiguar.com.br\/index.php\/wp-json\/wp\/v2\/tags?post=52225"}],"curies":[{"name":"wp","href":"https:\/\/api.w.org\/{rel}","templated":true}]}}