{"id":5151,"date":"2019-12-30T09:03:33","date_gmt":"2019-12-30T12:03:33","guid":{"rendered":"https:\/\/justicapotiguar.com.br\/?p=5151"},"modified":"2019-12-29T23:07:40","modified_gmt":"2019-12-30T02:07:40","slug":"com-fux-na-presidencia-stf-vai-mudar-a-cara","status":"publish","type":"post","link":"https:\/\/justicapotiguar.com.br\/index.php\/2019\/12\/30\/com-fux-na-presidencia-stf-vai-mudar-a-cara\/","title":{"rendered":"Com Fux na presid\u00eancia, STF vai mudar a cara"},"content":{"rendered":"\n<p>O STF, que em 2019 foi motivo de desencanto da sociedade, promete ter um 2020 mais auspicioso. Sobretudo pelo fato de que em setembro o tribunal ter\u00e1 um novo presidente. O ministro Luiz Fux assumir\u00e1 no lugar de Dias Toffoli, desgastado pelas posi\u00e7\u00f5es equivocadas que tomou durante sua gest\u00e3o, principalmente por colocar em vota\u00e7\u00e3o a quest\u00e3o da segunda inst\u00e2ncia, que provocou um dos maiores retrocessos no combate ao crime organizado e \u00e0 corrup\u00e7\u00e3o. O ministro Luiz Fux certamente mudar\u00e1, para melhor, o perfil do STF.<\/p>\n\n\n\n<figure class=\"wp-block-image\"><img loading=\"lazy\" width=\"1024\" height=\"683\" src=\"https:\/\/justicapotiguar.com.br\/wp-content\/uploads\/2019\/08\/Luiz-Fux-1024x683.jpg\" alt=\"\" class=\"wp-image-129\" srcset=\"https:\/\/justicapotiguar.com.br\/wp-content\/uploads\/2019\/08\/Luiz-Fux-1024x683.jpg 1024w, https:\/\/justicapotiguar.com.br\/wp-content\/uploads\/2019\/08\/Luiz-Fux-300x200.jpg 300w, https:\/\/justicapotiguar.com.br\/wp-content\/uploads\/2019\/08\/Luiz-Fux-768x512.jpg 768w, https:\/\/justicapotiguar.com.br\/wp-content\/uploads\/2019\/08\/Luiz-Fux.jpg 1380w\" sizes=\"(max-width: 1024px) 100vw, 1024px\" \/><figcaption>Reprodu\u00e7\u00e3o<\/figcaption><\/figure>\n\n\n\n<p>Dias Toffoli contribuiu, de longe, para que o STF tivesse agravada sua imagem negativa perante a opini\u00e3o p\u00fablica. Primeiramente, por proteger, claramente, os interesses do PT e do ex-presidente Lula no tribunal. E, segundo, por favorecer nitidamente autoridades suspeitas de irregularidades e que foram flagradas pelo Coaf. Entre elas, Gilmar Mendes e ele pr\u00f3prio, ambos suspeitos de realizarem opera\u00e7\u00f5es financeiras n\u00e3o muito transparentes. Isso, sem contar a prote\u00e7\u00e3o ao senador Fl\u00e1vio Bolsonaro que ficou, por mais de seis meses, imune a qualquer investiga\u00e7\u00e3o da Justi\u00e7a do Rio, gra\u00e7as a uma decis\u00e3o de Toffoli, de suspender as investiga\u00e7\u00f5es contra o filho do presidente, que vinham sendo feitas exatamente com base nas irregularidades apontadas pelo Coaf.<\/p><div class=\"qgnib69ef2c6f3e396\" ><!--<a href=\"https:\/\/bit.ly\/3QdrqTZ\" target=\"_blank\">\n<img src=\"https:\/\/justicapotiguar.com.br\/wp-content\/uploads\/2023\/09\/mobile-geral.gif\"\/><a\/>--><\/div><style type=\"text\/css\">\r\n.qgnib69ef2c6f3e396 {\r\ntext-align: center;\r\n}\r\n@media screen and (min-width: 1201px) {\r\n.qgnib69ef2c6f3e396 {\r\ndisplay: none;\r\n}\r\n}\r\n@media screen and (min-width: 993px) and (max-width: 1200px) {\r\n.qgnib69ef2c6f3e396 {\r\ndisplay: none;\r\n}\r\n}\r\n@media screen and (min-width: 769px) and (max-width: 992px) {\r\n.qgnib69ef2c6f3e396 {\r\ndisplay: none;\r\n}\r\n}\r\n@media screen and (min-width: 768px) and (max-width: 768px) {\r\n.qgnib69ef2c6f3e396 {\r\ndisplay: block;\r\n}\r\n}\r\n@media screen and (max-width: 767px) {\r\n.qgnib69ef2c6f3e396 {\r\ndisplay: block;\r\n}\r\n}\r\n<\/style>\r\n<div class=\"ycxvd69ef2c6f3e382\" ><!--<a href=\"https:\/\/bit.ly\/3QdrqTZ\" target=\"_blank\">\n<img src=\"https:\/\/justicapotiguar.com.br\/wp-content\/uploads\/2023\/09\/desktop-geral.gif\"\/><a\/>--><\/div><style type=\"text\/css\">\r\n.ycxvd69ef2c6f3e382 {\r\ntext-align: center;\nmargin-bottom: 1em;\r\n}\r\n@media screen and (min-width: 1201px) {\r\n.ycxvd69ef2c6f3e382 {\r\ndisplay: block;\r\n}\r\n}\r\n@media screen and (min-width: 993px) and (max-width: 1200px) {\r\n.ycxvd69ef2c6f3e382 {\r\ndisplay: block;\r\n}\r\n}\r\n@media screen and (min-width: 769px) and (max-width: 992px) {\r\n.ycxvd69ef2c6f3e382 {\r\ndisplay: block;\r\n}\r\n}\r\n@media screen and (min-width: 768px) and (max-width: 768px) {\r\n.ycxvd69ef2c6f3e382 {\r\ndisplay: none;\r\n}\r\n}\r\n@media screen and (max-width: 767px) {\r\n.ycxvd69ef2c6f3e382 {\r\ndisplay: none;\r\n}\r\n}\r\n<\/style>\r\n\n\n\n\n<p>E para encerrar com chave de ouro, Toffoli patrocinou um esc\u00e2ndalo nos \u00faltimos dias de dezembro, ao fazer uma viagem para Rio Claro, no interior do Paran\u00e1, usando um jatinho da FAB para ele e outros 11 convidados. Ele usou as mordomias do Estado, pagas pelos contribuintes \u2013 que no caso somos n\u00f3s, o povo \u2013 para ir ao interior paranaense inaugurar um f\u00f3rum eleitoral, batizado com o nome de seu pai. At\u00e9 a\u00ed, v\u00e1 l\u00e1. Mas depois dele aproveitou para ir at\u00e9 um resort descansar um fim de semana, retornando a Bras\u00edlia na segunda-feira seguinte. Nesse tempo todo, o avi\u00e3o da FAB e seus pilotos tiveram que permanecer no Paran\u00e1, com di\u00e1rias e outras despesas mais, tamb\u00e9m pagas pelo povo. Sem contar que procuradores da Rep\u00fablica de Curitiba dizem haver suspeitas de que Toffoli teria rela\u00e7\u00f5es comerciais com o dono do resort de Rio Claro. Por mais que isso n\u00e3o tenha ficado comprovado, sempre onde h\u00e1 d\u00favidas \u00e9 melhor n\u00e3o arriscar, mas Toffoli n\u00e3o se mostrou nem um pouco preocupado com o fato.<\/p>\n\n\n\n<p>Isto\u00c9<\/p>\n","protected":false},"excerpt":{"rendered":"<p>Dias Toffoli contribuiu, de longe, para que o STF tivesse agravada sua imagem negativa perante a opini\u00e3o p\u00fablica<br \/><a class=\"more-link\" href=\"https:\/\/justicapotiguar.com.br\/index.php\/2019\/12\/30\/com-fux-na-presidencia-stf-vai-mudar-a-cara\/\">Mais&#8230;<\/a><\/p>\n","protected":false},"author":5,"featured_media":646,"comment_status":"open","ping_status":"open","sticky":false,"template":"","format":"standard","meta":[],"categories":[3],"tags":[],"_links":{"self":[{"href":"https:\/\/justicapotiguar.com.br\/index.php\/wp-json\/wp\/v2\/posts\/5151"}],"collection":[{"href":"https:\/\/justicapotiguar.com.br\/index.php\/wp-json\/wp\/v2\/posts"}],"about":[{"href":"https:\/\/justicapotiguar.com.br\/index.php\/wp-json\/wp\/v2\/types\/post"}],"author":[{"embeddable":true,"href":"https:\/\/justicapotiguar.com.br\/index.php\/wp-json\/wp\/v2\/users\/5"}],"replies":[{"embeddable":true,"href":"https:\/\/justicapotiguar.com.br\/index.php\/wp-json\/wp\/v2\/comments?post=5151"}],"version-history":[{"count":1,"href":"https:\/\/justicapotiguar.com.br\/index.php\/wp-json\/wp\/v2\/posts\/5151\/revisions"}],"predecessor-version":[{"id":5152,"href":"https:\/\/justicapotiguar.com.br\/index.php\/wp-json\/wp\/v2\/posts\/5151\/revisions\/5152"}],"wp:featuredmedia":[{"embeddable":true,"href":"https:\/\/justicapotiguar.com.br\/index.php\/wp-json\/wp\/v2\/media\/646"}],"wp:attachment":[{"href":"https:\/\/justicapotiguar.com.br\/index.php\/wp-json\/wp\/v2\/media?parent=5151"}],"wp:term":[{"taxonomy":"category","embeddable":true,"href":"https:\/\/justicapotiguar.com.br\/index.php\/wp-json\/wp\/v2\/categories?post=5151"},{"taxonomy":"post_tag","embeddable":true,"href":"https:\/\/justicapotiguar.com.br\/index.php\/wp-json\/wp\/v2\/tags?post=5151"}],"curies":[{"name":"wp","href":"https:\/\/api.w.org\/{rel}","templated":true}]}}