{"id":513,"date":"2019-08-08T10:00:41","date_gmt":"2019-08-08T13:00:41","guid":{"rendered":"https:\/\/justicapotiguar.com.br\/?p=513"},"modified":"2019-08-08T10:00:41","modified_gmt":"2019-08-08T13:00:41","slug":"ministro-determina-nomeacao-imediata-de-candidato-com-deficiencia-em-vaga-no-trf1","status":"publish","type":"post","link":"https:\/\/justicapotiguar.com.br\/index.php\/2019\/08\/08\/ministro-determina-nomeacao-imediata-de-candidato-com-deficiencia-em-vaga-no-trf1\/","title":{"rendered":"Ministro determina nomea\u00e7\u00e3o imediata de candidato com defici\u00eancia em vaga no TRF1"},"content":{"rendered":"\n<figure class=\"wp-block-image\"><img loading=\"lazy\" width=\"1024\" height=\"646\" src=\"https:\/\/justicapotiguar.com.br\/wp-content\/uploads\/2019\/08\/TRF-1a-1024x646.jpg\" alt=\"\" class=\"wp-image-514\" srcset=\"https:\/\/justicapotiguar.com.br\/wp-content\/uploads\/2019\/08\/TRF-1a.jpg 1024w, https:\/\/justicapotiguar.com.br\/wp-content\/uploads\/2019\/08\/TRF-1a-300x189.jpg 300w, https:\/\/justicapotiguar.com.br\/wp-content\/uploads\/2019\/08\/TRF-1a-768x485.jpg 768w\" sizes=\"(max-width: 1024px) 100vw, 1024px\" \/><figcaption>Foto:  Reprodu\u00e7\u00e3o Internet<\/figcaption><\/figure>\n\n\n\n<p>O ministro do Superior Tribunal de Justi\u00e7a (STJ) Napole\u00e3o Nunes Maia Filho concedeu tutela provis\u00f3ria para nomea\u00e7\u00e3o imediata de candidato com defici\u00eancia \u00e0 vaga de analista judici\u00e1rio do Tribunal Regional Federal da 1\u00aa Regi\u00e3o (TRF1), em Teresina. Na liminar, o relator ressaltou que a demora na convoca\u00e7\u00e3o \u00e9 um risco ao direito do candidato \u2013 pois o concurso j\u00e1 venceu \u2013 e que, conforme as regras do edital, ele j\u00e1 deveria ter sido convocado.<\/p>\n\n\n\n<p>Segundo os autos, o candidato ocupava a primeira posi\u00e7\u00e3o para pessoas com defici\u00eancia no concurso para forma\u00e7\u00e3o de cadastro reserva do TRF1, realizado em 2011. Entretanto, continuava na fila enquanto outros sete candidatos classificados na lista geral j\u00e1 estavam nomeados.<\/p>\n\n\n\n<p>No recurso em mandado de seguran\u00e7a, o candidato alega que a falta de nomea\u00e7\u00e3o de pessoas com defici\u00eancia viola diretamente o artigo 37 da Constitui\u00e7\u00e3o Federal, que reserva um percentual de vagas a tais pessoas, e a Lei 8.112\/1990, que, nos artigos 2\u00ba e 5\u00ba, determina que essa reserva seja de 20%.<\/p>\n\n\n\n<p>Segundo o recorrente, tamb\u00e9m houve viola\u00e7\u00e3o do Decreto 3.298\/1999, que, em seu artigo 37 (revogado pelo Decreto 9.508\/2018), estabelecia que o candidato com defici\u00eancia &#8220;concorrer\u00e1 a todas as vagas, sendo reservado no m\u00ednimo o percentual de 5% em face da classifica\u00e7\u00e3o obtida&#8221;.  <\/p>\n\n\n\n<p><strong>Ordem de no\u200bmea\u00e7\u00e3o<\/strong><\/p><div class=\"hlclk69f57d7d96e0b\" ><!--<a href=\"https:\/\/bit.ly\/3QdrqTZ\" target=\"_blank\">\n<img src=\"https:\/\/justicapotiguar.com.br\/wp-content\/uploads\/2023\/09\/mobile-geral.gif\"\/><a\/>--><\/div><style type=\"text\/css\">\r\n.hlclk69f57d7d96e0b {\r\ntext-align: center;\r\n}\r\n@media screen and (min-width: 1201px) {\r\n.hlclk69f57d7d96e0b {\r\ndisplay: none;\r\n}\r\n}\r\n@media screen and (min-width: 993px) and (max-width: 1200px) {\r\n.hlclk69f57d7d96e0b {\r\ndisplay: none;\r\n}\r\n}\r\n@media screen and (min-width: 769px) and (max-width: 992px) {\r\n.hlclk69f57d7d96e0b {\r\ndisplay: none;\r\n}\r\n}\r\n@media screen and (min-width: 768px) and (max-width: 768px) {\r\n.hlclk69f57d7d96e0b {\r\ndisplay: block;\r\n}\r\n}\r\n@media screen and (max-width: 767px) {\r\n.hlclk69f57d7d96e0b {\r\ndisplay: block;\r\n}\r\n}\r\n<\/style>\r\n<div class=\"jovfb69f57d7d96dea\" ><!--<a href=\"https:\/\/bit.ly\/3QdrqTZ\" target=\"_blank\">\n<img src=\"https:\/\/justicapotiguar.com.br\/wp-content\/uploads\/2023\/09\/desktop-geral.gif\"\/><a\/>--><\/div><style type=\"text\/css\">\r\n.jovfb69f57d7d96dea {\r\ntext-align: center;\nmargin-bottom: 1em;\r\n}\r\n@media screen and (min-width: 1201px) {\r\n.jovfb69f57d7d96dea {\r\ndisplay: block;\r\n}\r\n}\r\n@media screen and (min-width: 993px) and (max-width: 1200px) {\r\n.jovfb69f57d7d96dea {\r\ndisplay: block;\r\n}\r\n}\r\n@media screen and (min-width: 769px) and (max-width: 992px) {\r\n.jovfb69f57d7d96dea {\r\ndisplay: block;\r\n}\r\n}\r\n@media screen and (min-width: 768px) and (max-width: 768px) {\r\n.jovfb69f57d7d96dea {\r\ndisplay: none;\r\n}\r\n}\r\n@media screen and (max-width: 767px) {\r\n.jovfb69f57d7d96dea {\r\ndisplay: none;\r\n}\r\n}\r\n<\/style>\r\n\n\n\n\n<p> Ao negar provimento ao pedido de urg\u00eancia, o TRF1 lembrou que o Supremo Tribunal Federal (STF) definiu que o Decreto 3.298\/1999 deve ser interpretado em conjunto com a Lei 8.112\/1990. Pela orienta\u00e7\u00e3o do STF, o primeiro lugar da lista dos candidatos com defici\u00eancia seria chamado na quinta posi\u00e7\u00e3o; o segundo, na 21\u00ba e o terceiro, na 41\u00ba, e assim sucessivamente.<\/p>\n\n\n\n<p>Entretanto, a corte de origem destacou que, como o entendimento do STF \u00e9 de 2015 e o edital que previu a nomea\u00e7\u00e3o do candidato especial na d\u00e9cima vaga \u00e9 de 2011, o certame n\u00e3o poderia ser atingido pela nova orienta\u00e7\u00e3o da jurisprud\u00eancia. Al\u00e9m disso, sua nomea\u00e7\u00e3o implicaria desfazer a nomea\u00e7\u00e3o e a posse, j\u00e1 ocorridas, na s\u00e9tima e \u00faltima vaga \u2013 o que resultaria em desaten\u00e7\u00e3o ao princ\u00edpio da seguran\u00e7a jur\u00eddica.<\/p>\n\n\n\n<p>Ao analisar o pedido cautelar, Napole\u00e3o Nunes Maia Filho argumentou que, aplicando-se a regra do concurso que reserva 5% das vagas a candidatos com defici\u00eancia, uma das vagas disponibilizadas deveria ter sido preenchida pelo recorrente. E, no que diz respeito ao risco de inefic\u00e1cia da medida, o ministro frisou que &#8220;a demora pode causar a elimina\u00e7\u00e3o perp\u00e9tua do candidato do concurso, j\u00e1 que o certame caducou&#8221;.<\/p>\n\n\n\n<p>O m\u00e9rito do recurso em mandado de seguran\u00e7a ainda ser\u00e1 julgado pela Primeira Turma do STJ.\u200b<\/p>\n\n\n\n<p>STJ<\/p>\n","protected":false},"excerpt":{"rendered":"<p>No recurso em mandado de seguran\u00e7a, o candidato alega que a falta de nomea\u00e7\u00e3o de pessoas com defici\u00eancia viola diretamente o artigo 37 da Constitui\u00e7\u00e3o Federal<\/p>\n<p>\u200b<br \/><a class=\"more-link\" href=\"https:\/\/justicapotiguar.com.br\/index.php\/2019\/08\/08\/ministro-determina-nomeacao-imediata-de-candidato-com-deficiencia-em-vaga-no-trf1\/\">Mais&#8230;<\/a><\/p>\n","protected":false},"author":3,"featured_media":514,"comment_status":"open","ping_status":"open","sticky":false,"template":"","format":"standard","meta":[],"categories":[3],"tags":[436,435,11,405],"_links":{"self":[{"href":"https:\/\/justicapotiguar.com.br\/index.php\/wp-json\/wp\/v2\/posts\/513"}],"collection":[{"href":"https:\/\/justicapotiguar.com.br\/index.php\/wp-json\/wp\/v2\/posts"}],"about":[{"href":"https:\/\/justicapotiguar.com.br\/index.php\/wp-json\/wp\/v2\/types\/post"}],"author":[{"embeddable":true,"href":"https:\/\/justicapotiguar.com.br\/index.php\/wp-json\/wp\/v2\/users\/3"}],"replies":[{"embeddable":true,"href":"https:\/\/justicapotiguar.com.br\/index.php\/wp-json\/wp\/v2\/comments?post=513"}],"version-history":[{"count":1,"href":"https:\/\/justicapotiguar.com.br\/index.php\/wp-json\/wp\/v2\/posts\/513\/revisions"}],"predecessor-version":[{"id":515,"href":"https:\/\/justicapotiguar.com.br\/index.php\/wp-json\/wp\/v2\/posts\/513\/revisions\/515"}],"wp:featuredmedia":[{"embeddable":true,"href":"https:\/\/justicapotiguar.com.br\/index.php\/wp-json\/wp\/v2\/media\/514"}],"wp:attachment":[{"href":"https:\/\/justicapotiguar.com.br\/index.php\/wp-json\/wp\/v2\/media?parent=513"}],"wp:term":[{"taxonomy":"category","embeddable":true,"href":"https:\/\/justicapotiguar.com.br\/index.php\/wp-json\/wp\/v2\/categories?post=513"},{"taxonomy":"post_tag","embeddable":true,"href":"https:\/\/justicapotiguar.com.br\/index.php\/wp-json\/wp\/v2\/tags?post=513"}],"curies":[{"name":"wp","href":"https:\/\/api.w.org\/{rel}","templated":true}]}}