{"id":5119,"date":"2019-12-27T14:10:15","date_gmt":"2019-12-27T17:10:15","guid":{"rendered":"https:\/\/justicapotiguar.com.br\/?p=5119"},"modified":"2019-12-27T12:44:02","modified_gmt":"2019-12-27T15:44:02","slug":"para-aras-justica-do-trabalho-deve-julgar-contribuicao-sindical-de-servidores","status":"publish","type":"post","link":"https:\/\/justicapotiguar.com.br\/index.php\/2019\/12\/27\/para-aras-justica-do-trabalho-deve-julgar-contribuicao-sindical-de-servidores\/","title":{"rendered":"Para Aras, Justi\u00e7a do Trabalho deve julgar contribui\u00e7\u00e3o sindical de servidores"},"content":{"rendered":"\n<figure class=\"wp-block-image\"><img loading=\"lazy\" width=\"1024\" height=\"492\" src=\"https:\/\/justicapotiguar.com.br\/wp-content\/uploads\/2019\/09\/aras-1024x492.jpeg\" alt=\"\" class=\"wp-image-1861\" srcset=\"https:\/\/justicapotiguar.com.br\/wp-content\/uploads\/2019\/09\/aras-1024x492.jpeg 1024w, https:\/\/justicapotiguar.com.br\/wp-content\/uploads\/2019\/09\/aras-300x144.jpeg 300w, https:\/\/justicapotiguar.com.br\/wp-content\/uploads\/2019\/09\/aras-768x369.jpeg 768w, https:\/\/justicapotiguar.com.br\/wp-content\/uploads\/2019\/09\/aras.jpeg 1250w\" sizes=\"(max-width: 1024px) 100vw, 1024px\" \/><figcaption>Reprodu\u00e7\u00e3o<\/figcaption><\/figure>\n\n\n\n<p>O procurador-geral, Augusto Aras, requereu ao Supremo o desprovimento de Recurso Extraordin\u00e1rio, apontado como paradigma de repercuss\u00e3o geral, sobre a compet\u00eancia para processar e julgar as demandas nas quais sejam discutidos o recolhimento e o repasse de contribui\u00e7\u00e3o sindical de servidores p\u00fablicos sob o regime estatut\u00e1rio.<\/p>\n\n\n\n<p>De acordo com o PGR, compete \u00e0 Justi\u00e7a do Trabalho a an\u00e1lise da tem\u00e1tica em quest\u00e3o, n\u00e3o devendo ser permitido o recolhimento compuls\u00f3rio de contribui\u00e7\u00e3o sindical destes servidores, em respeito ao artigo 114, III, da Constitui\u00e7\u00e3o, com reda\u00e7\u00e3o atribu\u00edda pela EC 45\/2004, e ao direito \u00e0 livre associa\u00e7\u00e3o sindical conferida pela Carta de 1988 ao servidor p\u00fablico civil.<\/p>\n\n\n\n<p>As informa\u00e7\u00f5es foram detalhadas pela Secretaria de Comunica\u00e7\u00e3o Social no site da PGR. No caso concreto, a Confedera\u00e7\u00e3o dos Servidores P\u00fablicos do Brasil (CSPB) e a Federa\u00e7\u00e3o Nacional dos Servidores dos Minist\u00e9rios P\u00fablicos Estaduais (Fenasempe) impetraram mandado de seguran\u00e7a em face de ato do defensor p\u00fablico do Amazonas.<\/p>\n\n\n\n<p>O pedido tinha por objetivo obter a determina\u00e7\u00e3o judicial para o recolhimento da contribui\u00e7\u00e3o sindical dos servidores vinculados \u00e0 Defensoria P\u00fablica do Estado, com o respectivo repasse dos valores, referentes a 2015, \u00e0 Confedera\u00e7\u00e3o dos Servidores P\u00fablicos do Brasil (CSPB) e \u00e0 Federa\u00e7\u00e3o Nacional dos Servidores dos Minist\u00e9rios P\u00fablicos Estaduais.<\/p>\n\n\n\n<p>O Tribunal de origem determinou a remessa dos autos \u00e0 Justi\u00e7a especializada, confirmando entendimento de que, ap\u00f3s a Emenda Constitucional 45\/2004, compete \u00e0 Justi\u00e7a do Trabalho processar e julgar demandas relativas ao tema.<\/p><div class=\"rhfwk69f319cb32b09\" ><!--<a href=\"https:\/\/bit.ly\/3QdrqTZ\" target=\"_blank\">\n<img src=\"https:\/\/justicapotiguar.com.br\/wp-content\/uploads\/2023\/09\/mobile-geral.gif\"\/><a\/>--><\/div><style type=\"text\/css\">\r\n.rhfwk69f319cb32b09 {\r\ntext-align: center;\r\n}\r\n@media screen and (min-width: 1201px) {\r\n.rhfwk69f319cb32b09 {\r\ndisplay: none;\r\n}\r\n}\r\n@media screen and (min-width: 993px) and (max-width: 1200px) {\r\n.rhfwk69f319cb32b09 {\r\ndisplay: none;\r\n}\r\n}\r\n@media screen and (min-width: 769px) and (max-width: 992px) {\r\n.rhfwk69f319cb32b09 {\r\ndisplay: none;\r\n}\r\n}\r\n@media screen and (min-width: 768px) and (max-width: 768px) {\r\n.rhfwk69f319cb32b09 {\r\ndisplay: block;\r\n}\r\n}\r\n@media screen and (max-width: 767px) {\r\n.rhfwk69f319cb32b09 {\r\ndisplay: block;\r\n}\r\n}\r\n<\/style>\r\n<div class=\"fgryr69f319cb32af5\" ><!--<a href=\"https:\/\/bit.ly\/3QdrqTZ\" target=\"_blank\">\n<img src=\"https:\/\/justicapotiguar.com.br\/wp-content\/uploads\/2023\/09\/desktop-geral.gif\"\/><a\/>--><\/div><style type=\"text\/css\">\r\n.fgryr69f319cb32af5 {\r\ntext-align: center;\nmargin-bottom: 1em;\r\n}\r\n@media screen and (min-width: 1201px) {\r\n.fgryr69f319cb32af5 {\r\ndisplay: block;\r\n}\r\n}\r\n@media screen and (min-width: 993px) and (max-width: 1200px) {\r\n.fgryr69f319cb32af5 {\r\ndisplay: block;\r\n}\r\n}\r\n@media screen and (min-width: 769px) and (max-width: 992px) {\r\n.fgryr69f319cb32af5 {\r\ndisplay: block;\r\n}\r\n}\r\n@media screen and (min-width: 768px) and (max-width: 768px) {\r\n.fgryr69f319cb32af5 {\r\ndisplay: none;\r\n}\r\n}\r\n@media screen and (max-width: 767px) {\r\n.fgryr69f319cb32af5 {\r\ndisplay: none;\r\n}\r\n}\r\n<\/style>\r\n\n\n\n\n<p>Contra essa decis\u00e3o, as duas entidades, CSPB e Fenasempe, se insurgiram por meio de recurso extraordin\u00e1rio.<\/p>\n\n\n\n<p>Para o chefe do Minist\u00e9rio P\u00fablico Federal, o recurso n\u00e3o deve prosperar, uma vez que a nova reda\u00e7\u00e3o do artigo 114 da Constitui\u00e7\u00e3o amplificou a compet\u00eancia da Justi\u00e7a do Trabalho para processar e julgar as a\u00e7\u00f5es sobre representa\u00e7\u00e3o sindical, entre sindicatos, entre sindicatos e trabalhadores, e entre sindicatos e empregadores.<\/p>\n\n\n\n<p>&#8220;De fato, a EC 45\/2004 trouxe significativas mudan\u00e7as na compet\u00eancia material da Justi\u00e7a do Trabalho, constituindo-a como verdadeiro ramo do Judici\u00e1rio vocacionado \u00e0 tutela especializada do trabalho humano&#8221;, ponderou Augusto Aras.<\/p>\n\n\n\n<p>Ele se manifesta pelo desprovimento do recurso, e sugere a fixa\u00e7\u00e3o da seguinte tese jur\u00eddica: &#8220;Compete \u00e0 Justi\u00e7a do Trabalho, nos termos do artigo 114, III, da Constitui\u00e7\u00e3o, com reda\u00e7\u00e3o atribu\u00edda pela Emenda Constitucional 45\/2004, processar e julgar as demandas de direito sindical nas quais se discutem o recolhimento e o repasse de contribui\u00e7\u00f5es devidas \u00e0s entidades associativas sindicais pelos servidores p\u00fablicos civis, aos quais a Constitui\u00e7\u00e3o garantiu o direito \u00e0 livre associa\u00e7\u00e3o sindical (art. 37, VI).&#8221;<\/p>\n\n\n\n<p>Estado de Minas<\/p>\n","protected":false},"excerpt":{"rendered":"<p>De acordo com o PGR, compete \u00e0 Justi\u00e7a do Trabalho a an\u00e1lise da tem\u00e1tica em quest\u00e3o<br \/><a class=\"more-link\" href=\"https:\/\/justicapotiguar.com.br\/index.php\/2019\/12\/27\/para-aras-justica-do-trabalho-deve-julgar-contribuicao-sindical-de-servidores\/\">Mais&#8230;<\/a><\/p>\n","protected":false},"author":5,"featured_media":1861,"comment_status":"open","ping_status":"open","sticky":false,"template":"","format":"standard","meta":[],"categories":[3],"tags":[],"_links":{"self":[{"href":"https:\/\/justicapotiguar.com.br\/index.php\/wp-json\/wp\/v2\/posts\/5119"}],"collection":[{"href":"https:\/\/justicapotiguar.com.br\/index.php\/wp-json\/wp\/v2\/posts"}],"about":[{"href":"https:\/\/justicapotiguar.com.br\/index.php\/wp-json\/wp\/v2\/types\/post"}],"author":[{"embeddable":true,"href":"https:\/\/justicapotiguar.com.br\/index.php\/wp-json\/wp\/v2\/users\/5"}],"replies":[{"embeddable":true,"href":"https:\/\/justicapotiguar.com.br\/index.php\/wp-json\/wp\/v2\/comments?post=5119"}],"version-history":[{"count":1,"href":"https:\/\/justicapotiguar.com.br\/index.php\/wp-json\/wp\/v2\/posts\/5119\/revisions"}],"predecessor-version":[{"id":5120,"href":"https:\/\/justicapotiguar.com.br\/index.php\/wp-json\/wp\/v2\/posts\/5119\/revisions\/5120"}],"wp:featuredmedia":[{"embeddable":true,"href":"https:\/\/justicapotiguar.com.br\/index.php\/wp-json\/wp\/v2\/media\/1861"}],"wp:attachment":[{"href":"https:\/\/justicapotiguar.com.br\/index.php\/wp-json\/wp\/v2\/media?parent=5119"}],"wp:term":[{"taxonomy":"category","embeddable":true,"href":"https:\/\/justicapotiguar.com.br\/index.php\/wp-json\/wp\/v2\/categories?post=5119"},{"taxonomy":"post_tag","embeddable":true,"href":"https:\/\/justicapotiguar.com.br\/index.php\/wp-json\/wp\/v2\/tags?post=5119"}],"curies":[{"name":"wp","href":"https:\/\/api.w.org\/{rel}","templated":true}]}}