{"id":50029,"date":"2026-01-14T16:53:14","date_gmt":"2026-01-14T19:53:14","guid":{"rendered":"https:\/\/justicapotiguar.com.br\/?p=50029"},"modified":"2026-01-14T17:03:04","modified_gmt":"2026-01-14T20:03:04","slug":"governo-federal-entregara-40-smart-tvs-para-sessoes-de-cinema-nas-penitenciarias-federais","status":"publish","type":"post","link":"https:\/\/justicapotiguar.com.br\/index.php\/2026\/01\/14\/governo-federal-entregara-40-smart-tvs-para-sessoes-de-cinema-nas-penitenciarias-federais\/","title":{"rendered":"Governo federal entregar\u00e1 40 Smart TVs para sess\u00f5es de cinema nas penitenci\u00e1rias federais"},"content":{"rendered":"\n<figure class=\"wp-block-image size-large\"><img loading=\"lazy\" width=\"980\" height=\"655\" src=\"https:\/\/justicapotiguar.com.br\/wp-content\/uploads\/2026\/01\/penitenciaria-federal-de-mossoro.jpg\" alt=\"\" class=\"wp-image-50032\" srcset=\"https:\/\/justicapotiguar.com.br\/wp-content\/uploads\/2026\/01\/penitenciaria-federal-de-mossoro.jpg 980w, https:\/\/justicapotiguar.com.br\/wp-content\/uploads\/2026\/01\/penitenciaria-federal-de-mossoro-300x201.jpg 300w, https:\/\/justicapotiguar.com.br\/wp-content\/uploads\/2026\/01\/penitenciaria-federal-de-mossoro-768x513.jpg 768w\" sizes=\"(max-width: 980px) 100vw, 980px\" \/><figcaption>Foto: Fred Carvalho\/g1<\/figcaption><\/figure>\n\n\n\n<p>O governo federal vai disponibilizar 40 Smart TVs para que os presos das penitenci\u00e1rias federais de seguran\u00e7a m\u00e1xima tenham acesso a sess\u00f5es de cinema. De acordo com a Secretaria Nacional de Pol\u00edticas Penais (Senappen), as exibi\u00e7\u00f5es v\u00e3o ocorrer dentro de um projeto voltado para a reintegra\u00e7\u00e3o de pessoas privadas de liberdade, chamado ReintegraCINE.  <\/p>\n\n\n\n<p>Conforme o Senappen, a atividade j\u00e1 era ofertada nas penitenci\u00e1rias federais por meio da chamada Cinemateca, com a exibi\u00e7\u00e3o de conte\u00fados em m\u00eddias f\u00edsicas, como DVDs e VHS. No entanto, alega a obsolesc\u00eancia desses formatos e a necessidade de moderniza\u00e7\u00e3o tecnol\u00f3gica da iniciativa.<\/p>\n\n\n\n<p>&#8220;O ReintegraCINE representa, portanto, a moderniza\u00e7\u00e3o de uma atividade j\u00e1 existente, devidamente normatizada, em conformidade com a Lei de Execu\u00e7\u00e3o Penal, pelo Manual de Assist\u00eancias do Sistema Penitenci\u00e1rio Federal, aprovado pela em 21 de mar\u00e7o de 2022, que estabelece diretrizes para a implementa\u00e7\u00e3o de a\u00e7\u00f5es voltadas \u00e0 assist\u00eancia material, educacional, social, cultural e recreativa, em conson\u00e2ncia com a Lei de Execu\u00e7\u00e3o Penal&#8221;, disse em nota.<\/p>\n\n\n\n<p>A secretaria esclareceu que as pessoas privadas de liberdade n\u00e3o ter\u00e3o acesso direto aos televisores ou a qualquer equipamento com conex\u00e3o \u00e0 internet e que os aparelhos ser\u00e3o previamente configurados com restri\u00e7\u00f5es t\u00e9cnicas rigorosas, em estrita observ\u00e2ncia aos protocolos do Sistema Penitenci\u00e1rio Federal.<\/p><div class=\"sllrd69ef20b5c18ba\" ><!--<a href=\"https:\/\/bit.ly\/3QdrqTZ\" target=\"_blank\">\n<img src=\"https:\/\/justicapotiguar.com.br\/wp-content\/uploads\/2023\/09\/mobile-geral.gif\"\/><a\/>--><\/div><style type=\"text\/css\">\r\n.sllrd69ef20b5c18ba {\r\ntext-align: center;\r\n}\r\n@media screen and (min-width: 1201px) {\r\n.sllrd69ef20b5c18ba {\r\ndisplay: none;\r\n}\r\n}\r\n@media screen and (min-width: 993px) and (max-width: 1200px) {\r\n.sllrd69ef20b5c18ba {\r\ndisplay: none;\r\n}\r\n}\r\n@media screen and (min-width: 769px) and (max-width: 992px) {\r\n.sllrd69ef20b5c18ba {\r\ndisplay: none;\r\n}\r\n}\r\n@media screen and (min-width: 768px) and (max-width: 768px) {\r\n.sllrd69ef20b5c18ba {\r\ndisplay: block;\r\n}\r\n}\r\n@media screen and (max-width: 767px) {\r\n.sllrd69ef20b5c18ba {\r\ndisplay: block;\r\n}\r\n}\r\n<\/style>\r\n<div class=\"ntawo69ef20b5c189c\" ><!--<a href=\"https:\/\/bit.ly\/3QdrqTZ\" target=\"_blank\">\n<img src=\"https:\/\/justicapotiguar.com.br\/wp-content\/uploads\/2023\/09\/desktop-geral.gif\"\/><a\/>--><\/div><style type=\"text\/css\">\r\n.ntawo69ef20b5c189c {\r\ntext-align: center;\nmargin-bottom: 1em;\r\n}\r\n@media screen and (min-width: 1201px) {\r\n.ntawo69ef20b5c189c {\r\ndisplay: block;\r\n}\r\n}\r\n@media screen and (min-width: 993px) and (max-width: 1200px) {\r\n.ntawo69ef20b5c189c {\r\ndisplay: block;\r\n}\r\n}\r\n@media screen and (min-width: 769px) and (max-width: 992px) {\r\n.ntawo69ef20b5c189c {\r\ndisplay: block;\r\n}\r\n}\r\n@media screen and (min-width: 768px) and (max-width: 768px) {\r\n.ntawo69ef20b5c189c {\r\ndisplay: none;\r\n}\r\n}\r\n@media screen and (max-width: 767px) {\r\n.ntawo69ef20b5c189c {\r\ndisplay: none;\r\n}\r\n}\r\n<\/style>\r\n\n\n\n\n<p>\u201cA sele\u00e7\u00e3o dos conte\u00fados a serem exibidos ficar\u00e1 sob responsabilidade da Divis\u00e3o de Reabilita\u00e7\u00e3o das Penitenci\u00e1rias Federais, que observar\u00e1 crit\u00e9rios \u00e9ticos, pedag\u00f3gicos e institucionais. A programa\u00e7\u00e3o ser\u00e1 submetida \u00e0 an\u00e1lise da Divis\u00e3o de Seguran\u00e7a e Disciplina, respons\u00e1vel pela avalia\u00e7\u00e3o e aprova\u00e7\u00e3o sob a \u00f3tica da seguran\u00e7a prisional. Al\u00e9m disso, o Conselho Disciplinar do Preso de cada unidade aprovar\u00e1 a listagem nominal dos custodiados que poder\u00e3o participar de cada sess\u00e3o&#8221;, explicou.<\/p>\n\n\n\n<p>Ainda de acordo com a Senappen a atividade passar\u00e1 a ser ofertada a partir da entrega integral e da completa configura\u00e7\u00e3o dos equipamentos, que tem o prazo limite para fevereiro de 2026. Os 40 equipamentos custaram R$ 85.400,00, conforme informou \u00f3rg\u00e3o.<\/p>\n\n\n\n<p>A pasta ressaltou que iniciativas dessa natureza n\u00e3o s\u00e3o exclusivas do Sistema Penitenci\u00e1rio Federal e que diversos sistemas prisionais estaduais desenvolvem projetos e programas de exibi\u00e7\u00e3o de cinema e atividades audiovisuais voltadas \u00e0 reintegra\u00e7\u00e3o.<\/p>\n\n\n\n<p><em>Fonte: Metr\u00f3poles<\/em><\/p>\n","protected":false},"excerpt":{"rendered":"<p>A Secretaria Nacional de Pol\u00edticas Penais (Senappen) esclareceu que as pessoas privadas de liberdade n\u00e3o ter\u00e3o acesso direto aos televisores ou a qualquer equipamento com conex\u00e3o \u00e0 internet.<br \/>\n<br \/><a class=\"more-link\" href=\"https:\/\/justicapotiguar.com.br\/index.php\/2026\/01\/14\/governo-federal-entregara-40-smart-tvs-para-sessoes-de-cinema-nas-penitenciarias-federais\/\">Mais&#8230;<\/a><\/p>\n","protected":false},"author":8,"featured_media":0,"comment_status":"open","ping_status":"open","sticky":false,"template":"","format":"standard","meta":[],"categories":[3],"tags":[],"_links":{"self":[{"href":"https:\/\/justicapotiguar.com.br\/index.php\/wp-json\/wp\/v2\/posts\/50029"}],"collection":[{"href":"https:\/\/justicapotiguar.com.br\/index.php\/wp-json\/wp\/v2\/posts"}],"about":[{"href":"https:\/\/justicapotiguar.com.br\/index.php\/wp-json\/wp\/v2\/types\/post"}],"author":[{"embeddable":true,"href":"https:\/\/justicapotiguar.com.br\/index.php\/wp-json\/wp\/v2\/users\/8"}],"replies":[{"embeddable":true,"href":"https:\/\/justicapotiguar.com.br\/index.php\/wp-json\/wp\/v2\/comments?post=50029"}],"version-history":[{"count":2,"href":"https:\/\/justicapotiguar.com.br\/index.php\/wp-json\/wp\/v2\/posts\/50029\/revisions"}],"predecessor-version":[{"id":50033,"href":"https:\/\/justicapotiguar.com.br\/index.php\/wp-json\/wp\/v2\/posts\/50029\/revisions\/50033"}],"wp:attachment":[{"href":"https:\/\/justicapotiguar.com.br\/index.php\/wp-json\/wp\/v2\/media?parent=50029"}],"wp:term":[{"taxonomy":"category","embeddable":true,"href":"https:\/\/justicapotiguar.com.br\/index.php\/wp-json\/wp\/v2\/categories?post=50029"},{"taxonomy":"post_tag","embeddable":true,"href":"https:\/\/justicapotiguar.com.br\/index.php\/wp-json\/wp\/v2\/tags?post=50029"}],"curies":[{"name":"wp","href":"https:\/\/api.w.org\/{rel}","templated":true}]}}