{"id":50021,"date":"2026-01-14T09:22:17","date_gmt":"2026-01-14T12:22:17","guid":{"rendered":"https:\/\/justicapotiguar.com.br\/?p=50021"},"modified":"2026-01-14T09:22:17","modified_gmt":"2026-01-14T12:22:17","slug":"homem-e-condenado-apos-vandalismo-e-agressoes-em-espetinho-de-pau-dos-ferros","status":"publish","type":"post","link":"https:\/\/justicapotiguar.com.br\/index.php\/2026\/01\/14\/homem-e-condenado-apos-vandalismo-e-agressoes-em-espetinho-de-pau-dos-ferros\/","title":{"rendered":"Homem \u00e9 condenado ap\u00f3s vandalismo e agress\u00f5es em espetinho de Pau dos Ferros"},"content":{"rendered":"\n<figure class=\"wp-block-image size-large\"><img loading=\"lazy\" width=\"800\" height=\"532\" src=\"https:\/\/justicapotiguar.com.br\/wp-content\/uploads\/2026\/01\/barzinho.jpg\" alt=\"\" class=\"wp-image-50022\" srcset=\"https:\/\/justicapotiguar.com.br\/wp-content\/uploads\/2026\/01\/barzinho.jpg 800w, https:\/\/justicapotiguar.com.br\/wp-content\/uploads\/2026\/01\/barzinho-300x200.jpg 300w, https:\/\/justicapotiguar.com.br\/wp-content\/uploads\/2026\/01\/barzinho-768x511.jpg 768w\" sizes=\"(max-width: 800px) 100vw, 800px\" \/><figcaption>Foto: Marcelo Camargo \u2013 EBC<\/figcaption><\/figure>\n\n\n\n<p>O Juizado Especial C\u00edvel e Criminal da Comarca de Pau dos Ferros condenou um homem a indenizar um casal de comerciantes por danos materiais e morais ap\u00f3s discuss\u00e3o que resultou em vandalismo e agress\u00f5es em um espetinho da cidade. A senten\u00e7a \u00e9 do juiz Fl\u00e1vio Roberto Pessoa de Morais e reconhece a responsabilidade civil do r\u00e9u pelos preju\u00edzos causados.<\/p>\n\n\n\n<p>De acordo com o processo, o caso aconteceu em maio de 2025, quando o homem, em estado de embriaguez, colidiu com uma motocicleta estacionada em frente ao estabelecimento das v\u00edtimas. Ap\u00f3s o acidente, ele deixou o local, mas retornou minutos depois, alterado, acusando o comerciante de ter acionado a pol\u00edcia e amea\u00e7ando o casal com uma faca.<\/p>\n\n\n\n<p>Segundo os autos, o agressor passou a quebrar mesas, cadeiras, copos e pratos, al\u00e9m de proferir ofensas e amea\u00e7as contra o casal. A confus\u00e3o provocou p\u00e2nico entre os clientes e obrigou os propriet\u00e1rios a fecharem o estabelecimento por alguns dias. Durante o tumulto, o comerciante teve o dedo fraturado ao ser atingido por uma cadeira arremessada pelo homem.<\/p>\n\n\n\n<p>Diante dos fatos, as v\u00edtimas apresentaram fotos, v\u00eddeos, boletim de ocorr\u00eancia e or\u00e7amentos de conserto da motocicleta e dos m\u00f3veis danificados, estimando o preju\u00edzo total em R$ 18 mil. Em sua defesa, o acusado alegou que as provas n\u00e3o demonstravam com precis\u00e3o os danos alegados e que n\u00e3o havia elementos suficientes para justificar o pagamento de indeniza\u00e7\u00e3o. No entanto, n\u00e3o negou os fatos e n\u00e3o apresentou testemunhas ou provas capazes de afastar sua responsabilidade.<\/p><div class=\"bxtsj69ef209940e77\" ><!--<a href=\"https:\/\/bit.ly\/3QdrqTZ\" target=\"_blank\">\n<img src=\"https:\/\/justicapotiguar.com.br\/wp-content\/uploads\/2023\/09\/mobile-geral.gif\"\/><a\/>--><\/div><style type=\"text\/css\">\r\n.bxtsj69ef209940e77 {\r\ntext-align: center;\r\n}\r\n@media screen and (min-width: 1201px) {\r\n.bxtsj69ef209940e77 {\r\ndisplay: none;\r\n}\r\n}\r\n@media screen and (min-width: 993px) and (max-width: 1200px) {\r\n.bxtsj69ef209940e77 {\r\ndisplay: none;\r\n}\r\n}\r\n@media screen and (min-width: 769px) and (max-width: 992px) {\r\n.bxtsj69ef209940e77 {\r\ndisplay: none;\r\n}\r\n}\r\n@media screen and (min-width: 768px) and (max-width: 768px) {\r\n.bxtsj69ef209940e77 {\r\ndisplay: block;\r\n}\r\n}\r\n@media screen and (max-width: 767px) {\r\n.bxtsj69ef209940e77 {\r\ndisplay: block;\r\n}\r\n}\r\n<\/style>\r\n<div class=\"vsctc69ef209940e54\" ><!--<a href=\"https:\/\/bit.ly\/3QdrqTZ\" target=\"_blank\">\n<img src=\"https:\/\/justicapotiguar.com.br\/wp-content\/uploads\/2023\/09\/desktop-geral.gif\"\/><a\/>--><\/div><style type=\"text\/css\">\r\n.vsctc69ef209940e54 {\r\ntext-align: center;\nmargin-bottom: 1em;\r\n}\r\n@media screen and (min-width: 1201px) {\r\n.vsctc69ef209940e54 {\r\ndisplay: block;\r\n}\r\n}\r\n@media screen and (min-width: 993px) and (max-width: 1200px) {\r\n.vsctc69ef209940e54 {\r\ndisplay: block;\r\n}\r\n}\r\n@media screen and (min-width: 769px) and (max-width: 992px) {\r\n.vsctc69ef209940e54 {\r\ndisplay: block;\r\n}\r\n}\r\n@media screen and (min-width: 768px) and (max-width: 768px) {\r\n.vsctc69ef209940e54 {\r\ndisplay: none;\r\n}\r\n}\r\n@media screen and (max-width: 767px) {\r\n.vsctc69ef209940e54 {\r\ndisplay: none;\r\n}\r\n}\r\n<\/style>\r\n\n\n\n\n<p>Ao analisar o caso, o juiz considerou que as provas documentais e testemunhais confirmaram o relato das v\u00edtimas. Conforme registrado na senten\u00e7a, os depoimentos dos policiais militares que atenderam \u00e0 ocorr\u00eancia e de testemunha demonstraram que o motociclista, sob efeito de \u00e1lcool, causou danos materiais e morais.<\/p>\n\n\n\n<p>\u201cO promovido n\u00e3o s\u00f3 provocou preju\u00edzo material ao danificar a motocicleta, como tamb\u00e9m, ao retornar ao estabelecimento, xingou e amea\u00e7ou os autores, al\u00e9m de quebrar mesas, cadeiras e pratos, havendo ind\u00edcio de que o autor sofreu les\u00e3o f\u00edsica em meio aos fatos\u201d, destacou o magistrado. O juiz observou, contudo, que nem todos os valores declarados foram devidamente comprovados, j\u00e1 que parte das despesas apresentadas n\u00e3o possu\u00eda notas fiscais ou consistia apenas em estimativas.<\/p>\n\n\n\n<p>Dessa forma, com base no artigo 927 do C\u00f3digo Civil, que imp\u00f5e o dever de reparar danos causados a terceiros, o magistrado fixou a indeniza\u00e7\u00e3o por danos materiais em R$ 7.853,97, valor considerado comprovado nos autos. Com rela\u00e7\u00e3o aos danos morais, o magistrado Fl\u00e1vio Roberto n\u00e3o acolheu integralmente o valor solicitado, reduzindo o montante com base em crit\u00e9rios de proporcionalidade, razoabilidade e provas efetivamente apresentadas.<\/p>\n\n\n\n<p>No total, o motociclista foi condenado a pagar R$ 15.853,97, sendo R$ 4 mil por danos morais para cada v\u00edtima e o restante pelos danos materiais causados. O valor determinado pelo juiz considerou par\u00e2metros da jurisprud\u00eancia e a gravidade dos fatos.<br><br><em>Fonte: TJRN<\/em><\/p>\n","protected":false},"excerpt":{"rendered":"<p>No total, o motociclista foi condenado a pagar R$ 15.853,97, sendo R$ 4 mil por danos morais para cada v\u00edtima e o restante pelos danos materiais causados. <br \/><a class=\"more-link\" href=\"https:\/\/justicapotiguar.com.br\/index.php\/2026\/01\/14\/homem-e-condenado-apos-vandalismo-e-agressoes-em-espetinho-de-pau-dos-ferros\/\">Mais&#8230;<\/a><\/p>\n","protected":false},"author":8,"featured_media":0,"comment_status":"open","ping_status":"open","sticky":false,"template":"","format":"standard","meta":[],"categories":[3],"tags":[],"_links":{"self":[{"href":"https:\/\/justicapotiguar.com.br\/index.php\/wp-json\/wp\/v2\/posts\/50021"}],"collection":[{"href":"https:\/\/justicapotiguar.com.br\/index.php\/wp-json\/wp\/v2\/posts"}],"about":[{"href":"https:\/\/justicapotiguar.com.br\/index.php\/wp-json\/wp\/v2\/types\/post"}],"author":[{"embeddable":true,"href":"https:\/\/justicapotiguar.com.br\/index.php\/wp-json\/wp\/v2\/users\/8"}],"replies":[{"embeddable":true,"href":"https:\/\/justicapotiguar.com.br\/index.php\/wp-json\/wp\/v2\/comments?post=50021"}],"version-history":[{"count":1,"href":"https:\/\/justicapotiguar.com.br\/index.php\/wp-json\/wp\/v2\/posts\/50021\/revisions"}],"predecessor-version":[{"id":50023,"href":"https:\/\/justicapotiguar.com.br\/index.php\/wp-json\/wp\/v2\/posts\/50021\/revisions\/50023"}],"wp:attachment":[{"href":"https:\/\/justicapotiguar.com.br\/index.php\/wp-json\/wp\/v2\/media?parent=50021"}],"wp:term":[{"taxonomy":"category","embeddable":true,"href":"https:\/\/justicapotiguar.com.br\/index.php\/wp-json\/wp\/v2\/categories?post=50021"},{"taxonomy":"post_tag","embeddable":true,"href":"https:\/\/justicapotiguar.com.br\/index.php\/wp-json\/wp\/v2\/tags?post=50021"}],"curies":[{"name":"wp","href":"https:\/\/api.w.org\/{rel}","templated":true}]}}