{"id":50015,"date":"2026-01-14T08:30:28","date_gmt":"2026-01-14T11:30:28","guid":{"rendered":"https:\/\/justicapotiguar.com.br\/?p=50015"},"modified":"2026-01-14T08:32:09","modified_gmt":"2026-01-14T11:32:09","slug":"caso-master-volta-a-atormentar-stf-e-aumenta-pressao-sobre-ministros","status":"publish","type":"post","link":"https:\/\/justicapotiguar.com.br\/index.php\/2026\/01\/14\/caso-master-volta-a-atormentar-stf-e-aumenta-pressao-sobre-ministros\/","title":{"rendered":"Caso Banco Master volta a atormentar STF e aumenta press\u00e3o sobre ministros"},"content":{"rendered":"\n<figure class=\"wp-block-image size-large\"><img loading=\"lazy\" width=\"1024\" height=\"651\" src=\"https:\/\/justicapotiguar.com.br\/wp-content\/uploads\/2026\/01\/dias-toffoli-1024x651.jpg\" alt=\"\" class=\"wp-image-50016\" srcset=\"https:\/\/justicapotiguar.com.br\/wp-content\/uploads\/2026\/01\/dias-toffoli-1024x651.jpg 1024w, https:\/\/justicapotiguar.com.br\/wp-content\/uploads\/2026\/01\/dias-toffoli-300x191.jpg 300w, https:\/\/justicapotiguar.com.br\/wp-content\/uploads\/2026\/01\/dias-toffoli-768x489.jpg 768w, https:\/\/justicapotiguar.com.br\/wp-content\/uploads\/2026\/01\/dias-toffoli-1536x977.jpg 1536w, https:\/\/justicapotiguar.com.br\/wp-content\/uploads\/2026\/01\/dias-toffoli.jpg 2034w\" sizes=\"(max-width: 1024px) 100vw, 1024px\" \/><figcaption>Cr\u00e9dito: Ton Molina\/STF<\/figcaption><\/figure>\n\n\n\n<p>Novas revela\u00e7\u00f5es envolvendo o esquema fraudulento do Banco Master levam de novo o Supremo Tribunal Federal (STF) para o epicentro da crise, com desfechos ainda imprevis\u00edveis.<\/p>\n\n\n\n<p>O caso renova a press\u00e3o no Congresso sobre ministros, em especial por uma CPI mista para investigar os tent\u00e1culos do banco nos Poderes e a eventual atua\u00e7\u00e3o de agentes p\u00fablicos na trama. Contudo, ainda n\u00e3o h\u00e1 consenso entre os parlamentares sobre at\u00e9 que ponto seria vantajoso abrir essa Caixa de Pandora \u2013 ainda mais com a proximidade das elei\u00e7\u00f5es.<\/p>\n\n\n\n<p>A Folha de S.Paulo noticiou na segunda-feira (12\/1) que empresas ligadas a parentes do ministro Dias Toffoli tiveram como s\u00f3cio um fundo de investimento vinculado ao esquema de fraudes do Master, de Daniel Vorcaro.<\/p>\n\n\n\n<p>A rea\u00e7\u00e3o inicial na Corte \u00e9 de cautela quanto \u00e0s publica\u00e7\u00f5es. Os ministros t\u00eam receio de que os desdobramentos possam fragilizar a imagem do Tribunal. Para os ministros, ainda \u00e9 cedo para uma posi\u00e7\u00e3o, e a den\u00fancia precisa de mais lastro.<\/p>\n\n\n\n<p>H\u00e1 uma preocupa\u00e7\u00e3o entre os magistrados com o tom especulativo da trama envolvendo Toffoli. Um ministro chegou a analisar que as \u201cimputa\u00e7\u00f5es s\u00e3o vagas\u201d e que pode haver alguma orquestra\u00e7\u00e3o na divulga\u00e7\u00e3o das mat\u00e9rias.<\/p>\n\n\n\n<p>Existe uma leitura dentro do Tribunal de que est\u00e1 sendo constru\u00edda uma narrativa para levar o nome de Toffoli para o centro de uma crise \u2013 o que ficaria mais tang\u00edvel (e relativamente f\u00e1cil) quando se soma a outros elementos, como o sigilo extremo do processo e a carona do ministro no avi\u00e3o do advogado para um jogo de futebol, em Lima, no Peru. Contudo, a interlocutores, o ministro tem dito que n\u00e3o deve arrefecer as investiga\u00e7\u00f5es.<\/p><div class=\"dadia69ef20c28688d\" ><!--<a href=\"https:\/\/bit.ly\/3QdrqTZ\" target=\"_blank\">\n<img src=\"https:\/\/justicapotiguar.com.br\/wp-content\/uploads\/2023\/09\/mobile-geral.gif\"\/><a\/>--><\/div><style type=\"text\/css\">\r\n.dadia69ef20c28688d {\r\ntext-align: center;\r\n}\r\n@media screen and (min-width: 1201px) {\r\n.dadia69ef20c28688d {\r\ndisplay: none;\r\n}\r\n}\r\n@media screen and (min-width: 993px) and (max-width: 1200px) {\r\n.dadia69ef20c28688d {\r\ndisplay: none;\r\n}\r\n}\r\n@media screen and (min-width: 769px) and (max-width: 992px) {\r\n.dadia69ef20c28688d {\r\ndisplay: none;\r\n}\r\n}\r\n@media screen and (min-width: 768px) and (max-width: 768px) {\r\n.dadia69ef20c28688d {\r\ndisplay: block;\r\n}\r\n}\r\n@media screen and (max-width: 767px) {\r\n.dadia69ef20c28688d {\r\ndisplay: block;\r\n}\r\n}\r\n<\/style>\r\n<div class=\"enonm69ef20c28686e\" ><!--<a href=\"https:\/\/bit.ly\/3QdrqTZ\" target=\"_blank\">\n<img src=\"https:\/\/justicapotiguar.com.br\/wp-content\/uploads\/2023\/09\/desktop-geral.gif\"\/><a\/>--><\/div><style type=\"text\/css\">\r\n.enonm69ef20c28686e {\r\ntext-align: center;\nmargin-bottom: 1em;\r\n}\r\n@media screen and (min-width: 1201px) {\r\n.enonm69ef20c28686e {\r\ndisplay: block;\r\n}\r\n}\r\n@media screen and (min-width: 993px) and (max-width: 1200px) {\r\n.enonm69ef20c28686e {\r\ndisplay: block;\r\n}\r\n}\r\n@media screen and (min-width: 769px) and (max-width: 992px) {\r\n.enonm69ef20c28686e {\r\ndisplay: block;\r\n}\r\n}\r\n@media screen and (min-width: 768px) and (max-width: 768px) {\r\n.enonm69ef20c28686e {\r\ndisplay: none;\r\n}\r\n}\r\n@media screen and (max-width: 767px) {\r\n.enonm69ef20c28686e {\r\ndisplay: none;\r\n}\r\n}\r\n<\/style>\r\n\n\n\n\n<p>De qualquer forma, os ministros est\u00e3o cientes de que a hist\u00f3ria tem potencial para gerar impacto externo, o que pode prejudicar a imagem da Corte. Contudo, no ambiente interno, neste primeiro momento, os ministros v\u00e3o tentar se proteger, nem que seja por meio do sil\u00eancio.<\/p>\n\n\n\n<p>Das v\u00e1rias repercuss\u00f5es geradas pelo esc\u00e2ndalo do Master por Bras\u00edlia, o Banco Central e o Tribunal de Contas da Uni\u00e3o (TCU) acertaram os ponteiros para que os auditores do \u00f3rg\u00e3o de controle acessem os documentos da liquida\u00e7\u00e3o do Banco Master.<\/p>\n\n\n\n<p>A jornalistas, o presidente do TCU, ministro Vital do R\u00eago, disse que o BC concordou com a inspe\u00e7\u00e3o \u2013 motivo de atrito entre as duas institui\u00e7\u00f5es nas primeiras semanas de janeiro. Segundo ele, o processo deve durar menos de um m\u00eas e deve respeitar os limites de sigilo fiscal e criminal. Vital e o relator do processo no TCU, ministro Jhonatan de Jesus, se reuniram com o presidente do Banco Central, Gabriel Gal\u00edpolo.<\/p>\n\n\n\n<p>Embora BC e TCU tenham sinalizado que pretendem distensionar a rela\u00e7\u00e3o, o certo \u00e9 que as v\u00e1rias frentes de investiga\u00e7\u00e3o do Banco Master \u2013 seja no inqu\u00e9rito do Supremo, nas investiga\u00e7\u00f5es administrativas e at\u00e9 mesmo via CPI mista \u2013 est\u00e3o abalando as estruturas dos Poderes. Resta saber at\u00e9 quanto interessa a quem est\u00e1 no poder mexer nesse vespeiro e o quanto essas informa\u00e7\u00f5es interessam em ano eleitoral.<\/p>\n\n\n\n<p><em>Com informa\u00e7\u00f5es do Jota<\/em><\/p>\n","protected":false},"excerpt":{"rendered":"<p>H\u00e1 uma preocupa\u00e7\u00e3o entre os magistrados com o tom especulativo da trama envolvendo o ministro Dias Toffoli. <br \/><a class=\"more-link\" href=\"https:\/\/justicapotiguar.com.br\/index.php\/2026\/01\/14\/caso-master-volta-a-atormentar-stf-e-aumenta-pressao-sobre-ministros\/\">Mais&#8230;<\/a><\/p>\n","protected":false},"author":8,"featured_media":0,"comment_status":"open","ping_status":"open","sticky":false,"template":"","format":"standard","meta":[],"categories":[3],"tags":[],"_links":{"self":[{"href":"https:\/\/justicapotiguar.com.br\/index.php\/wp-json\/wp\/v2\/posts\/50015"}],"collection":[{"href":"https:\/\/justicapotiguar.com.br\/index.php\/wp-json\/wp\/v2\/posts"}],"about":[{"href":"https:\/\/justicapotiguar.com.br\/index.php\/wp-json\/wp\/v2\/types\/post"}],"author":[{"embeddable":true,"href":"https:\/\/justicapotiguar.com.br\/index.php\/wp-json\/wp\/v2\/users\/8"}],"replies":[{"embeddable":true,"href":"https:\/\/justicapotiguar.com.br\/index.php\/wp-json\/wp\/v2\/comments?post=50015"}],"version-history":[{"count":4,"href":"https:\/\/justicapotiguar.com.br\/index.php\/wp-json\/wp\/v2\/posts\/50015\/revisions"}],"predecessor-version":[{"id":50020,"href":"https:\/\/justicapotiguar.com.br\/index.php\/wp-json\/wp\/v2\/posts\/50015\/revisions\/50020"}],"wp:attachment":[{"href":"https:\/\/justicapotiguar.com.br\/index.php\/wp-json\/wp\/v2\/media?parent=50015"}],"wp:term":[{"taxonomy":"category","embeddable":true,"href":"https:\/\/justicapotiguar.com.br\/index.php\/wp-json\/wp\/v2\/categories?post=50015"},{"taxonomy":"post_tag","embeddable":true,"href":"https:\/\/justicapotiguar.com.br\/index.php\/wp-json\/wp\/v2\/tags?post=50015"}],"curies":[{"name":"wp","href":"https:\/\/api.w.org\/{rel}","templated":true}]}}