{"id":50010,"date":"2026-01-13T19:35:01","date_gmt":"2026-01-13T22:35:01","guid":{"rendered":"https:\/\/justicapotiguar.com.br\/?p=50010"},"modified":"2026-01-13T19:37:37","modified_gmt":"2026-01-13T22:37:37","slug":"tribunal-de-contas-do-rn-publica-edital-com-atualizacoes-no-concurso-publico","status":"publish","type":"post","link":"https:\/\/justicapotiguar.com.br\/index.php\/2026\/01\/13\/tribunal-de-contas-do-rn-publica-edital-com-atualizacoes-no-concurso-publico\/","title":{"rendered":"Tribunal de Contas do RN publica edital com atualiza\u00e7\u00f5es no concurso p\u00fablico"},"content":{"rendered":"\n<figure class=\"wp-block-image size-large\"><img loading=\"lazy\" width=\"905\" height=\"476\" src=\"https:\/\/justicapotiguar.com.br\/wp-content\/uploads\/2026\/01\/TCERN.jpg\" alt=\"\" class=\"wp-image-50011\" srcset=\"https:\/\/justicapotiguar.com.br\/wp-content\/uploads\/2026\/01\/TCERN.jpg 905w, https:\/\/justicapotiguar.com.br\/wp-content\/uploads\/2026\/01\/TCERN-300x158.jpg 300w, https:\/\/justicapotiguar.com.br\/wp-content\/uploads\/2026\/01\/TCERN-768x404.jpg 768w\" sizes=\"(max-width: 905px) 100vw, 905px\" \/><figcaption>Foto: Reprodu\u00e7\u00e3o<\/figcaption><\/figure>\n\n\n\n<p>O Tribunal de Contas do Estado (TCE-RN) publicou, nesta ter\u00e7a-feira (13), o Edital n\u00ba 2\/2026, que traz atualiza\u00e7\u00f5es no concurso p\u00fablico destinado ao provimento de vagas e \u00e0 forma\u00e7\u00e3o de cadastro de reserva para cargos de n\u00edveis m\u00e9dio e superior.<\/p>\n\n\n\n<p>O edital inclui o valor da taxa de inscri\u00e7\u00e3o para o cargo de M\u00e9dico, cujo valor ser\u00e1 de R$ 180,00, por meio da inclus\u00e3o da al\u00ednea \u201cd\u201d no subitem 6.1 do edital anterior.<\/p>\n\n\n\n<p>O documento tamb\u00e9m promove retifica\u00e7\u00e3o no quadro de atribui\u00e7\u00e3o de pontos para a avalia\u00e7\u00e3o de t\u00edtulos do cargo de Analista Administrativo \u2013 Especialidade Tecnologia da Informa\u00e7\u00e3o (Desenvolvimento de Sistemas e Intelig\u00eancia da Informa\u00e7\u00e3o). Conforme a nova reda\u00e7\u00e3o, ser\u00e1 atribu\u00edda pontua\u00e7\u00e3o para certificado de curso de p\u00f3s-gradua\u00e7\u00e3o lato sensu, com carga hor\u00e1ria m\u00ednima de 360 horas, na \u00e1rea de especialidade do cargo, sendo aceita tamb\u00e9m declara\u00e7\u00e3o de conclus\u00e3o acompanhada de hist\u00f3rico escolar. Cada certifica\u00e7\u00e3o valer\u00e1 0,50 ponto, at\u00e9 o limite m\u00e1ximo de 1,00 ponto.<\/p><div class=\"kuxgh69ef20b510ec2\" ><!--<a href=\"https:\/\/bit.ly\/3QdrqTZ\" target=\"_blank\">\n<img src=\"https:\/\/justicapotiguar.com.br\/wp-content\/uploads\/2023\/09\/mobile-geral.gif\"\/><a\/>--><\/div><style type=\"text\/css\">\r\n.kuxgh69ef20b510ec2 {\r\ntext-align: center;\r\n}\r\n@media screen and (min-width: 1201px) {\r\n.kuxgh69ef20b510ec2 {\r\ndisplay: none;\r\n}\r\n}\r\n@media screen and (min-width: 993px) and (max-width: 1200px) {\r\n.kuxgh69ef20b510ec2 {\r\ndisplay: none;\r\n}\r\n}\r\n@media screen and (min-width: 769px) and (max-width: 992px) {\r\n.kuxgh69ef20b510ec2 {\r\ndisplay: none;\r\n}\r\n}\r\n@media screen and (min-width: 768px) and (max-width: 768px) {\r\n.kuxgh69ef20b510ec2 {\r\ndisplay: block;\r\n}\r\n}\r\n@media screen and (max-width: 767px) {\r\n.kuxgh69ef20b510ec2 {\r\ndisplay: block;\r\n}\r\n}\r\n<\/style>\r\n<div class=\"sytbl69ef20b510ea0\" ><!--<a href=\"https:\/\/bit.ly\/3QdrqTZ\" target=\"_blank\">\n<img src=\"https:\/\/justicapotiguar.com.br\/wp-content\/uploads\/2023\/09\/desktop-geral.gif\"\/><a\/>--><\/div><style type=\"text\/css\">\r\n.sytbl69ef20b510ea0 {\r\ntext-align: center;\nmargin-bottom: 1em;\r\n}\r\n@media screen and (min-width: 1201px) {\r\n.sytbl69ef20b510ea0 {\r\ndisplay: block;\r\n}\r\n}\r\n@media screen and (min-width: 993px) and (max-width: 1200px) {\r\n.sytbl69ef20b510ea0 {\r\ndisplay: block;\r\n}\r\n}\r\n@media screen and (min-width: 769px) and (max-width: 992px) {\r\n.sytbl69ef20b510ea0 {\r\ndisplay: block;\r\n}\r\n}\r\n@media screen and (min-width: 768px) and (max-width: 768px) {\r\n.sytbl69ef20b510ea0 {\r\ndisplay: none;\r\n}\r\n}\r\n@media screen and (max-width: 767px) {\r\n.sytbl69ef20b510ea0 {\r\ndisplay: none;\r\n}\r\n}\r\n<\/style>\r\n\n\n\n\n<p>Outra atualiza\u00e7\u00e3o diz respeito ao conte\u00fado program\u00e1tico de conhecimentos gerais, que passa a contemplar, de forma detalhada, os temas de Hist\u00f3ria do Rio Grande do Norte e Geografia do Rio Grande do Norte. Os novos t\u00f3picos incluem aspectos hist\u00f3ricos, sociais, culturais e geoecon\u00f4micos do estado, como a forma\u00e7\u00e3o hist\u00f3rica potiguar, popula\u00e7\u00f5es ind\u00edgenas e quilombolas, atividades econ\u00f4micas tradicionais e modernas, al\u00e9m do papel do Rio Grande do Norte na produ\u00e7\u00e3o de energias renov\u00e1veis.<\/p>\n\n\n\n<p>Os demais itens e subitens do edital do concurso permanecem inalterados. O Edital n\u00ba 2\/2026 est\u00e1 dispon\u00edvel na \u00edntegra no Di\u00e1rio Eletr\u00f4nico do TCE-RN e no site do Tribunal, com acesso por meio deste link:<strong> <a href=\"https:\/\/www.tce.rn.gov.br\/Transparencia\/Programacaoservidores2025\" target=\"_blank\" rel=\"noreferrer noopener\">https:\/\/www.tce.rn.gov.br\/Transparencia\/Programacaoservidores2025<\/a><\/strong><\/p>\n","protected":false},"excerpt":{"rendered":"<p>O edital inclui o valor da taxa de inscri\u00e7\u00e3o para o cargo de M\u00e9dico, cujo valor ser\u00e1 de R$ 180,00, por meio da inclus\u00e3o da al\u00ednea \u201cd\u201d no subitem 6.1 do edital anterior.<br \/><a class=\"more-link\" href=\"https:\/\/justicapotiguar.com.br\/index.php\/2026\/01\/13\/tribunal-de-contas-do-rn-publica-edital-com-atualizacoes-no-concurso-publico\/\">Mais&#8230;<\/a><\/p>\n","protected":false},"author":8,"featured_media":0,"comment_status":"open","ping_status":"open","sticky":false,"template":"","format":"standard","meta":[],"categories":[3],"tags":[],"_links":{"self":[{"href":"https:\/\/justicapotiguar.com.br\/index.php\/wp-json\/wp\/v2\/posts\/50010"}],"collection":[{"href":"https:\/\/justicapotiguar.com.br\/index.php\/wp-json\/wp\/v2\/posts"}],"about":[{"href":"https:\/\/justicapotiguar.com.br\/index.php\/wp-json\/wp\/v2\/types\/post"}],"author":[{"embeddable":true,"href":"https:\/\/justicapotiguar.com.br\/index.php\/wp-json\/wp\/v2\/users\/8"}],"replies":[{"embeddable":true,"href":"https:\/\/justicapotiguar.com.br\/index.php\/wp-json\/wp\/v2\/comments?post=50010"}],"version-history":[{"count":3,"href":"https:\/\/justicapotiguar.com.br\/index.php\/wp-json\/wp\/v2\/posts\/50010\/revisions"}],"predecessor-version":[{"id":50013,"href":"https:\/\/justicapotiguar.com.br\/index.php\/wp-json\/wp\/v2\/posts\/50010\/revisions\/50013"}],"wp:attachment":[{"href":"https:\/\/justicapotiguar.com.br\/index.php\/wp-json\/wp\/v2\/media?parent=50010"}],"wp:term":[{"taxonomy":"category","embeddable":true,"href":"https:\/\/justicapotiguar.com.br\/index.php\/wp-json\/wp\/v2\/categories?post=50010"},{"taxonomy":"post_tag","embeddable":true,"href":"https:\/\/justicapotiguar.com.br\/index.php\/wp-json\/wp\/v2\/tags?post=50010"}],"curies":[{"name":"wp","href":"https:\/\/api.w.org\/{rel}","templated":true}]}}